{"id":18604,"date":"2023-04-21T08:52:03","date_gmt":"2023-04-21T06:52:03","guid":{"rendered":"http:\/\/reteitalianaism.it\/reteism\/?p=18604"},"modified":"2023-04-21T08:53:08","modified_gmt":"2023-04-21T06:53:08","slug":"un-prigioniero-palestinese-rischia-la-morte-imminente-al-75-giorno-di-sciopero-della-fame","status":"publish","type":"post","link":"https:\/\/reteitalianaism.it\/reteism\/index.php\/2023\/04\/21\/un-prigioniero-palestinese-rischia-la-morte-imminente-al-75-giorno-di-sciopero-della-fame\/","title":{"rendered":"Un prigioniero palestinese rischia la &#8220;morte imminente&#8221; al 75\u00b0 giorno di sciopero della fame"},"content":{"rendered":"<p><a href=\"https:\/\/www.972mag.com\/khader-adnan-hunger-strike\/\">https:\/\/www.972mag.com\/<\/a><\/p>\n<p style=\"text-align: justify;\"><strong>20 aprile 2023\u00a0 \u00a0 \u00a0 \u00a0 \u00a0<\/strong> <em> Baker Zoubi<\/em><\/p>\n<p style=\"text-align: justify;\">Nonostante il deterioramento delle condizioni di Khader Adnan, Israele si rifiuta di trasferirlo in un ospedale o di farlo visitare da gruppi per i diritti umani.<\/p>\n<div id=\"attachment_18605\" style=\"width: 507px\" class=\"wp-caption aligncenter\"><a href=\"http:\/\/reteitalianaism.it\/reteism\/index.php\/2023\/04\/21\/un-prigioniero-palestinese-rischia-la-morte-imminente-al-75-giorno-di-sciopero-della-fame\/main_image40513_medium-1000x668\/\" rel=\"attachment wp-att-18605\"><img loading=\"lazy\" decoding=\"async\" aria-describedby=\"caption-attachment-18605\" class=\" wp-image-18605\" src=\"http:\/\/reteitalianaism.it\/reteism\/wp-content\/uploads\/2023\/04\/main_image40513_medium-1000x668-1-300x200.jpeg\" alt=\"\" width=\"497\" height=\"331\" srcset=\"https:\/\/reteitalianaism.it\/reteism\/wp-content\/uploads\/2023\/04\/main_image40513_medium-1000x668-1-300x200.jpeg 300w, https:\/\/reteitalianaism.it\/reteism\/wp-content\/uploads\/2023\/04\/main_image40513_medium-1000x668-1-768x513.jpeg 768w, https:\/\/reteitalianaism.it\/reteism\/wp-content\/uploads\/2023\/04\/main_image40513_medium-1000x668-1.jpeg 1000w\" sizes=\"auto, (max-width: 497px) 100vw, 497px\" \/><\/a><p id=\"caption-attachment-18605\" class=\"wp-caption-text\">Il palestinese Khader Adnan riceve cure ospedaliere dopo aver concluso uno sciopero della fame di 56 giorni contro la sua detenzione amministrativa nella prigione israeliana, Gerusalemme Est, 16 luglio 2015. (Faiz Abu Rmeleh\/Activestills)<\/p><\/div>\n<p style=\"text-align: justify;\">Negli ultimi 75 giorni, il prigioniero palestinese Khader Adnan ha fatto uno sciopero della fame per protestare contro la sua detenzione. Nonostante il peggioramento della sua salute, luned\u00ec un tribunale militare israeliano ha rinviato la decisione sulla richiesta di rilascio di Adnan fino al 27 aprile, o fino a quando il tribunale non vedr\u00e0 un rapporto che riassuma la salute del prigioniero.<!--more--><\/p>\n<p style=\"text-align: justify;\">Adnan, 45 anni, che \u00e8 sposato e ha nove figli, \u00e8 diventato un simbolo tra i palestinesi dopo essere stato arrestato da Israele 12 volte, aver trascorso un totale di otto anni dietro le sbarre e aver fatto lo sciopero della fame cinque volte. In passato, gli scioperi della fame di Adnan erano contro la sua detenzione amministrativa, un metodo comune utilizzato da Israele per trattenere i palestinesi senza sporgere denuncia, dire loro di quali crimini sono accusati o presentare le prove contro di loro.<\/p>\n<p style=\"text-align: justify;\">Il precedente sciopero della fame di Adnan, nel 2018, \u00e8 durato quasi 60 giorni, fino a quando \u00e8 stato rilasciato dal carcere sulla base del tempo scontato dopo aver finalmente ricevuto una condanna a un anno. Nel 2015, anche lo sciopero della fame di 54 giorni di Adnan, che lo ha portato sull&#8217;orlo della morte, si \u00e8 concluso con un accordo per il suo rilascio. Tre anni prima, Adnan aveva fatto uno sciopero della fame per 66 giorni, accettando ancora una volta di porre fine alla sua protesta in cambio del suo rilascio dal carcere.<\/p>\n<p style=\"text-align: justify;\">Questa volta l&#8217;arresto di Adnan non \u00e8 amministrativo, ma segue un atto d&#8217;accusa. Secondo l&#8217;avvocato di Adnan, Jamil Khatib, Adnan \u00e8 stato incriminato per appartenenza a un&#8217;organizzazione proscritta, la Jihad islamica, che secondo l&#8217;avvocato \u201cnon era basata su alcuna prova o addirittura su una confessione, ma piuttosto su incriminazioni da parte di persone che non lo conoscevano. La seconda accusa \u00e8 istigazione, basata sull&#8217;intelligence dell&#8217;unit\u00e0 informatica israeliana dai discorsi [di Adnan] pubblicati sui media, che sostiene essere considerati istigazione&#8221;.<\/p>\n<p style=\"text-align: justify;\">Anche se la sua salute \u00e8 peggiorata a causa del prolungato sciopero della fame, Adnan ha ripetutamente rifiutato di essere esaminato dal team medico dell&#8217;Israel Prison Service (IPS), che ha scritto il rapporto sulle sue condizioni mediche senza un esame.<\/p>\n<div id=\"attachment_18608\" style=\"width: 500px\" class=\"wp-caption aligncenter\"><a href=\"http:\/\/reteitalianaism.it\/reteism\/index.php\/2023\/04\/21\/un-prigioniero-palestinese-rischia-la-morte-imminente-al-75-giorno-di-sciopero-della-fame\/f120221sk86-1280x888\/\" rel=\"attachment wp-att-18608\"><img loading=\"lazy\" decoding=\"async\" aria-describedby=\"caption-attachment-18608\" class=\" wp-image-18608\" src=\"http:\/\/reteitalianaism.it\/reteism\/wp-content\/uploads\/2023\/04\/F120221SK86-1280x888-1-300x208.jpeg\" alt=\"\" width=\"490\" height=\"340\" srcset=\"https:\/\/reteitalianaism.it\/reteism\/wp-content\/uploads\/2023\/04\/F120221SK86-1280x888-1-300x208.jpeg 300w, https:\/\/reteitalianaism.it\/reteism\/wp-content\/uploads\/2023\/04\/F120221SK86-1280x888-1-1024x710.jpeg 1024w, https:\/\/reteitalianaism.it\/reteism\/wp-content\/uploads\/2023\/04\/F120221SK86-1280x888-1-768x533.jpeg 768w, https:\/\/reteitalianaism.it\/reteism\/wp-content\/uploads\/2023\/04\/F120221SK86-1280x888-1.jpeg 1280w\" sizes=\"auto, (max-width: 490px) 100vw, 490px\" \/><\/a><p id=\"caption-attachment-18608\" class=\"wp-caption-text\">Palestinesi marciano per le strade di Gerusalemme in solidariet\u00e0 con il prigioniero in sciopero della fame Khader Adnan, 21 febbraio 2012. (Sliman Khader\/Flash90)<\/p><\/div>\n<p>Le ripetute richieste di Khatib di trasferire Adnan in un ospedale a causa del\u00a0 peggioramento della sua salute sono state finora rifiutate, e rimane ricoverato nella clinica della prigione di Ramla. Israele ha negato a Randa Adnan, sua moglie, le visite durante lo sciopero della fame. &#8220;Khader \u00e8 sdraiato sul letto, non si muove, il suo corpo \u00e8 giallo, non riesce a stare in piedi, parla a malapena&#8221;, ha detto Randa. \u201cQuesto non \u00e8 il suo primo sciopero della fame, ma finora \u00e8 il pi\u00f9 lungo. Il suo primo sciopero nel 2011 \u00e8 durato 67 giorni, ma poi, il giorno 55, gli sono state somministrate due pillole di calcio e potassio. Oggi non prende altro che acqua. Le sue condizioni sono molto gravi\u201d.<\/p>\n<p style=\"text-align: justify;\">Randa ha detto che molti funzionari, cos\u00ec come Physicians for Human Rights-Israel, hanno tentato di visitare suo marito per controllare le sue condizioni, ma l&#8217;IPS non lo permetter\u00e0. Secondo lei, Adnan si rifiuta di fornire qualsiasi informazione sulla sua salute perch\u00e9 potrebbe servire alle autorit\u00e0 israeliane.<\/p>\n<p style=\"text-align: justify;\">Questa settimana, il Club dei prigionieri palestinesi ha annunciato che Adnan ha raggiunto una fase pericolosa e che rischia una &#8220;morte imminente&#8221;. L&#8217;organizzazione ha inoltre invitato le autorit\u00e0, cos\u00ec come la comunit\u00e0 internazionale e i gruppi per i diritti umani, &#8220;a intervenire per salvare la vita di Adnan prima che sia troppo tardi&#8221;.<\/p>\n<p style=\"text-align: justify;\">False voci sulla morte di Adnan si sono diffuse all&#8217;inizio di questa settimana, provocando una breve tempesta di fuoco sui social media che si \u00e8 placata solo dopo che Israele ha confutato la notizia.<\/p>\n<p style=\"text-align: justify;\">&#8220;Adnan \u00e8 considerato molto importante nella strada palestinese&#8221;, ha detto Randa. \u201cLa falsa notizia sulla sua morte ha causato una grande tempesta. Non siamo sorpresi da questa notizia. Credo che l&#8217;occupazione stia cercando di preparare la strada palestinese per ci\u00f2 che potrebbe accadere [se dovesse morire].<\/p>\n<p style=\"text-align: justify;\">\u201cNonostante la sua terribile situazione, finora ha rifiutato qualsiasi trattativa e chiede il suo rilascio immediato. Sono molto preoccupato per la sua vita e il mio cuore quasi si ferma ogni volta che squilla il telefono. Sappiamo che in qualsiasi momento potremmo essere informati della sua morte\u201d.<\/p>\n","protected":false},"excerpt":{"rendered":"<p>https:\/\/www.972mag.com\/ 20 aprile 2023\u00a0 \u00a0 \u00a0 \u00a0 \u00a0 Baker Zoubi Nonostante il deterioramento delle condizioni di Khader Adnan, Israele si rifiuta di trasferirlo in un ospedale o di farlo visitare da gruppi per i diritti umani. Negli ultimi 75 giorni, &hellip; <a href=\"https:\/\/reteitalianaism.it\/reteism\/index.php\/2023\/04\/21\/un-prigioniero-palestinese-rischia-la-morte-imminente-al-75-giorno-di-sciopero-della-fame\/\">Continue reading <span class=\"meta-nav\">&rarr;<\/span><\/a><\/p>\n","protected":false},"author":2,"featured_media":0,"comment_status":"open","ping_status":"open","sticky":false,"template":"","format":"standard","meta":{"footnotes":""},"categories":[3,67],"tags":[70,22,23,44],"class_list":["post-18604","post","type-post","status-publish","format-standard","hentry","category-info","category-prigionieri","tag-detenzione-amministrativa","tag-diritti-prigionieri","tag-diritti-umani","tag-sciopero-della-fame-2"],"_links":{"self":[{"href":"https:\/\/reteitalianaism.it\/reteism\/index.php\/wp-json\/wp\/v2\/posts\/18604","targetHints":{"allow":["GET"]}}],"collection":[{"href":"https:\/\/reteitalianaism.it\/reteism\/index.php\/wp-json\/wp\/v2\/posts"}],"about":[{"href":"https:\/\/reteitalianaism.it\/reteism\/index.php\/wp-json\/wp\/v2\/types\/post"}],"author":[{"embeddable":true,"href":"https:\/\/reteitalianaism.it\/reteism\/index.php\/wp-json\/wp\/v2\/users\/2"}],"replies":[{"embeddable":true,"href":"https:\/\/reteitalianaism.it\/reteism\/index.php\/wp-json\/wp\/v2\/comments?post=18604"}],"version-history":[{"count":4,"href":"https:\/\/reteitalianaism.it\/reteism\/index.php\/wp-json\/wp\/v2\/posts\/18604\/revisions"}],"predecessor-version":[{"id":18610,"href":"https:\/\/reteitalianaism.it\/reteism\/index.php\/wp-json\/wp\/v2\/posts\/18604\/revisions\/18610"}],"wp:attachment":[{"href":"https:\/\/reteitalianaism.it\/reteism\/index.php\/wp-json\/wp\/v2\/media?parent=18604"}],"wp:term":[{"taxonomy":"category","embeddable":true,"href":"https:\/\/reteitalianaism.it\/reteism\/index.php\/wp-json\/wp\/v2\/categories?post=18604"},{"taxonomy":"post_tag","embeddable":true,"href":"https:\/\/reteitalianaism.it\/reteism\/index.php\/wp-json\/wp\/v2\/tags?post=18604"}],"curies":[{"name":"wp","href":"https:\/\/api.w.org\/{rel}","templated":true}]}}