{"id":18639,"date":"2023-04-29T10:18:33","date_gmt":"2023-04-29T08:18:33","guid":{"rendered":"http:\/\/reteitalianaism.it\/reteism\/?p=18639"},"modified":"2023-05-03T08:22:42","modified_gmt":"2023-05-03T06:22:42","slug":"le-forze-israeliane-uccidono-un-adolescente-vicino-a-betlemme","status":"publish","type":"post","link":"https:\/\/reteitalianaism.it\/reteism\/index.php\/2023\/04\/29\/le-forze-israeliane-uccidono-un-adolescente-vicino-a-betlemme\/","title":{"rendered":"Le forze israeliane uccidono un adolescente vicino a Betlemme"},"content":{"rendered":"<p><a href=\"https:\/\/electronicintifada.net\/blogs\/maureen-clare-murphy\/israeli-forces-kill-teen-near-bethlehem\">https:\/\/electronicintifada.net\/<\/a><br \/>\n<strong>28 aprile 2023\u00a0 \u00a0 \u00a0 \u00a0 \u00a0 \u00a0 <\/strong><em>Maureen Clare Murphy<\/em><\/p>\n<p>Le forze di occupazione israeliane hanno sparato e ucciso un adolescente a Tuqu, un villaggio vicino alla citt\u00e0 di Betlemme, in Cisgiordania, venerd\u00ec.<\/p>\n<div id=\"attachment_18640\" style=\"width: 507px\" class=\"wp-caption aligncenter\"><a href=\"http:\/\/reteitalianaism.it\/reteism\/index.php\/2023\/04\/29\/le-forze-israeliane-uccidono-un-adolescente-vicino-a-betlemme\/280423_bethlehem_at_00_22\/\" rel=\"attachment wp-att-18640\"><img loading=\"lazy\" decoding=\"async\" aria-describedby=\"caption-attachment-18640\" class=\" wp-image-18640\" src=\"http:\/\/reteitalianaism.it\/reteism\/wp-content\/uploads\/2023\/04\/280423_bethlehem_at_00_22-300x200.jpeg\" alt=\"\" width=\"497\" height=\"331\" srcset=\"https:\/\/reteitalianaism.it\/reteism\/wp-content\/uploads\/2023\/04\/280423_bethlehem_at_00_22-300x200.jpeg 300w, https:\/\/reteitalianaism.it\/reteism\/wp-content\/uploads\/2023\/04\/280423_bethlehem_at_00_22-768x512.jpeg 768w, https:\/\/reteitalianaism.it\/reteism\/wp-content\/uploads\/2023\/04\/280423_bethlehem_at_00_22.jpeg 800w\" sizes=\"auto, (max-width: 497px) 100vw, 497px\" \/><\/a><p id=\"caption-attachment-18640\" class=\"wp-caption-text\">I parenti di Mustafa Amer Sabbah portano il corpo del quindicenne fuori da un ospedale nella citt\u00e0 di Betlemme, in Cisgiordania, dopo che il ragazzo \u00e8 stato ucciso dalle forze israeliane, il 28 aprile. Ahmad TayemImmagini dell&#8217;APA<\/p><\/div>\n<p style=\"text-align: justify;\">Il giorno precedente, un uomo palestinese \u00e8 stato colpito e ucciso a distanza ravvicinata in quella che potrebbe equivalere a un&#8217;esecuzione extragiudiziale.<\/p>\n<p style=\"text-align: justify;\">Defence for Children International-Palestine ha detto che Mustafa Amer Ali Sabbah, 15 anni, \u00e8 stato colpito al cuore con proiettili veri venerd\u00ec pomeriggio. \u00c8 stato il 19esimo bambino palestinese ucciso finora dalle forze israeliane quest&#8217;anno, ha aggiunto il gruppo per i diritti umani.<!--more--><\/p>\n<blockquote class=\"twitter-tweet\" data-width=\"550\" data-dnt=\"true\">\n<p lang=\"en\" dir=\"ltr\">Israeli forces shot and killed 15-year-old Mustafa Amer Ali Sabbah around 2 p.m. today in the village of Tuqu, near Bethlehem in the occupied West Bank. Mustafa was shot with live ammunition in the heart. <\/p>\n<p>He is the 19th Palestinian child killed by Israeli forces in 2023. <a href=\"https:\/\/t.co\/uRpPKpxXxr\">pic.twitter.com\/uRpPKpxXxr<\/a><\/p>\n<p>&mdash; Defense for Children (@DCIPalestine) <a href=\"https:\/\/twitter.com\/DCIPalestine\/status\/1651992418265231363?ref_src=twsrc%5Etfw\">April 28, 2023<\/a><\/p><\/blockquote>\n<p><script async src=\"https:\/\/platform.twitter.com\/widgets.js\" charset=\"utf-8\"><\/script><\/p>\n<p style=\"text-align: justify;\">\nL&#8217;agenzia di stampa palestinese ufficiale WAFA ha affermato che il ragazzo \u00e8 stato ucciso durante gli scontri con l&#8217;esercito israeliano.<br \/>\nI militari hanno tentato di giustificare l&#8217;uccisione dell&#8217;adolescente dicendo ai media israeliani che &#8220;era stato coinvolto in precedenti rivolte&#8221;.<\/p>\n<p style=\"text-align: justify;\">Venerd\u00ec scorso, le forze israeliane hanno fatto irruzione nella citt\u00e0 di Jenin, nel nord della Cisgiordania, confiscando armi e arrestando un palestinese accusato di coinvolgimento nella resistenza armata.<\/p>\n<p style=\"text-align: justify;\">I residenti hanno affrontato i soldati che hanno fatto irruzione, provocando il ferimento di due palestinesi, ha riferito Al Jazeera.<\/p>\n<p style=\"text-align: justify;\"><strong>Ufficiale delle forze di sicurezza ucciso<\/strong><br \/>\nGioved\u00ec, le forze israeliane hanno sparato e ucciso Ahmad Yaqoub Taha, 39 anni, su una strada vicino alla citt\u00e0 di Salfit, in Cisgiordania.<\/p>\n<blockquote class=\"twitter-tweet\" data-width=\"550\" data-dnt=\"true\">\n<p lang=\"ar\" dir=\"rtl\">\u0635\u0648\u0631\u0629 \u0627\u0644\u0634\u0647\u064a\u062f \u0623\u062d\u0645\u062f \u064a\u0639\u0642\u0648\u0628 \u0637\u0647 (39 \u0639\u0627\u0645\u0627\u064b)\u00a0\u0648\u0627\u0644\u0630\u064a \u0627\u0631\u062a\u0642\u0649 \u0628\u0631\u0635\u0627\u0635 \u0627\u0644\u0627\u062d\u062a\u0644\u0627\u0644 \u0642\u0631\u0628 \u0633\u0644\u0641\u064a\u062a \u0627\u0644\u064a\u0648\u0645 <a href=\"https:\/\/t.co\/VaKR7ISUAg\">pic.twitter.com\/VaKR7ISUAg<\/a><\/p>\n<p>&mdash; \u0627\u0644\u0642\u0633\u0637\u0644 \u0627\u0644\u0625\u062e\u0628\u0627\u0631\u064a (@AlQastalps) <a href=\"https:\/\/twitter.com\/AlQastalps\/status\/1651660253904117769?ref_src=twsrc%5Etfw\">April 27, 2023<\/a><\/p><\/blockquote>\n<p><script async src=\"https:\/\/platform.twitter.com\/widgets.js\" charset=\"utf-8\"><\/script><\/p>\n<p style=\"text-align: justify;\">\nIl video dell&#8217;incidente sembra mostrare Taha che scende da un&#8217;auto e si lancia verso un agente prima di cadere a terra. Il video mostra un soldato che apparentemente spara a Taha diverse volte mentre era a terra e presumibilmente non rappresentava un pericolo immediato.<\/p>\n<blockquote class=\"twitter-tweet\" data-width=\"550\" data-dnt=\"true\">\n<p lang=\"ar\" dir=\"rtl\">\u0645\u0642\u0637\u0639 \u0641\u064a\u062f\u064a\u0648 \u064a\u0648\u062b\u0651\u0642 \u0644\u062d\u0638\u0629 \u0625\u0637\u0644\u0627\u0642 \u0642\u0648\u0627\u062a \u0627\u0644\u0627\u062d\u062a\u0644\u0627\u0644 \u0627\u0644\u0646\u0627\u0631 \u062a\u062c\u0627\u0647 \u0634\u0627\u0628 \u0641\u0644\u0633\u0637\u064a\u0646\u064a \u0628\u0632\u0639\u0645 \u0645\u062d\u0627\u0648\u0644\u062a\u0647 \u062a\u0646\u0641\u064a\u0630 \u0639\u0645\u0644\u064a\u0629 \u0637\u0639\u0646 \u0642\u0631\u0628 \u0633\u0644\u0641\u064a\u062a <a href=\"https:\/\/t.co\/E1unVyKojg\">pic.twitter.com\/E1unVyKojg<\/a><\/p>\n<p>&mdash; \u0627\u0644\u0642\u0633\u0637\u0644 \u0627\u0644\u0625\u062e\u0628\u0627\u0631\u064a (@AlQastalps) <a href=\"https:\/\/twitter.com\/AlQastalps\/status\/1651612279891271681?ref_src=twsrc%5Etfw\">April 27, 2023<\/a><\/p><\/blockquote>\n<p><script async src=\"https:\/\/platform.twitter.com\/widgets.js\" charset=\"utf-8\"><\/script><\/p>\n<p style=\"text-align: justify;\">Il Times of Israel, citando l&#8217;esercito israeliano, ha affermato che Taha ha guidato nella corsia opposta di un&#8217;autostrada &#8220;e ha cercato di slanciare la sua auto contro civili e forze di sicurezza&#8221; a un incrocio vicino all&#8217;insediamento di Ariel in Cisgiordania.<br \/>\n&#8220;Il sospetto \u00e8 poi sceso dalla sua auto mentre presumibilmente brandiva un coltello, prima di essere ucciso dalle truppe&#8221;, ha aggiunto la pubblicazione.<\/p>\n<p style=\"text-align: justify;\">Nessun israeliano \u00e8 rimasto ferito durante l&#8217;incidente, ma secondo quanto riferito un passante palestinese \u00e8 rimasto leggermente ferito.<\/p>\n<p style=\"text-align: justify;\">Secondo quanto riferito, Taha era un membro delle forze di sicurezza dell&#8217;Autorit\u00e0 palestinese.<\/p>\n<p style=\"text-align: justify;\">Suleiman Taha, il fratello dell&#8217;uomo ucciso, ha espresso incredulit\u00e0 nei confronti dell&#8217;affermazione di Israele secondo cui Taha aveva tentato un attacco.<\/p>\n<p style=\"text-align: justify;\">&#8220;Questo \u00e8 un padre di due bambini piccoli, un uomo che lavora nelle forze di sicurezza molto impegnato nel suo lavoro&#8221;, ha detto Suleiman al quotidiano di Tel Aviv Haaretz.<\/p>\n<p style=\"text-align: justify;\">&#8220;Affermare che abbia tentato o pianificato di effettuare un attacco non ha senso&#8221;, ha aggiunto.<\/p>\n<p style=\"text-align: justify;\"><strong>Aumento della violenza<\/strong><br \/>\nLuned\u00ec, le forze israeliane hanno ucciso due palestinesi in incidenti separati.<\/p>\n<p style=\"text-align: justify;\">Con quattro palestinesi uccisi questa settimana, il numero delle vittime \u00e8 di nuovo in aumento dopo una pausa verso la fine del Ramadan e durante la festa dell&#8217;Eid che segue il mese di digiuno.<\/p>\n<p style=\"text-align: justify;\">Secondo quanto riferito, Israele \u00e8 stato messo sotto pressione da parte dell&#8217;amministrazione Biden a Washington per ridurre la tensione dopo che \u00e8 stato documentato che la polizia aggrediva i fedeli del Ramadan alla moschea di al-Aqsa di Gerusalemme.<\/p>\n<p style=\"text-align: justify;\">Gruppi armati in Libano e a Gaza hanno lanciato razzi contro Israele in seguito agli assalti ad al-Aqsa, alimentando i timori di una guerra regionale che non si \u00e8 avverata.<\/p>\n<p style=\"text-align: justify;\">Ulteriori violenze mortali in Cisgiordania, tuttavia, sembrano quasi garantite poich\u00e9 Israele ha informato la famiglia di un palestinese imprigionato accusato di aver ucciso un soldato che intende demolire la loro casa nella citt\u00e0 di Nablus, nel nord della Cisgiordania.<\/p>\n<p style=\"text-align: justify;\">Un ordine di demolizione \u00e8 gi\u00e0 stato imposto alla famiglia di un altro palestinese che secondo Israele \u00e8 stato coinvolto nell&#8217;attentato di ottobre.<\/p>\n<p style=\"text-align: justify;\">Le demolizioni punitive di case sono una forma di punizione collettiva vietata dal diritto internazionale.<\/p>\n<p style=\"text-align: justify;\">L&#8217;anno scorso, Israele ha sigillato o distrutto in modo punitivo 11 case appartenenti alle famiglie dei palestinesi accusati di attacchi, secondo il gruppo di monitoraggio delle Nazioni Unite OCHA. Altre centinaia di strutture di propriet\u00e0 palestinese sono state rase al suolo o sequestrate con il pretesto che erano state costruite senza permesso.<\/p>\n<p style=\"text-align: justify;\">Tre palestinesi sono morti per le ferite riportate durante un raid punitivo di demolizione di case nel villaggio di Kafr Dan vicino a Jenin all&#8217;inizio di gennaio.<\/p>\n<p style=\"text-align: justify;\">Pi\u00f9 di 100 palestinesi sono stati uccisi dalla polizia, dai soldati e dai civili armati israeliani dall&#8217;inizio dell&#8217;anno, secondo il monitoraggio di The Electronic Intifada.<\/p>\n<p style=\"text-align: justify;\">Venti israeliani e cittadini stranieri sono stati uccisi da palestinesi nello stesso periodo o sono morti per ferite riportate in precedenza.<\/p>\n","protected":false},"excerpt":{"rendered":"<p>https:\/\/electronicintifada.net\/ 28 aprile 2023\u00a0 \u00a0 \u00a0 \u00a0 \u00a0 \u00a0 Maureen Clare Murphy Le forze di occupazione israeliane hanno sparato e ucciso un adolescente a Tuqu, un villaggio vicino alla citt\u00e0 di Betlemme, in Cisgiordania, venerd\u00ec. Il giorno precedente, un uomo &hellip; <a href=\"https:\/\/reteitalianaism.it\/reteism\/index.php\/2023\/04\/29\/le-forze-israeliane-uccidono-un-adolescente-vicino-a-betlemme\/\">Continue reading <span class=\"meta-nav\">&rarr;<\/span><\/a><\/p>\n","protected":false},"author":2,"featured_media":0,"comment_status":"open","ping_status":"open","sticky":false,"template":"","format":"standard","meta":{"footnotes":""},"categories":[3],"tags":[88,23,51,155],"class_list":["post-18639","post","type-post","status-publish","format-standard","hentry","category-info","tag-betlemme","tag-diritti-umani","tag-violenza-sui-minori","tag-west-bank-occupata"],"_links":{"self":[{"href":"https:\/\/reteitalianaism.it\/reteism\/index.php\/wp-json\/wp\/v2\/posts\/18639","targetHints":{"allow":["GET"]}}],"collection":[{"href":"https:\/\/reteitalianaism.it\/reteism\/index.php\/wp-json\/wp\/v2\/posts"}],"about":[{"href":"https:\/\/reteitalianaism.it\/reteism\/index.php\/wp-json\/wp\/v2\/types\/post"}],"author":[{"embeddable":true,"href":"https:\/\/reteitalianaism.it\/reteism\/index.php\/wp-json\/wp\/v2\/users\/2"}],"replies":[{"embeddable":true,"href":"https:\/\/reteitalianaism.it\/reteism\/index.php\/wp-json\/wp\/v2\/comments?post=18639"}],"version-history":[{"count":2,"href":"https:\/\/reteitalianaism.it\/reteism\/index.php\/wp-json\/wp\/v2\/posts\/18639\/revisions"}],"predecessor-version":[{"id":18642,"href":"https:\/\/reteitalianaism.it\/reteism\/index.php\/wp-json\/wp\/v2\/posts\/18639\/revisions\/18642"}],"wp:attachment":[{"href":"https:\/\/reteitalianaism.it\/reteism\/index.php\/wp-json\/wp\/v2\/media?parent=18639"}],"wp:term":[{"taxonomy":"category","embeddable":true,"href":"https:\/\/reteitalianaism.it\/reteism\/index.php\/wp-json\/wp\/v2\/categories?post=18639"},{"taxonomy":"post_tag","embeddable":true,"href":"https:\/\/reteitalianaism.it\/reteism\/index.php\/wp-json\/wp\/v2\/tags?post=18639"}],"curies":[{"name":"wp","href":"https:\/\/api.w.org\/{rel}","templated":true}]}}