{"id":18654,"date":"2023-05-02T20:49:02","date_gmt":"2023-05-02T18:49:02","guid":{"rendered":"http:\/\/reteitalianaism.it\/reteism\/?p=18654"},"modified":"2023-05-09T15:05:18","modified_gmt":"2023-05-09T13:05:18","slug":"muore-nelle-carceri-israeliane-uno-prigioniero-palestinese-in-sciopero-della-fame","status":"publish","type":"post","link":"https:\/\/reteitalianaism.it\/reteism\/index.php\/2023\/05\/02\/muore-nelle-carceri-israeliane-uno-prigioniero-palestinese-in-sciopero-della-fame\/","title":{"rendered":"Muore nelle carceri israeliane un prigioniero palestinese in sciopero della fame"},"content":{"rendered":"<p>2 maggio 2023<\/p>\n<p><a href=\"https:\/\/qudsnen.co\/palestinian-hunger-striker-dies-in-israeli-prisons\/\">https:\/\/qudsnen.co\/palestinian-hunger-striker-dies-in-israeli-prisons\/<\/a><\/p>\n<p><a href=\"http:\/\/reteitalianaism.it\/reteism\/wp-content\/uploads\/2023\/05\/AFC24445-B1F3-43FC-8244-7AC6F0708F32.jpeg\"><img loading=\"lazy\" decoding=\"async\" class=\" wp-image-18655 aligncenter\" src=\"http:\/\/reteitalianaism.it\/reteism\/wp-content\/uploads\/2023\/05\/AFC24445-B1F3-43FC-8244-7AC6F0708F32-300x169.jpeg\" alt=\"\" width=\"437\" height=\"246\" srcset=\"https:\/\/reteitalianaism.it\/reteism\/wp-content\/uploads\/2023\/05\/AFC24445-B1F3-43FC-8244-7AC6F0708F32-300x169.jpeg 300w, https:\/\/reteitalianaism.it\/reteism\/wp-content\/uploads\/2023\/05\/AFC24445-B1F3-43FC-8244-7AC6F0708F32-768x432.jpeg 768w, https:\/\/reteitalianaism.it\/reteism\/wp-content\/uploads\/2023\/05\/AFC24445-B1F3-43FC-8244-7AC6F0708F32.jpeg 976w\" sizes=\"auto, (max-width: 437px) 100vw, 437px\" \/><\/a>Cisgiordania occupata (QNN) &#8211; Il prigioniero palestinese Khader Adnan \u00e8 morto marted\u00ec in una prigione israeliana dopo 87 giorni di sciopero della fame per protestare contro la sua detenzione da parte dell&#8217;occupazione israeliana.<\/p>\n<p>Adnan &#8220;ha rifiutato di sottoporsi a esami medici e ricevere cure mediche&#8221; ed \u00e8 &#8220;stato trovato privo di sensi nella cella&#8221; marted\u00ec mattina presto, ha detto il servizio penitenziario israeliano.<\/p>\n<p>Adnan ha iniziato il suo sciopero della fame da quando \u00e8 stato arrestato dalle forze israeliane il 5 febbraio.<!--more--><\/p>\n<p>Adnan, un 44enne residente nella citt\u00e0 di Arraba vicino a Jenin e padre di 9 figli, si era rifiutato di mangiare per 87 giorni per protestare contro la sua detenzione senza accusa da parte di &#8220;Israele&#8221;.<\/p>\n<p>La sua salute era peggiorata nelle ultime settimane, con la sua famiglia che lanciava l&#8217;allarme che Adnan stava morendo. Nonostante il deterioramento della sua salute, un tribunale militare israeliano ha ritardato pi\u00f9 volte la decisione sulla richiesta di rilascio di Adnan.<\/p>\n<p>Anche le ripetute richieste di trasferimento di Adnan in ospedale a causa del suo peggioramento della salute sono state respinte, ed \u00e8 rimasto ricoverato nella clinica del carcere di Ramla, priva di specialisti e di adeguate forniture mediche.<\/p>\n<p>Adnan \u00e8 diventato un simbolo di resistenza tra i palestinesi dopo essere stato arrestato da &#8220;Israele&#8221; 12 volte e aver trascorso un totale di 8 anni dietro le sbarre, e aver fatto lo sciopero della fame 5 volte.<\/p>\n<p>Nel 2018, il suo sciopero della fame \u00e8 durato quasi 60 giorni, fino a quando \u00e8 stato rilasciato dal carcere dopo aver finalmente ricevuto una condanna a un anno. Nel 2015, anche lo sciopero della fame di 54 giorni di Adnan, che lo ha portato sull&#8217;orlo della morte, si \u00e8 concluso con un accordo per il suo rilascio. Nel 2012, Adnan ha intrapreso uno sciopero della fame per 66 giorni, accettando nuovamente di porre fine alla sua protesta in cambio del suo rilascio dal carcere.<\/p>\n<p>Gli scioperi della fame di Adnan in passato erano contro la sua detenzione amministrativa, un metodo comune utilizzato da \u201cIsraele\u201d per trattenere i palestinesi senza accusa n\u00e9 processo. L&#8217;arresto di quest&#8217;anno non \u00e8 amministrativo, ma segue un atto d&#8217;accusa.<\/p>\n<p>Adnan \u00e8 considerato un importante leader della Jihad islamica nella Cisgiordania occupata. \u00c8 attivo nel suo sostegno ai prigionieri palestinesi e partecipa regolarmente agli eventi organizzati per sostenerli.<\/p>\n<p>Secondo il suo avvocato, Adnan \u00e8 stato incriminato per la sua appartenenza al gruppo della Jihad islamica e la seconda accusa \u00e8 di istigazione, basata sull&#8217;intelligence dell&#8217;unit\u00e0 informatica israeliana dai discorsi di Adnan pubblicati sui media.<\/p>\n<p>La Societ\u00e0 dei prigionieri palestinesi (PPS) ha recentemente affermato che Adnan aveva raggiunto una fase pericolosa e che stava affrontando una &#8220;morte imminente&#8221;.<\/p>\n<p>Il gruppo ha inoltre invitato la comunit\u00e0 internazionale e i gruppi per i diritti umani &#8220;a intervenire per salvare la vita di Adnan prima che sia troppo tardi&#8221;.<\/p>\n<p>I gruppi di difesa dei prigionieri palestinesi e le fazioni di resistenza hanno criticato l'&#8221;esecuzione deliberata&#8221; di Adnan da parte di Israele<\/p>\n<p>&#8220;Khader Adnan \u00e8 stato giustiziato a sangue freddo&#8221;, ha detto all&#8217;agenzia di stampa Reuters l&#8217;Associazione dei prigionieri WAED a Gaza dopo aver saputo della morte di Adnan.<\/p>\n<p>&#8220;\u00c8 una cosa molto pericolosa quella che \u00e8 successa&#8221;, ha detto Mustafa Barghouti, ex ministro dell&#8217;informazione palestinese e segretario generale del partito politico dell&#8217;Iniziativa nazionale palestinese.<br \/>\nIl governo israeliano e il ministro della sicurezza nazionale Itamar Ben-Gvir \u201csono personalmente responsabili di questo assassinio\u201d, ha detto Barghouti ad Al Jazeera.<\/p>\n<p>\u201cLo chiamo un assassinio perch\u00e9 il governo israeliano sapeva benissimo, cos\u00ec come i suoi tribunali militari, che una persona che \u00e8 in sciopero della fame da 87 giorni, che non aveva ricevuto alcun tipo di assistenza medica, poteva morire in qualsiasi momento. Ed \u00e8 esattamente quello che \u00e8 successo&#8221;, ha detto Barghouti.<\/p>\n<p>Le fazioni hanno promesso di rispondere e hanno chiesto uno sciopero generale e proteste nella Striscia di Gaza.<\/p>\n<p>\u201cLa nostra lotta continua e il nemico si render\u00e0 conto ancora una volta che i suoi crimini non passeranno senza una risposta. La resistenza continuer\u00e0 con tutte le forze e determinazione&#8221;, ha affermato in un comunicato la Jihad islamica palestinese.<\/p>\n<p>Amin Shoman, capo della Commissione suprema dell&#8217;Autorit\u00e0 palestinese per gli affari dei prigionieri e degli ex detenuti, ha affermato che la morte di Adnan \u00e8 la conseguenza di una politica deliberata contro i detenuti palestinesi da parte delle autorit\u00e0 carcerarie israeliane.<\/p>\n<p>&#8220;Questo \u00e8 un nuovo crimine commesso da Israele all&#8217;interno delle sue prigioni, e continua deliberatamente la sua politica di negligenza medica contro migliaia di prigionieri, non rispondendo alle loro richieste giuste e umane, e voltando le spalle a tutte le norme e leggi internazionali&#8221;, ha detto Middle East Eye.<\/p>\n<p>Shoman ha incolpato per la morte di Adnan il governo di estrema destra israeliano, che ha implementato una serie di dure misure contro i prigionieri palestinesi.<\/p>\n","protected":false},"excerpt":{"rendered":"<p>2 maggio 2023 https:\/\/qudsnen.co\/palestinian-hunger-striker-dies-in-israeli-prisons\/ Cisgiordania occupata (QNN) &#8211; Il prigioniero palestinese Khader Adnan \u00e8 morto marted\u00ec in una prigione israeliana dopo 87 giorni di sciopero della fame per protestare contro la sua detenzione da parte dell&#8217;occupazione israeliana. Adnan &#8220;ha rifiutato &hellip; <a href=\"https:\/\/reteitalianaism.it\/reteism\/index.php\/2023\/05\/02\/muore-nelle-carceri-israeliane-uno-prigioniero-palestinese-in-sciopero-della-fame\/\">Continue reading <span class=\"meta-nav\">&rarr;<\/span><\/a><\/p>\n","protected":false},"author":6,"featured_media":0,"comment_status":"open","ping_status":"open","sticky":false,"template":"","format":"standard","meta":{"footnotes":""},"categories":[3,67],"tags":[9,70,92,164,44,447],"class_list":["post-18654","post","type-post","status-publish","format-standard","hentry","category-info","category-prigionieri","tag-apartheid","tag-detenzione-amministrativa","tag-diritti-dei-prigionieri","tag-prigionieri","tag-sciopero-della-fame-2","tag-stop-detenzione-amministrativa"],"_links":{"self":[{"href":"https:\/\/reteitalianaism.it\/reteism\/index.php\/wp-json\/wp\/v2\/posts\/18654","targetHints":{"allow":["GET"]}}],"collection":[{"href":"https:\/\/reteitalianaism.it\/reteism\/index.php\/wp-json\/wp\/v2\/posts"}],"about":[{"href":"https:\/\/reteitalianaism.it\/reteism\/index.php\/wp-json\/wp\/v2\/types\/post"}],"author":[{"embeddable":true,"href":"https:\/\/reteitalianaism.it\/reteism\/index.php\/wp-json\/wp\/v2\/users\/6"}],"replies":[{"embeddable":true,"href":"https:\/\/reteitalianaism.it\/reteism\/index.php\/wp-json\/wp\/v2\/comments?post=18654"}],"version-history":[{"count":2,"href":"https:\/\/reteitalianaism.it\/reteism\/index.php\/wp-json\/wp\/v2\/posts\/18654\/revisions"}],"predecessor-version":[{"id":18658,"href":"https:\/\/reteitalianaism.it\/reteism\/index.php\/wp-json\/wp\/v2\/posts\/18654\/revisions\/18658"}],"wp:attachment":[{"href":"https:\/\/reteitalianaism.it\/reteism\/index.php\/wp-json\/wp\/v2\/media?parent=18654"}],"wp:term":[{"taxonomy":"category","embeddable":true,"href":"https:\/\/reteitalianaism.it\/reteism\/index.php\/wp-json\/wp\/v2\/categories?post=18654"},{"taxonomy":"post_tag","embeddable":true,"href":"https:\/\/reteitalianaism.it\/reteism\/index.php\/wp-json\/wp\/v2\/tags?post=18654"}],"curies":[{"name":"wp","href":"https:\/\/api.w.org\/{rel}","templated":true}]}}