{"id":18659,"date":"2023-05-03T08:34:04","date_gmt":"2023-05-03T06:34:04","guid":{"rendered":"http:\/\/reteitalianaism.it\/reteism\/?p=18659"},"modified":"2023-05-03T08:34:04","modified_gmt":"2023-05-03T06:34:04","slug":"lesercito-israeliano-effettua-attacchi-aerei-su-gaza-dopo-il-lancio-di-razzi","status":"publish","type":"post","link":"https:\/\/reteitalianaism.it\/reteism\/index.php\/2023\/05\/03\/lesercito-israeliano-effettua-attacchi-aerei-su-gaza-dopo-il-lancio-di-razzi\/","title":{"rendered":"L&#8217;esercito israeliano effettua attacchi aerei su Gaza dopo il lancio di razzi"},"content":{"rendered":"<p><a href=\"https:\/\/www.middleeasteye.net\/news\/israeli-army-carries-air-strikes-gaza-after-rocket-fire\">https:\/\/www.middleeasteye.net\/<\/a><\/p>\n<p><strong>2 maggio 2023<\/strong><\/p>\n<p>Lo scontro a fuoco transfrontaliero segue la morte del prigioniero di 45 anni Khader Adnan sotto la custodia della polizia israeliana<\/p>\n<div id=\"attachment_18660\" style=\"width: 509px\" class=\"wp-caption aligncenter\"><a href=\"http:\/\/reteitalianaism.it\/reteism\/index.php\/2023\/05\/03\/lesercito-israeliano-effettua-attacchi-aerei-su-gaza-dopo-il-lancio-di-razzi\/israel\/\" rel=\"attachment wp-att-18660\"><img loading=\"lazy\" decoding=\"async\" aria-describedby=\"caption-attachment-18660\" class=\" wp-image-18660\" src=\"http:\/\/reteitalianaism.it\/reteism\/wp-content\/uploads\/2023\/05\/israel-300x170.jpeg\" alt=\"\" width=\"499\" height=\"283\" srcset=\"https:\/\/reteitalianaism.it\/reteism\/wp-content\/uploads\/2023\/05\/israel-300x170.jpeg 300w, https:\/\/reteitalianaism.it\/reteism\/wp-content\/uploads\/2023\/05\/israel-1024x579.jpeg 1024w, https:\/\/reteitalianaism.it\/reteism\/wp-content\/uploads\/2023\/05\/israel-768x434.jpeg 768w, https:\/\/reteitalianaism.it\/reteism\/wp-content\/uploads\/2023\/05\/israel.jpeg 1400w\" sizes=\"auto, (max-width: 499px) 100vw, 499px\" \/><\/a><p id=\"caption-attachment-18660\" class=\"wp-caption-text\">Il fumo sale sopra gli edifici di Gaza City nell&#8217;enclave palestinese, il 2 maggio 2023 (AFP)<\/p><\/div>\n<p style=\"text-align: justify;\">I combattenti hanno lanciato razzi dalla Striscia di Gaza assediata verso Israele marted\u00ec, mentre Israele ha condotto attacchi aerei sul territorio dopo la morte di un prigioniero palestinese in sciopero della fame sotto la custodia israeliana.<\/p>\n<p style=\"text-align: justify;\">Lo scontro a fuoco \u00e8 avvenuto poche ore dopo la morte del prigioniero di 44 anni Khader Adnan, quasi tre mesi dopo essere stato arrestato nella Cisgiordania occupata.<!--more--><\/p>\n<p style=\"text-align: justify;\">L&#8217;esercito israeliano ha prima risposto agli attacchi missilistici con il fuoco dei carri armati. Ha fatto seguito nella tarda notte di marted\u00ec con attacchi aerei sulla Striscia di Gaza.<\/p>\n<p style=\"text-align: justify;\">Gli attacchi missilistici da Gaza si sono concentrati sulla citt\u00e0 israeliana di Sderot e su altre aree vicine alla frontiera con Gaza. I media palestinesi hanno riferito di esplosioni nella regione settentrionale di Gaza. Non sono state segnalate vittime.<\/p>\n<p style=\"text-align: justify;\">I combattimenti hanno ravvivato i timori di un&#8217;escalation della violenza nella regione. Ad aprile, l&#8217;esercito israeliano ha lanciato attacchi aerei sul Libano e sulla Striscia di Gaza dopo che sono stati lanciati razzi dal sud del Libano in risposta ai raid contro la moschea di Al-Aqsa nella Gerusalemme est occupata.<\/p>\n<p style=\"text-align: justify;\">Marted\u00ec scorso, il capo della politica estera dell&#8217;UE Josep Borrell ha esortato Israele a fermare le &#8220;misure unilaterali&#8221; che potrebbero aumentare ulteriormente le tensioni nel suo primo incontro con il ministro degli Esteri israeliano.<\/p>\n<p style=\"text-align: justify;\">&#8220;Borrell ha ribadito l&#8217;appello dell&#8217;UE a Israele affinch\u00e9 fermi le misure unilaterali che potrebbero aumentare il gi\u00e0 alto livello di tensione e mettere a repentaglio la possibilit\u00e0 stessa di una futura pace giusta e sostenibile basata sulla soluzione dei due Stati&#8221;, ha affermato il servizio estero dell&#8217;UE dopo l&#8217;incontro con il ministro degli Esteri israeliano Eli Cohen a Bruxelles.<\/p>\n<p style=\"text-align: justify;\">Ha condannato i recenti attacchi contro gli israeliani e ha sottolineato l&#8217;impegno dell&#8217;UE a favore del diritto di Israele a difendersi.<\/p>\n<p style=\"text-align: justify;\">Ma ha anche avvertito che &#8220;qualsiasi risposta deve essere proporzionata e in linea con il diritto internazionale&#8221;, ha affermato il servizio estero in una nota.<\/p>\n<p style=\"text-align: justify;\">&#8220;Allo stesso tempo, ha espresso preoccupazione per la situazione nei Territori palestinesi occupati&#8221;.<\/p>\n<p style=\"text-align: justify;\">L&#8217;attivista palestinese Khader Adnan \u00e8 stato arrestato pi\u00f9 di 10 volte nella sua vita, trascorrendo un totale di otto anni dietro le sbarre, secondo i gruppi di monitoraggio dei prigionieri palestinesi.<\/p>\n<p style=\"text-align: justify;\">Membro del gruppo della Jihad islamica palestinese, Adnan era in sciopero della fame per protestare contro la sua detenzione dal 5 febbraio, quando \u00e8 stato arrestato nella sua abitazione ad Arraba, una citt\u00e0 nella Cisgiordania occupata, a sud di Jenin.<\/p>\n","protected":false},"excerpt":{"rendered":"<p>https:\/\/www.middleeasteye.net\/ 2 maggio 2023 Lo scontro a fuoco transfrontaliero segue la morte del prigioniero di 45 anni Khader Adnan sotto la custodia della polizia israeliana I combattenti hanno lanciato razzi dalla Striscia di Gaza assediata verso Israele marted\u00ec, mentre Israele &hellip; <a href=\"https:\/\/reteitalianaism.it\/reteism\/index.php\/2023\/05\/03\/lesercito-israeliano-effettua-attacchi-aerei-su-gaza-dopo-il-lancio-di-razzi\/\">Continue reading <span class=\"meta-nav\">&rarr;<\/span><\/a><\/p>\n","protected":false},"author":2,"featured_media":0,"comment_status":"open","ping_status":"open","sticky":false,"template":"","format":"standard","meta":{"footnotes":""},"categories":[2,3],"tags":[14,165,150],"class_list":["post-18659","post","type-post","status-publish","format-standard","hentry","category-gaza-2","category-info","tag-bombardamento","tag-gaza-sotto-assedio","tag-violenza-dellesercito"],"_links":{"self":[{"href":"https:\/\/reteitalianaism.it\/reteism\/index.php\/wp-json\/wp\/v2\/posts\/18659","targetHints":{"allow":["GET"]}}],"collection":[{"href":"https:\/\/reteitalianaism.it\/reteism\/index.php\/wp-json\/wp\/v2\/posts"}],"about":[{"href":"https:\/\/reteitalianaism.it\/reteism\/index.php\/wp-json\/wp\/v2\/types\/post"}],"author":[{"embeddable":true,"href":"https:\/\/reteitalianaism.it\/reteism\/index.php\/wp-json\/wp\/v2\/users\/2"}],"replies":[{"embeddable":true,"href":"https:\/\/reteitalianaism.it\/reteism\/index.php\/wp-json\/wp\/v2\/comments?post=18659"}],"version-history":[{"count":2,"href":"https:\/\/reteitalianaism.it\/reteism\/index.php\/wp-json\/wp\/v2\/posts\/18659\/revisions"}],"predecessor-version":[{"id":18662,"href":"https:\/\/reteitalianaism.it\/reteism\/index.php\/wp-json\/wp\/v2\/posts\/18659\/revisions\/18662"}],"wp:attachment":[{"href":"https:\/\/reteitalianaism.it\/reteism\/index.php\/wp-json\/wp\/v2\/media?parent=18659"}],"wp:term":[{"taxonomy":"category","embeddable":true,"href":"https:\/\/reteitalianaism.it\/reteism\/index.php\/wp-json\/wp\/v2\/categories?post=18659"},{"taxonomy":"post_tag","embeddable":true,"href":"https:\/\/reteitalianaism.it\/reteism\/index.php\/wp-json\/wp\/v2\/tags?post=18659"}],"curies":[{"name":"wp","href":"https:\/\/api.w.org\/{rel}","templated":true}]}}