{"id":18666,"date":"2023-05-05T20:56:35","date_gmt":"2023-05-05T18:56:35","guid":{"rendered":"http:\/\/reteitalianaism.it\/reteism\/?p=18666"},"modified":"2023-05-05T20:56:35","modified_gmt":"2023-05-05T18:56:35","slug":"israele-attacca-i-pescatori-in-mare-e-in-tribunale","status":"publish","type":"post","link":"https:\/\/reteitalianaism.it\/reteism\/index.php\/2023\/05\/05\/israele-attacca-i-pescatori-in-mare-e-in-tribunale\/","title":{"rendered":"Israele attacca i pescatori in mare e in tribunale"},"content":{"rendered":"<p style=\"text-align: justify;\"><a href=\"https:\/\/electronicintifada.net\/content\/israel-attacks-fishers-sea-and-court\/37681\">https:\/\/electronicintifada.net\/<\/a><br \/>\n<strong>4 maggio 2023\u00a0<\/strong> \u00a0 \u00a0 <em>Abdallah al-Naami<\/em><\/p>\n<p style=\"text-align: justify;\">\u00c8 mattina presto, soleggiato ma con una brezza fresca. Jihad al-Hissi \u00e8 impegnato ad aiutare i compagni pescatori a preparare una barca per una giornata in mare.<\/p>\n<div id=\"attachment_18667\" style=\"width: 504px\" class=\"wp-caption aligncenter\"><a href=\"http:\/\/reteitalianaism.it\/reteism\/index.php\/2023\/05\/05\/israele-attacca-i-pescatori-in-mare-e-in-tribunale\/jihad_al-hissi_in_the_brown_jacket_helps_the_crew_fix_the_fishing_net2\/\" rel=\"attachment wp-att-18667\"><img loading=\"lazy\" decoding=\"async\" aria-describedby=\"caption-attachment-18667\" class=\" wp-image-18667\" src=\"http:\/\/reteitalianaism.it\/reteism\/wp-content\/uploads\/2023\/05\/jihad_al-hissi_in_the_brown_jacket_helps_the_crew_fix_the_fishing_net2-300x200.jpeg\" alt=\"\" width=\"494\" height=\"329\" srcset=\"https:\/\/reteitalianaism.it\/reteism\/wp-content\/uploads\/2023\/05\/jihad_al-hissi_in_the_brown_jacket_helps_the_crew_fix_the_fishing_net2-300x200.jpeg 300w, https:\/\/reteitalianaism.it\/reteism\/wp-content\/uploads\/2023\/05\/jihad_al-hissi_in_the_brown_jacket_helps_the_crew_fix_the_fishing_net2-768x512.jpeg 768w, https:\/\/reteitalianaism.it\/reteism\/wp-content\/uploads\/2023\/05\/jihad_al-hissi_in_the_brown_jacket_helps_the_crew_fix_the_fishing_net2.jpeg 800w\" sizes=\"auto, (max-width: 494px) 100vw, 494px\" \/><\/a><p id=\"caption-attachment-18667\" class=\"wp-caption-text\">Jihad al-Hissi (indossa una giacca marrone) si prepara per una giornata in mare. Abdallah al-Naami<\/p><\/div>\n<p style=\"text-align: justify;\">Non dovrebbe esserci nulla di insolito nei compiti che svolgono: i pescatori di tutto il mondo li svolgono sempre. Eppure la tensione \u00e8 quasi palpabile: Jihad, 56 anni, \u00e8 preoccupato che la sua barca non rientri in porto.<\/p>\n<p style=\"text-align: justify;\">Per otto mesi l&#8217;anno scorso, la barca \u00e8 stata trattenuta dalle autorit\u00e0 israeliane dopo che il suo equipaggio si \u00e8 avventurato a breve distanza oltre la piccola zona in cui i pescatori di Gaza sono autorizzati ad operare.<\/p>\n<p style=\"text-align: justify;\">Stare lontano dalla nave \u00e8 stato straziante per Jihad.<!--more--><\/p>\n<p style=\"text-align: justify;\">\u201cNutrire le nostre famiglie \u00e8 stato molto difficile durante quei mesi\u201d, ha detto. \u201cTutto quello che sappiamo fare nella vita \u00e8 pescare.\u201d<\/p>\n<p style=\"text-align: justify;\">Alla fine la barca &#8211; chiamata Al-Haj Rajab dal padre di Jihad &#8211; gli \u00e8 stata rilasciata a condizioni rigorose. Gli \u00e8 stato richiesto di pagare circa $ 5.500 e ha avvertito che non poteva allontanarsi pi\u00f9 di tre miglia nautiche dalla costa.<\/p>\n<p style=\"text-align: justify;\">Jihad teme che la barca possa essere nuovamente sequestrata da un momento all&#8217;altro. Le autorit\u00e0 israeliane hanno avviato un procedimento giudiziario nel tentativo di confiscare definitivamente la barca.<\/p>\n<p style=\"text-align: justify;\"><strong>\u201cTerribile e crudele\u201d<\/strong><br \/>\nIl calvario \u00e8 iniziato il 14 febbraio 2022.<\/p>\n<p style=\"text-align: justify;\">Quel giorno, il fratello di Jihad, Nihad, era il capitano della barca. Nihad e altri membri della sua famiglia allargata stavano calando le reti in mare, quando tre navi militari israeliane si sono avvicinate a loro ad alta velocit\u00e0.<\/p>\n<p style=\"text-align: justify;\">Gli israeliani hanno attaccato Nihad e il suo equipaggio con proiettili d&#8217;acciaio rivestiti di gomma e cannoni ad acqua. Una volta a fianco della barca, tre commando israeliani sono saltati a bordo, urlando e continuando a sparare.<\/p>\n<p style=\"text-align: justify;\">&#8220;Hanno persino usato armi a scarica elettrica su di noi diverse volte&#8221;, ha detto Nihad.<\/p>\n<p style=\"text-align: justify;\">&#8220;\u00c8 stata l&#8217;esperienza pi\u00f9 terrificante e crudele della mia vita&#8221;, ha aggiunto. \u201cNon solo perch\u00e9 ero in pericolo, ma perch\u00e9 era troppo pesante vedere i miei figli e nipoti feriti e in manette\u201d.<\/p>\n<div id=\"attachment_18668\" style=\"width: 501px\" class=\"wp-caption aligncenter\"><a href=\"http:\/\/reteitalianaism.it\/reteism\/index.php\/2023\/05\/05\/israele-attacca-i-pescatori-in-mare-e-in-tribunale\/nihad_al-hissi_with_his_son\/\" rel=\"attachment wp-att-18668\"><img loading=\"lazy\" decoding=\"async\" aria-describedby=\"caption-attachment-18668\" class=\" wp-image-18668\" src=\"http:\/\/reteitalianaism.it\/reteism\/wp-content\/uploads\/2023\/05\/nihad_al-hissi_with_his_son-300x200.jpeg\" alt=\"\" width=\"491\" height=\"327\" srcset=\"https:\/\/reteitalianaism.it\/reteism\/wp-content\/uploads\/2023\/05\/nihad_al-hissi_with_his_son-300x200.jpeg 300w, https:\/\/reteitalianaism.it\/reteism\/wp-content\/uploads\/2023\/05\/nihad_al-hissi_with_his_son-768x512.jpeg 768w, https:\/\/reteitalianaism.it\/reteism\/wp-content\/uploads\/2023\/05\/nihad_al-hissi_with_his_son.jpeg 800w\" sizes=\"auto, (max-width: 491px) 100vw, 491px\" \/><\/a><p id=\"caption-attachment-18668\" class=\"wp-caption-text\">Nihad al-Hissi, qui raffigurato con suo figlio, era al comando della barca quando \u00e8 stata attaccata da Israele lo scorso anno. Abdallah al-Naami<\/p><\/div>\n<p style=\"text-align: justify;\">Tutti e sei i pescatori, incluso Nihad, sono stati arrestati e portati ad Ashdod, una base navale in Israele.<\/p>\n<p style=\"text-align: justify;\">Successivamente, i pescatori sono stati portati al posto di blocco militare di Erez che separa Israele e Gaza. Sono stati interrogati prima di essere rilasciati in tarda serata.<\/p>\n<p style=\"text-align: justify;\">La scusa offerta da Israele per la sua brutalit\u00e0 era che la barca si trovava fuori dalla zona di pesca consentita.<\/p>\n<p style=\"text-align: justify;\">Nihad ha sottolineato che spesso \u00e8 impossibile catturare abbastanza pesce all&#8217;interno della zona consentita. I pescatori devono andare pi\u00f9 lontano nella speranza di avere un pescato giornaliero sufficiente.<\/p>\n<p style=\"text-align: justify;\">In caso contrario, le loro attivit\u00e0 non sarebbero economicamente sostenibili.<\/p>\n<p style=\"text-align: justify;\">In base agli accordi di Oslo \u2013 firmati tra Israele e l&#8217;Organizzazione per la liberazione della Palestina negli anni &#8217;90 \u2013 i pescatori di Gaza possono avventurarsi fino a 20 miglia nautiche dalla costa.<\/p>\n<p style=\"text-align: justify;\">Israele non ha rispettato gli accordi.<\/p>\n<p style=\"text-align: justify;\"><strong>Senza precedenti<\/strong><br \/>\nHa ripetutamente modificato i limiti che si applicano ai pescatori. A volte, Israele ha ridotto la zona a sole tre miglia nautiche e ha persino vietato completamente ai pescatori di andare in mare per determinati periodi.<\/p>\n<blockquote class=\"twitter-tweet\" data-width=\"550\" data-dnt=\"true\">\n<p lang=\"en\" dir=\"ltr\">&quot;For now, he has his boat, but its fate is uncertain as Israeli authorities argue before a Haifa court that it should be permanently taken away.&quot; <br \/>Important coverage by <a href=\"https:\/\/twitter.com\/LavalleeGL?ref_src=twsrc%5Etfw\">@LavalleeGL<\/a> \/<a href=\"https:\/\/twitter.com\/AFP?ref_src=twsrc%5Etfw\">@AFP<\/a>: <a href=\"https:\/\/t.co\/RoUmnnIO5D\">https:\/\/t.co\/RoUmnnIO5D<\/a> <a href=\"https:\/\/t.co\/3i24OabJGb\">pic.twitter.com\/3i24OabJGb<\/a><\/p>\n<p>&mdash; Gisha \u05d2\u05d9\u05e9\u05d4 \u0645\u0633\u0644\u0643 (@Gisha_Access) <a href=\"https:\/\/twitter.com\/Gisha_Access\/status\/1638980179832844289?ref_src=twsrc%5Etfw\">March 23, 2023<\/a><\/p><\/blockquote>\n<p><script async src=\"https:\/\/platform.twitter.com\/widgets.js\" charset=\"utf-8\"><\/script><\/p>\n<p style=\"text-align: justify;\">Mentre gli attacchi navali contro i pescatori di Gaza sono frequenti, i procedimenti giudiziari avviati da Israele contro la famiglia al-Hissi sono considerati senza precedenti.<\/p>\n<p style=\"text-align: justify;\">Secondo Gisha, un gruppo israeliano per i diritti umani, le autorit\u00e0 stanno tentando erroneamente di invocare disposizioni del diritto internazionale. Queste disposizioni riguardano il sequestro di navi nemiche e, secondo Gisha, non dovrebbero essere applicate ai civili.<\/p>\n<p style=\"text-align: justify;\">\n\u00c8 profondamente ironico che Israele si atteggi a difensore del diritto internazionale in questo caso.<br \/>\nLe restrizioni che Israele ha imposto ai pescatori e la violenza a cui Israele li ha sottoposti costituiscono una punizione collettiva. Quel crimine \u00e8 bandito dalla Quarta Convenzione di Ginevra, una pietra miliare del diritto internazionale.<\/p>\n<p style=\"text-align: justify;\">Al Mezan, un gruppo per i diritti umani con sede a Gaza, ha scoperto che Israele ha effettuato centinaia di attacchi contro pescatori palestinesi solo nel 2022. Tali attacchi sono continuati nei primi mesi di quest&#8217;anno.<\/p>\n<p style=\"text-align: justify;\">Il sequestro della sua barca da parte di Israele ha causato grossi problemi a Jihad.<\/p>\n<div id=\"attachment_18669\" style=\"width: 507px\" class=\"wp-caption aligncenter\"><a href=\"http:\/\/reteitalianaism.it\/reteism\/index.php\/2023\/05\/05\/israele-attacca-i-pescatori-in-mare-e-in-tribunale\/_hajj_rajab_al-hissi_boat\/\" rel=\"attachment wp-att-18669\"><img loading=\"lazy\" decoding=\"async\" aria-describedby=\"caption-attachment-18669\" class=\" wp-image-18669\" src=\"http:\/\/reteitalianaism.it\/reteism\/wp-content\/uploads\/2023\/05\/hajj_rajab_al-hissi_boat-300x200.jpeg\" alt=\"\" width=\"497\" height=\"331\" srcset=\"https:\/\/reteitalianaism.it\/reteism\/wp-content\/uploads\/2023\/05\/hajj_rajab_al-hissi_boat-300x200.jpeg 300w, https:\/\/reteitalianaism.it\/reteism\/wp-content\/uploads\/2023\/05\/hajj_rajab_al-hissi_boat-768x512.jpeg 768w, https:\/\/reteitalianaism.it\/reteism\/wp-content\/uploads\/2023\/05\/hajj_rajab_al-hissi_boat.jpeg 800w\" sizes=\"auto, (max-width: 497px) 100vw, 497px\" \/><\/a><p id=\"caption-attachment-18669\" class=\"wp-caption-text\">La barca Al-Haj Rajab prende il nome dal padre di Jihad, che lavorava come pescatore a Giaffa. Abdallah al-Naami<\/p><\/div>\n<p style=\"text-align: justify;\">\nPoich\u00e9 non aveva entrate, i suoi debiti aumentavano. E quando finalmente gli \u00e8 stata restituita la barca, aveva subito gravi danni.<\/p>\n<p style=\"text-align: justify;\">Alcuni dei danni sono stati causati direttamente dall&#8217;attacco. Altri danni sono stati causati dall&#8217;esposizione del motore della barca alle intemperie durante gli otto mesi in cui \u00e8 stata tenuta ad Ashdod.<\/p>\n<p style=\"text-align: justify;\">La riparazione \u00e8 costata circa $ 11.000.<\/p>\n<p style=\"text-align: justify;\">Jihad ha anche perso reti e altri attrezzi da pesca che erano stati gettati in mare poco prima dell&#8217;attacco.<\/p>\n<p style=\"text-align: justify;\">La sostituzione dell&#8217;attrezzatura costa altri $ 10.000. Jihad ha dovuto procedere a prendere in prestito grandi somme in modo da poter pagare quei conti.<\/p>\n<p style=\"text-align: justify;\">Mentre molti pescatori hanno abbandonato la professione da quando Israele ha imposto un blocco totale alla Striscia di Gaza nel 2007, Jihad \u00e8 determinato a continuare a esercitare la sua tradizione<\/p>\n<p style=\"text-align: justify;\">Considera suo dovere farlo poich\u00e9 proviene da una famiglia di pescatori. Ricorda di aver sentito storie che suo padre gli raccontava sul lavoro come pescatore a Giaffa.<\/p>\n<p style=\"text-align: justify;\">La famiglia proviene da quella citt\u00e0 portuale nella Palestina storica. Si sono trasferiti a Gaza dopo essere stati sradicati durante la Nakba, la pulizia etnica della Palestina del 1948.<\/p>\n<p style=\"text-align: justify;\">\u201cAnche quando la mia barca mi \u00e8 stata portata via, ho insistito per scendere al porto [a Gaza] ogni mattina\u201d, ha detto Jihad. &#8220;La vita lontano dalla brezza del mare \u00e8 insopportabile.&#8221;<\/p>\n<p style=\"text-align: justify;\"><em>Abdallah al-Naami \u00e8 un giornalista e fotografo che vive a Gaza.<\/em><\/p>\n","protected":false},"excerpt":{"rendered":"<p>https:\/\/electronicintifada.net\/ 4 maggio 2023\u00a0 \u00a0 \u00a0 Abdallah al-Naami \u00c8 mattina presto, soleggiato ma con una brezza fresca. Jihad al-Hissi \u00e8 impegnato ad aiutare i compagni pescatori a preparare una barca per una giornata in mare. Non dovrebbe esserci nulla di &hellip; <a href=\"https:\/\/reteitalianaism.it\/reteism\/index.php\/2023\/05\/05\/israele-attacca-i-pescatori-in-mare-e-in-tribunale\/\">Continue reading <span class=\"meta-nav\">&rarr;<\/span><\/a><\/p>\n","protected":false},"author":2,"featured_media":0,"comment_status":"open","ping_status":"open","sticky":false,"template":"","format":"standard","meta":{"footnotes":""},"categories":[2,3],"tags":[309,156,40],"class_list":["post-18666","post","type-post","status-publish","format-standard","hentry","category-gaza-2","category-info","tag-accordi-di-oslo","tag-assedio-di-gaza","tag-pescatori"],"_links":{"self":[{"href":"https:\/\/reteitalianaism.it\/reteism\/index.php\/wp-json\/wp\/v2\/posts\/18666","targetHints":{"allow":["GET"]}}],"collection":[{"href":"https:\/\/reteitalianaism.it\/reteism\/index.php\/wp-json\/wp\/v2\/posts"}],"about":[{"href":"https:\/\/reteitalianaism.it\/reteism\/index.php\/wp-json\/wp\/v2\/types\/post"}],"author":[{"embeddable":true,"href":"https:\/\/reteitalianaism.it\/reteism\/index.php\/wp-json\/wp\/v2\/users\/2"}],"replies":[{"embeddable":true,"href":"https:\/\/reteitalianaism.it\/reteism\/index.php\/wp-json\/wp\/v2\/comments?post=18666"}],"version-history":[{"count":2,"href":"https:\/\/reteitalianaism.it\/reteism\/index.php\/wp-json\/wp\/v2\/posts\/18666\/revisions"}],"predecessor-version":[{"id":18671,"href":"https:\/\/reteitalianaism.it\/reteism\/index.php\/wp-json\/wp\/v2\/posts\/18666\/revisions\/18671"}],"wp:attachment":[{"href":"https:\/\/reteitalianaism.it\/reteism\/index.php\/wp-json\/wp\/v2\/media?parent=18666"}],"wp:term":[{"taxonomy":"category","embeddable":true,"href":"https:\/\/reteitalianaism.it\/reteism\/index.php\/wp-json\/wp\/v2\/categories?post=18666"},{"taxonomy":"post_tag","embeddable":true,"href":"https:\/\/reteitalianaism.it\/reteism\/index.php\/wp-json\/wp\/v2\/tags?post=18666"}],"curies":[{"name":"wp","href":"https:\/\/api.w.org\/{rel}","templated":true}]}}