{"id":1874,"date":"2012-12-14T15:02:37","date_gmt":"2012-12-14T15:02:37","guid":{"rendered":"http:\/\/italy.palsolidarity.org\/?p=1844"},"modified":"2012-12-14T15:02:37","modified_gmt":"2012-12-14T15:02:37","slug":"hebron-coloni-aggrediscono-bambini-alluscita-della-scuola","status":"publish","type":"post","link":"https:\/\/reteitalianaism.it\/reteism\/index.php\/2012\/12\/14\/hebron-coloni-aggrediscono-bambini-alluscita-della-scuola\/","title":{"rendered":"Hebron, coloni aggrediscono bambini all\u2019uscita della scuola"},"content":{"rendered":"<p align=\"JUSTIFY\">Il 13 dicembre ad al-Khalil (Hebron), a sud della Cisgiordania occupata, due bambini palestinesi sono stati aggrediti all\u2019uscita di scuola da un gruppo di coloni.<\/p>\n<p align=\"JUSTIFY\">Erano circa le 13:00 e Younes Azzeh, 9 anni, e sua sorella Raghad Azzeh, 14 anni, stavano tornando a casa dopo l\u2019uscita dalla scuola. Un gruppo formato da tre coloni di un\u2019et\u00e0 compresa tra i 17 e i 19 anni si \u00e8 avvicinato a loro e ha iniziato a picchiarli. Younes \u00e8 stata presa a calci negli stinchi, nelle gambe e picchiata complessivamente mentre Raghad \u00e8 stata colpita alla schiena da una pietra scagliatale addosso.<!--more--><\/p>\n<p align=\"JUSTIFY\">La casa della famiglia Azzeh \u00e8 adiacente all\u2019insediamento illegale israeliano Ramat Yeshav, il quale ha arrecato, in passato, numerosi problemi alla famiglia di Hashem Azzeh, padre dei due bambini.<\/p>\n<p align=\"JUSTIFY\">La famiglia Azzeh \u00e8 una delle poche famiglie palestinesi a cui \u00e8 concesso, oltre ai sionisti, di camminare nella strada chiusa dove \u00e8 avvenuto l\u2019episodio. Il tutto \u00e8 accaduto vicino al checkpoint 57 di Tel Rumeida, ci\u00f2 significa che i soldati israeliani si trovavano nei paraggi al momento dell\u2019aggressione.<\/p>\n<p align=\"JUSTIFY\">Hashem \u00e8 stato agli arresti domiciliari, mentre tutta la sua famiglia ha regolarmente ricevuto abusi ed \u00e8 costantemente sotto minaccia dei coloni o dei soldati che si introducono nella loro propriet\u00e0 invadendo la loro vita privata.<\/p>\n<p align=\"JUSTIFY\"><img loading=\"lazy\" decoding=\"async\" src=\"http:\/\/palsolidarity.org\/wp-content\/uploads\/2012\/12\/hashem-outpost1-600x399.jpg\" alt=\"\" width=\"600\" height=\"399\" \/><em>Team Khalil \u00e8 un gruppo di volontari dell\u2019International Solidarity Movement con sede a Hebron (al-Khalil).<\/em><\/p>\n","protected":false},"excerpt":{"rendered":"<p>Il 13 dicembre ad al-Khalil (Hebron), a sud della Cisgiordania occupata, due bambini palestinesi sono stati aggrediti all\u2019uscita di scuola da un gruppo di coloni. Erano circa le 13:00 e Younes Azzeh, 9 anni, e sua sorella Raghad Azzeh, 14 &hellip; <a href=\"https:\/\/reteitalianaism.it\/reteism\/index.php\/2012\/12\/14\/hebron-coloni-aggrediscono-bambini-alluscita-della-scuola\/\">Continue reading <span class=\"meta-nav\">&rarr;<\/span><\/a><\/p>\n","protected":false},"author":5,"featured_media":0,"comment_status":"open","ping_status":"open","sticky":false,"template":"","format":"standard","meta":{"footnotes":""},"categories":[5],"tags":[],"class_list":["post-1874","post","type-post","status-publish","format-standard","hentry","category-uncategorized"],"_links":{"self":[{"href":"https:\/\/reteitalianaism.it\/reteism\/index.php\/wp-json\/wp\/v2\/posts\/1874","targetHints":{"allow":["GET"]}}],"collection":[{"href":"https:\/\/reteitalianaism.it\/reteism\/index.php\/wp-json\/wp\/v2\/posts"}],"about":[{"href":"https:\/\/reteitalianaism.it\/reteism\/index.php\/wp-json\/wp\/v2\/types\/post"}],"author":[{"embeddable":true,"href":"https:\/\/reteitalianaism.it\/reteism\/index.php\/wp-json\/wp\/v2\/users\/5"}],"replies":[{"embeddable":true,"href":"https:\/\/reteitalianaism.it\/reteism\/index.php\/wp-json\/wp\/v2\/comments?post=1874"}],"version-history":[{"count":0,"href":"https:\/\/reteitalianaism.it\/reteism\/index.php\/wp-json\/wp\/v2\/posts\/1874\/revisions"}],"wp:attachment":[{"href":"https:\/\/reteitalianaism.it\/reteism\/index.php\/wp-json\/wp\/v2\/media?parent=1874"}],"wp:term":[{"taxonomy":"category","embeddable":true,"href":"https:\/\/reteitalianaism.it\/reteism\/index.php\/wp-json\/wp\/v2\/categories?post=1874"},{"taxonomy":"post_tag","embeddable":true,"href":"https:\/\/reteitalianaism.it\/reteism\/index.php\/wp-json\/wp\/v2\/tags?post=1874"}],"curies":[{"name":"wp","href":"https:\/\/api.w.org\/{rel}","templated":true}]}}