{"id":18848,"date":"2023-06-10T18:29:38","date_gmt":"2023-06-10T16:29:38","guid":{"rendered":"http:\/\/reteitalianaism.it\/reteism\/?p=18848"},"modified":"2023-06-10T18:29:38","modified_gmt":"2023-06-10T16:29:38","slug":"israele-accantona-i-piani-per-il-progetto-di-insediamento-e1-che-divide-in-due-la-cisgiordania","status":"publish","type":"post","link":"https:\/\/reteitalianaism.it\/reteism\/index.php\/2023\/06\/10\/israele-accantona-i-piani-per-il-progetto-di-insediamento-e1-che-divide-in-due-la-cisgiordania\/","title":{"rendered":"Israele accantona i piani per il progetto di insediamento E1 che &#8220;divide in due la Cisgiordania&#8221;"},"content":{"rendered":"<p style=\"text-align: justify;\"><strong>\u00a0<a href=\"https:\/\/www.middleeasteye.net\/news\/israel-shelves-plans-e1-settlement-project-splitting-west-bank-two\">https:\/\/www.middleeasteye.net\/<\/a>\u00a0 \u00a0 10 giugno 2023\u00a0<\/strong><\/p>\n<p style=\"text-align: justify;\">Un piano per costruire migliaia di case di insediamento nella Cisgiordania occupata sar\u00e0 rinviato tra timori di proteste internazionali<\/p>\n<div id=\"attachment_18849\" style=\"width: 503px\" class=\"wp-caption aligncenter\"><a href=\"http:\/\/reteitalianaism.it\/reteism\/index.php\/2023\/06\/10\/israele-accantona-i-piani-per-il-progetto-di-insediamento-e1-che-divide-in-due-la-cisgiordania\/000_33eu79m\/\" rel=\"attachment wp-att-18849\"><img loading=\"lazy\" decoding=\"async\" aria-describedby=\"caption-attachment-18849\" class=\" wp-image-18849\" src=\"http:\/\/reteitalianaism.it\/reteism\/wp-content\/uploads\/2023\/06\/000_33EU79M-300x169.jpeg\" alt=\"\" width=\"493\" height=\"278\" srcset=\"https:\/\/reteitalianaism.it\/reteism\/wp-content\/uploads\/2023\/06\/000_33EU79M-300x169.jpeg 300w, https:\/\/reteitalianaism.it\/reteism\/wp-content\/uploads\/2023\/06\/000_33EU79M-1024x576.jpeg 1024w, https:\/\/reteitalianaism.it\/reteism\/wp-content\/uploads\/2023\/06\/000_33EU79M-768x432.jpeg 768w, https:\/\/reteitalianaism.it\/reteism\/wp-content\/uploads\/2023\/06\/000_33EU79M.jpeg 1400w\" sizes=\"auto, (max-width: 493px) 100vw, 493px\" \/><\/a><p id=\"caption-attachment-18849\" class=\"wp-caption-text\">Questa veduta aerea del 30 aprile 2023 mostra l&#8217;insediamento israeliano di Maale Adumim nella Cisgiordania occupata (AFP)<\/p><\/div>\n<p style=\"text-align: justify;\">Israele \u00e8 pronto ad accantonare un piano per espandere un insediamento a est di Gerusalemme, che, se costruito, dividerebbe in due la Cisgiordania occupata.<\/p>\n<p style=\"text-align: justify;\">Il sottocomitato del governo per le obiezioni all&#8217;interno del Comitato Superiore di Pianificazione dell&#8217;Amministrazione Civile, che autorizza la costruzione di insediamenti in Cisgiordania, dovrebbe riunirsi luned\u00ec per discutere il progetto.<!--more--><\/p>\n<p style=\"text-align: justify;\">I piani per il progetto di insediamento E1, che vedrebbe 3.412 unit\u00e0 abitative costruite per coloni ebrei su terre palestinesi occupate, collegherebbero gli insediamenti di Kfar Adumim e Maale Adumim con Gerusalemme est occupata.<\/p>\n<p style=\"text-align: justify;\">Secondo il notiziario israeliano Haaretz, l&#8217;ufficio del primo ministro israeliano Benjamin Netanyahu ha chiesto al consiglio di Maale Adumim di ritirare la sua richiesta di tenere la controversa udienza sul progetto E1.<\/p>\n<p style=\"text-align: justify;\">Il piano dividerebbe effettivamente a met\u00e0 la Cisgiordania, isolando Gerusalemme Est dalle comunit\u00e0 palestinesi in Cisgiordania e costringendo i palestinesi a fare deviazioni ancora pi\u00f9 lunghe per spostarsi da un luogo all&#8217;altro, consentendo al contempo l&#8217;espansione degli insediamenti che ospitano israeliani.<br \/>\nGli Stati Uniti e l&#8217;Unione Europea si sono opposti a lungo al piano di insediamento, avvertendo le successive amministrazioni israeliane di non andare avanti con il progetto.<\/p>\n<p style=\"text-align: justify;\">Alon Cohen Lifshitz di Bimkom, un gruppo israeliano di progettisti e architetti professionisti per i diritti umani, ha definito la proposta un &#8220;crimine di guerra&#8221;. Bimkom avrebbe dovuto sollevare obiezioni se la riunione si fosse svolta la prossima settimana.<\/p>\n<p style=\"text-align: justify;\">Parlando con Middle East Eye all&#8217;inizio di questa settimana, Lifshitz ha dichiarato: &#8220;La nostra principale obiezione dal punto di vista del diritto internazionale \u00e8 che si tratta di un crimine di guerra. All&#8217;interno delle aree dei confini del piano ci sono tre comunit\u00e0. L&#8217;approvazione dei piani creer\u00e0 un trasferimento di queste comunit\u00e0 che erano l\u00ec prima ancora che i piani fossero approvati&#8221;.<\/p>\n<p style=\"text-align: justify;\">L&#8217;espansione degli insediamenti israeliani in Cisgiordania ha lasciato un mosaico di comunit\u00e0 palestinesi sempre pi\u00f9 divise nel territorio occupato, rendendo pi\u00f9 improbabile la fattibilit\u00e0 di un futuro stato palestinese.<\/p>\n<p style=\"text-align: justify;\">Crea anche ci\u00f2 che gli israeliani hanno definito &#8220;fatti sul campo&#8221;, un argomento che Israele ha usato in passato per spingere per l&#8217;inclusione degli insediamenti su terra palestinese come parte di Israele in qualsiasi futuro negoziato sullo status finale tra israeliani e palestinesi.<\/p>\n<p style=\"text-align: justify;\">Mentre il progetto E1 rappresenta il tentativo pi\u00f9 visibile per una tale iniziativa, Lifshitz ha affermato che &#8220;l&#8217;intera Cisgiordania \u00e8 frammentata da insediamenti ovunque, il che crea una matrice di controllo sparsa sui territori occupati&#8221;.<\/p>\n<p style=\"text-align: justify;\">Anche se l&#8217;espansione non viene realizzata, &#8220;non vedo che ci sia un forte collegamento tra il nord e il sud della Cisgiordania&#8221;, ha aggiunto.<\/p>\n","protected":false},"excerpt":{"rendered":"<p>\u00a0https:\/\/www.middleeasteye.net\/\u00a0 \u00a0 10 giugno 2023\u00a0 Un piano per costruire migliaia di case di insediamento nella Cisgiordania occupata sar\u00e0 rinviato tra timori di proteste internazionali Israele \u00e8 pronto ad accantonare un piano per espandere un insediamento a est di Gerusalemme, che, &hellip; <a href=\"https:\/\/reteitalianaism.it\/reteism\/index.php\/2023\/06\/10\/israele-accantona-i-piani-per-il-progetto-di-insediamento-e1-che-divide-in-due-la-cisgiordania\/\">Continue reading <span class=\"meta-nav\">&rarr;<\/span><\/a><\/p>\n","protected":false},"author":2,"featured_media":0,"comment_status":"open","ping_status":"open","sticky":false,"template":"","format":"standard","meta":{"footnotes":""},"categories":[3],"tags":[9,84,175,138],"class_list":["post-18848","post","type-post","status-publish","format-standard","hentry","category-info","tag-apartheid","tag-colonie-illegali","tag-palestina-occupata","tag-violazioni-del-diritto-internazionale"],"_links":{"self":[{"href":"https:\/\/reteitalianaism.it\/reteism\/index.php\/wp-json\/wp\/v2\/posts\/18848","targetHints":{"allow":["GET"]}}],"collection":[{"href":"https:\/\/reteitalianaism.it\/reteism\/index.php\/wp-json\/wp\/v2\/posts"}],"about":[{"href":"https:\/\/reteitalianaism.it\/reteism\/index.php\/wp-json\/wp\/v2\/types\/post"}],"author":[{"embeddable":true,"href":"https:\/\/reteitalianaism.it\/reteism\/index.php\/wp-json\/wp\/v2\/users\/2"}],"replies":[{"embeddable":true,"href":"https:\/\/reteitalianaism.it\/reteism\/index.php\/wp-json\/wp\/v2\/comments?post=18848"}],"version-history":[{"count":2,"href":"https:\/\/reteitalianaism.it\/reteism\/index.php\/wp-json\/wp\/v2\/posts\/18848\/revisions"}],"predecessor-version":[{"id":18851,"href":"https:\/\/reteitalianaism.it\/reteism\/index.php\/wp-json\/wp\/v2\/posts\/18848\/revisions\/18851"}],"wp:attachment":[{"href":"https:\/\/reteitalianaism.it\/reteism\/index.php\/wp-json\/wp\/v2\/media?parent=18848"}],"wp:term":[{"taxonomy":"category","embeddable":true,"href":"https:\/\/reteitalianaism.it\/reteism\/index.php\/wp-json\/wp\/v2\/categories?post=18848"},{"taxonomy":"post_tag","embeddable":true,"href":"https:\/\/reteitalianaism.it\/reteism\/index.php\/wp-json\/wp\/v2\/tags?post=18848"}],"curies":[{"name":"wp","href":"https:\/\/api.w.org\/{rel}","templated":true}]}}