{"id":18871,"date":"2023-06-16T18:02:20","date_gmt":"2023-06-16T16:02:20","guid":{"rendered":"http:\/\/reteitalianaism.it\/reteism\/?p=18871"},"modified":"2023-06-19T22:26:12","modified_gmt":"2023-06-19T20:26:12","slug":"israele-uccide-un-adolescente-con-disabilita-mentale-nel-raid-nel-campo-profughi","status":"publish","type":"post","link":"https:\/\/reteitalianaism.it\/reteism\/index.php\/2023\/06\/16\/israele-uccide-un-adolescente-con-disabilita-mentale-nel-raid-nel-campo-profughi\/","title":{"rendered":"Israele uccide un adolescente con disabilit\u00e0 mentale nel raid nel campo profughi"},"content":{"rendered":"<p><a href=\"https:\/\/electronicintifada.net\/blogs\/tamara-nassar\/israel-kills-teen-mental-disability-refugee-camp-raid\">https:\/\/electronicintifada.net\/<\/a><br \/>\n<strong>15 giugno 2023<\/strong>\u00a0 \u00a0 \u00a0 \u00a0 \u00a0<em> Tamara Nassar\u00a0<\/em><\/p>\n<p>Gioved\u00ec scorso, le forze di occupazione israeliane hanno ucciso un palestinese nella citt\u00e0 di Nablus, nel nord della Cisgiordania occupata, durante una demolizione punitiva di una casa.<\/p>\n<div id=\"attachment_18872\" style=\"width: 507px\" class=\"wp-caption aligncenter\"><a href=\"http:\/\/reteitalianaism.it\/reteism\/index.php\/2023\/06\/16\/israele-uccide-un-adolescente-con-disabilita-mentale-nel-raid-nel-campo-profughi\/230615_-_nablus_\/\" rel=\"attachment wp-att-18872\"><img loading=\"lazy\" decoding=\"async\" aria-describedby=\"caption-attachment-18872\" class=\" wp-image-18872\" src=\"http:\/\/reteitalianaism.it\/reteism\/wp-content\/uploads\/2023\/06\/230615_-_nablus_-300x200.jpeg\" alt=\"\" width=\"497\" height=\"331\" srcset=\"https:\/\/reteitalianaism.it\/reteism\/wp-content\/uploads\/2023\/06\/230615_-_nablus_-300x200.jpeg 300w, https:\/\/reteitalianaism.it\/reteism\/wp-content\/uploads\/2023\/06\/230615_-_nablus_-768x512.jpeg 768w, https:\/\/reteitalianaism.it\/reteism\/wp-content\/uploads\/2023\/06\/230615_-_nablus_.jpeg 800w\" sizes=\"auto, (max-width: 497px) 100vw, 497px\" \/><\/a><p id=\"caption-attachment-18872\" class=\"wp-caption-text\">I palestinesi portano il corpo di Khalil Yahya Anis, 20 anni, durante il suo funerale nel campo profughi di Al-Ain vicino alla citt\u00e0 di Nablus, in Cisgiordania, il 15 giugno. Immagini dell&#8217;APA di Mohammed Nasser<\/p><\/div>\n<p style=\"text-align: justify;\">\u00c8 stato identificato come Khalil Yahya al-Anis. I media locali hanno diffuso la sua foto dopo la sua uccisione:<\/p>\n<blockquote class=\"twitter-tweet\" data-width=\"550\" data-dnt=\"true\">\n<p lang=\"ar\" dir=\"rtl\">\u0639\u0627\u062c\u0644 | \u0645\u0635\u0627\u062f\u0631 \u0635\u062d\u0641\u064a\u0629: &quot;\u0627\u0631\u062a\u0642\u0627\u0621 \u0627\u0644\u0634\u0627\u0628 \u062e\u0644\u064a\u0644 \u064a\u062d\u064a\u0649 \u0627\u0644\u0623\u0646\u064a\u0633 \u0645\u062a\u0623\u062b\u0631\u0627 \u0628\u062c\u0631\u0627\u062d\u0647 \u0627\u0644\u062a\u064a \u0623\u0635\u064a\u0628 \u062e\u0644\u0627\u0644 \u0627\u0634\u062a\u0628\u0627\u0643 \u0645\u0633\u0644\u062d \u0645\u0639 \u0642\u0648\u0627\u062a \u0627\u0644\u0627\u062d\u062a\u0644\u0627\u0644 \u0628\u0639\u062f \u0627\u0642\u062a\u062d\u0627\u0645 \u0645\u062f\u064a\u0646\u0629 \u0646\u0627\u0628\u0644\u0633 \u0627\u0644\u0644\u064a\u0644\u0629&quot;. <a href=\"https:\/\/t.co\/QO0Gi0sDZ2\">pic.twitter.com\/QO0Gi0sDZ2<\/a><\/p>\n<p>&mdash; \u0634\u0628\u0643\u0629 \u0642\u062f\u0633 \u0627\u0644\u0625\u062e\u0628\u0627\u0631\u064a\u0629 (@qudsn) <a href=\"https:\/\/twitter.com\/qudsn\/status\/1669155598812815360?ref_src=twsrc%5Etfw\">June 15, 2023<\/a><\/p><\/blockquote>\n<p><script async src=\"https:\/\/platform.twitter.com\/widgets.js\" charset=\"utf-8\"><\/script><\/p>\n<p style=\"text-align: justify;\">Le autorit\u00e0 israeliane hanno demolito la casa di un uomo che accusano della sparatoria mortale in ottobre a Ido Baruch, 21 anni, un soldato della brigata militare Givati, che \u00e8 stato coinvolto in gravi crimini contro i palestinesi nella Striscia di Gaza e in altri luoghi.<br \/>\nLa punizione collettiva di questo tipo \u00e8 un crimine di guerra che Israele perpetra solo contro le famiglie dei palestinesi accusati di danneggiare gli israeliani, e mai contro le famiglie degli israeliani che danneggiano i palestinesi.<!--more--><\/p>\n<p style=\"text-align: justify;\">Israele ha effettuato almeno 27 demolizioni per vendetta dall&#8217;inizio del 2022, secondo il gruppo israeliano per i diritti umani B&#8217;Tselem.<\/p>\n<p style=\"text-align: justify;\">Ci\u00f2 include pi\u00f9 di 10 solo quest&#8217;anno. &#8220;Al ritmo attuale, sarebbe il maggior numero di demolizioni dal 2016&#8221;, ha riferito il Washington Post, citando le cifre di B&#8217;Tselem.<\/p>\n<p style=\"text-align: justify;\">Nel frattempo, marted\u00ec le forze di occupazione israeliane hanno ucciso un adolescente mentalmente disabile durante la loro incursione nel campo profughi di Balata, alla periferia della citt\u00e0 di Nablus, in Cisgiordania.<\/p>\n<p style=\"text-align: justify;\">I soldati israeliani hanno ucciso Faris Abd al-Munim Hashash, 19 anni, mentre si nascondeva dietro un muro e osservava l&#8217;area dove era di stanza l&#8217;esercito a circa 200 metri di distanza.<\/p>\n<p style=\"text-align: justify;\">\u00c8 stato colpito da tre proiettili veri, uno all&#8217;addome e due alle cosce. Le forze israeliane hanno anche ferito altre sette persone, tra cui due bambini.<\/p>\n<p style=\"text-align: justify;\">I media locali hanno diffuso la foto di Hashash dopo la sua uccisione:<\/p>\n<p><a href=\"https:\/\/twitter.com\/ShehabAgency\/status\/1668593478551363584?s=20\">https:\/\/twitter.com\/ShehabAgency\/status\/1668593478551363584?s=20<\/a><\/p>\n<p style=\"text-align: justify;\">Le forze israeliane avevano invaso il campo come mistaravim \u2013 agenti sotto copertura vestiti da palestinesi \u2013 e si erano posizionate intorno alla casa di famiglia del ventenne Isam Husam al-Salaj, secondo il Centro Palestinese per i Diritti Umani.<br \/>\nGli agenti hanno anche preso posizione sui tetti delle case vicine mentre le forze speciali hanno isolato la casa con al-Salaj e la sua famiglia all&#8217;interno.<\/p>\n<p style=\"text-align: justify;\">Le forze israeliane, che hanno portato veicoli militari e un drone, hanno sparato proiettili veri e missili contro la casa.<\/p>\n<p style=\"text-align: justify;\">Hanno ferito gravemente al-Salaj, che \u00e8 stato ricoverato in ospedale dopo il ritiro delle forze israeliane.<\/p>\n<p style=\"text-align: justify;\">I palestinesi nel campo hanno affrontato le forze israeliane nel tentativo di rompere l&#8217;assedio della casa di al-Salaj.<\/p>\n<p style=\"text-align: justify;\">Nel frattempo, marted\u00ec pomeriggio, quattro soldati israeliani e un colono sono rimasti feriti in una sparatoria nei pressi dell&#8217;insediamento israeliano illegale di Mevo Dotan, nella Cisgiordania settentrionale occupata.<\/p>\n<p style=\"text-align: justify;\">Secondo quanto riferito, un veicolo con targa israeliana ha sparato contro un veicolo militare israeliano con soldati all&#8217;interno vicino alla citt\u00e0 di Yabad, in Cisgiordania, vicino a Jenin.<\/p>\n<p><em>Ecco la casa demolita, sulle pareti scrivono i nomi dei martiri. La resistenza spiega che ci sono volute sei ore di battaglia dentro Nablus perch\u00e8 potessero arrivare a demolire la casa.<\/em><a href=\"http:\/\/reteitalianaism.it\/reteism\/index.php\/2023\/06\/16\/israele-uccide-un-adolescente-con-disabilita-mentale-nel-raid-nel-campo-profughi\/schermata-2023-06-16-alle-17-53-52\/\" rel=\"attachment wp-att-18873\"><br \/>\n<img loading=\"lazy\" decoding=\"async\" class=\"aligncenter wp-image-18873\" src=\"http:\/\/reteitalianaism.it\/reteism\/wp-content\/uploads\/2023\/06\/Schermata-2023-06-16-alle-17.53.52-300x210.png\" alt=\"\" width=\"494\" height=\"346\" srcset=\"https:\/\/reteitalianaism.it\/reteism\/wp-content\/uploads\/2023\/06\/Schermata-2023-06-16-alle-17.53.52-300x210.png 300w, https:\/\/reteitalianaism.it\/reteism\/wp-content\/uploads\/2023\/06\/Schermata-2023-06-16-alle-17.53.52-768x538.png 768w, https:\/\/reteitalianaism.it\/reteism\/wp-content\/uploads\/2023\/06\/Schermata-2023-06-16-alle-17.53.52.png 997w\" sizes=\"auto, (max-width: 494px) 100vw, 494px\" \/><\/a><\/p>\n","protected":false},"excerpt":{"rendered":"<p>https:\/\/electronicintifada.net\/ 15 giugno 2023\u00a0 \u00a0 \u00a0 \u00a0 \u00a0 Tamara Nassar\u00a0 Gioved\u00ec scorso, le forze di occupazione israeliane hanno ucciso un palestinese nella citt\u00e0 di Nablus, nel nord della Cisgiordania occupata, durante una demolizione punitiva di una casa. \u00c8 stato identificato &hellip; <a href=\"https:\/\/reteitalianaism.it\/reteism\/index.php\/2023\/06\/16\/israele-uccide-un-adolescente-con-disabilita-mentale-nel-raid-nel-campo-profughi\/\">Continue reading <span class=\"meta-nav\">&rarr;<\/span><\/a><\/p>\n","protected":false},"author":2,"featured_media":0,"comment_status":"open","ping_status":"open","sticky":false,"template":"","format":"standard","meta":{"footnotes":""},"categories":[3],"tags":[21,34,42,150],"class_list":["post-18871","post","type-post","status-publish","format-standard","hentry","category-info","tag-demolizioni","tag-nablus","tag-resistenza","tag-violenza-dellesercito"],"_links":{"self":[{"href":"https:\/\/reteitalianaism.it\/reteism\/index.php\/wp-json\/wp\/v2\/posts\/18871","targetHints":{"allow":["GET"]}}],"collection":[{"href":"https:\/\/reteitalianaism.it\/reteism\/index.php\/wp-json\/wp\/v2\/posts"}],"about":[{"href":"https:\/\/reteitalianaism.it\/reteism\/index.php\/wp-json\/wp\/v2\/types\/post"}],"author":[{"embeddable":true,"href":"https:\/\/reteitalianaism.it\/reteism\/index.php\/wp-json\/wp\/v2\/users\/2"}],"replies":[{"embeddable":true,"href":"https:\/\/reteitalianaism.it\/reteism\/index.php\/wp-json\/wp\/v2\/comments?post=18871"}],"version-history":[{"count":3,"href":"https:\/\/reteitalianaism.it\/reteism\/index.php\/wp-json\/wp\/v2\/posts\/18871\/revisions"}],"predecessor-version":[{"id":18876,"href":"https:\/\/reteitalianaism.it\/reteism\/index.php\/wp-json\/wp\/v2\/posts\/18871\/revisions\/18876"}],"wp:attachment":[{"href":"https:\/\/reteitalianaism.it\/reteism\/index.php\/wp-json\/wp\/v2\/media?parent=18871"}],"wp:term":[{"taxonomy":"category","embeddable":true,"href":"https:\/\/reteitalianaism.it\/reteism\/index.php\/wp-json\/wp\/v2\/categories?post=18871"},{"taxonomy":"post_tag","embeddable":true,"href":"https:\/\/reteitalianaism.it\/reteism\/index.php\/wp-json\/wp\/v2\/tags?post=18871"}],"curies":[{"name":"wp","href":"https:\/\/api.w.org\/{rel}","templated":true}]}}