{"id":19013,"date":"2023-07-17T17:21:01","date_gmt":"2023-07-17T15:21:01","guid":{"rendered":"http:\/\/reteitalianaism.it\/reteism\/?p=19013"},"modified":"2023-07-17T17:21:39","modified_gmt":"2023-07-17T15:21:39","slug":"bennett-ci-ha-dato-una-chiara-definizione-di-chi-sono-i-terroristi-il-cosiddetto-esercito-di-israele","status":"publish","type":"post","link":"https:\/\/reteitalianaism.it\/reteism\/index.php\/2023\/07\/17\/bennett-ci-ha-dato-una-chiara-definizione-di-chi-sono-i-terroristi-il-cosiddetto-esercito-di-israele\/","title":{"rendered":"Bennett ci ha dato una chiara definizione di chi sono i terroristi: il cosiddetto &#8220;esercito&#8221; di Israele"},"content":{"rendered":"<p>17 luglio 2023 &#8211; <a href=\"https:\/\/www.middleeastmonitor.com\/6-author\/motasem-dalloul\/\">Motasem A Dalloul<\/a><\/p>\n<p><a href=\"https:\/\/www.middleeastmonitor.com\/20230717-bennett-gave-us-a-clear-definition-of-who-the-terrorists-are-israels-so-called-army\/\">Bennett gave us a clear definition of who the terrorists are: Israel\u2019s so-called \u2018army\u2019 \u2013 Middle East Monitor<\/a><\/p>\n<p><div id=\"attachment_19014\" style=\"width: 529px\" class=\"wp-caption aligncenter\"><a href=\"http:\/\/reteitalianaism.it\/reteism\/wp-content\/uploads\/2023\/07\/terr.png\"><img loading=\"lazy\" decoding=\"async\" aria-describedby=\"caption-attachment-19014\" class=\" wp-image-19014\" src=\"http:\/\/reteitalianaism.it\/reteism\/wp-content\/uploads\/2023\/07\/terr-300x189.png\" alt=\"\" width=\"519\" height=\"327\" srcset=\"https:\/\/reteitalianaism.it\/reteism\/wp-content\/uploads\/2023\/07\/terr-300x189.png 300w, https:\/\/reteitalianaism.it\/reteism\/wp-content\/uploads\/2023\/07\/terr-768x485.png 768w, https:\/\/reteitalianaism.it\/reteism\/wp-content\/uploads\/2023\/07\/terr.png 973w\" sizes=\"auto, (max-width: 519px) 100vw, 519px\" \/><\/a><p id=\"caption-attachment-19014\" class=\"wp-caption-text\">L&#8217;ex primo ministro israeliano Naftali Bennett (C) a Gerusalemme il 15 maggio 2022 [ABIR SULTAN\/POOL\/AFP\/Getty Images]<\/p><\/div><span class=\"jCAhz ChMk0b\"><span class=\"ryNqvb\">All&#8217;inizio di questo mese, durante l&#8217;offensiva dell&#8217;esercito di occupazione israeliano contro la citt\u00e0 di Jenin, nel nord della Cisgiordania occupata e del suo campo profughi, la conduttrice della BBC News Anjana Gadgil ha intervistato l&#8217;ex primo ministro israeliano Naftali Bennett e gli ha chiesto se le forze di occupazione &#8220;sono felici di uccidere bambini&#8221;<\/span><\/span> <span class=\"jCAhz ChMk0b\"><span class=\"ryNqvb\">a Jenin.<\/span><\/span><\/p>\n<p><span class=\"jCAhz ChMk0b\"><span class=\"ryNqvb\">Le domande di Gadgil durante l&#8217;intervista sono state dirette e chiare al punto da scioccare Bennett, che si \u00e8 rifiutato di darle una risposta e ha cercato di convincerla che tutti i palestinesi attaccati, uccisi, feriti o sfollati durante l&#8217;offensiva erano obiettivi legittimi.<\/span><\/span><!--more--><\/p>\n<p><span class=\"jCAhz ChMk0b\"><span class=\"ryNqvb\">Quando Gadgil gli ha detto che quattro dei palestinesi uccisi a Jenin erano minorenni, identificati dalle Nazioni Unite come bambini, Bennett ha sostenuto che i bambini palestinesi uccisi a Jenin erano terroristi.<\/span><\/span><\/p>\n<p><span class=\"jCAhz ChMk0b\"><span class=\"ryNqvb\">Spiega che un terrorista \u00e8 identificato come qualcuno che impugna un fucile e spara e uccide le persone, sostenendo che la gente di Jenin era armata e attaccava le forze di occupazione che avevano preso d&#8217;assalto la loro citt\u00e0 e le loro case.<\/span><\/span><\/p>\n<p><span class=\"jCAhz ChMk0b\"><span class=\"ryNqvb\">Se questa \u00e8 la definizione di Bennett di ci\u00f2 che \u00e8 un terrorista, \u00e8 disposto ad applicarla sia agli israeliani che ai palestinesi?<\/span><\/span><\/p>\n<p><span class=\"jCAhz ChMk0b\"><span class=\"ryNqvb\">I fondatori dello stato canaglia di Bennett hanno fatto esattamente ci\u00f2 che ha descritto: hanno impugnato fucili, hanno fatto irruzione nelle case palestinesi e ucciso uomini, donne, bambini e persino disabili.<\/span><\/span> <span class=\"jCAhz ChMk0b\"><span class=\"ryNqvb\">Hanno accoltellato donne palestinesi incinte prima di ucciderle, uccidendo i loro bambini non ancora nati.<\/span><\/span><\/p>\n<p><span class=\"jCAhz ChMk0b\"><span class=\"ryNqvb\">Dopo l&#8217;occupazione israeliana della Cisgiordania, di Gerusalemme est, delle alture del Golan e del Sinai nel 1967, mi disse mia madre, le forze di occupazione israeliane hanno sfondato le porte delle case palestinesi, si sono precipitate all&#8217;interno e hanno preso ogni maschio prima di radunarlo in piazza Gaza, giustiziando<\/span><\/span> <span class=\"jCAhz ChMk0b\"><span class=\"ryNqvb\">loro e seppellendoli in fosse comuni senza nemmeno dire ai loro parenti che erano stati uccisi.<\/span><\/span><\/p>\n<p><span class=\"jCAhz ChMk0b\"><span class=\"ryNqvb\">Bennett applicherebbe la sua definizione a quelle milizie e soldati?<\/span><\/span> <span class=\"jCAhz ChMk0b\"><span class=\"ryNqvb\">Ci sono centinaia di tali indicibili atrocit\u00e0 commesse dalle forze di occupazione israeliane a cui hanno assistito i miei parenti e vicini.<\/span><\/span> <span class=\"jCAhz ChMk0b\"><span class=\"ryNqvb\">Bennett definir\u00e0 terroristi quei soldati israeliani?<\/span><\/span><\/p>\n<p><span class=\"jCAhz ChMk0b\"><span class=\"ryNqvb\">Durante la prima intifada palestinese, iniziata nel 1987, l&#8217;allora ministro della Difesa israeliano Yitzhak Rabin ordin\u00f2 alle forze di occupazione israeliane di spezzare le mani dei bambini palestinesi per fermare l&#8217;intifada.<\/span><\/span> <span class=\"jCAhz ChMk0b\"><span class=\"ryNqvb\">Molti hanno assistito alle orribili scene di bambini palestinesi trascinati fuori dalle loro case, duramente picchiati e con le mani rotte dalle forze di occupazione israeliane.<\/span><\/span><\/p>\n<p><span class=\"jCAhz ChMk0b\"><span class=\"ryNqvb\">Bennett, questi soldati sono terroristi?<\/span><\/span> <span class=\"jCAhz ChMk0b\"><span class=\"ryNqvb\">Poi, durante la Seconda Intifada, abbiamo assistito tutti a quando Muhammad Al Durrah e suo padre sono stati ripetutamente fucilati finch\u00e9 non sono rimasti immobili mentre erano disarmati e cercavano di mettersi al riparo.<\/span><\/span><\/p>\n<p><span class=\"jCAhz ChMk0b\"><span class=\"ryNqvb\">Questi soldati erano terroristi?<\/span><\/span> <span class=\"jCAhz ChMk0b\"><span class=\"ryNqvb\">I soldati israeliani hanno continuato a colpire i raduni palestinesi con missili, uccidendo e mutilando civili in ogni attacco con il pretesto di prendere di mira i terroristi.<\/span><\/span> <span class=\"jCAhz ChMk0b\"><span class=\"ryNqvb\">Ci\u00f2 si \u00e8 verificato ripetutamente durante la Seconda Intifada e molte delle vittime erano donne e bambini.<\/span><\/span> <span class=\"jCAhz ChMk0b\"><span class=\"ryNqvb\">Lo stesso \u00e8 accaduto quando il defunto primo ministro israeliano Ariel Sharon ha supervisionato l&#8217;assassinio del fondatore quadriplegico di Hamas, lo sceicco Ahmad Yassin, mentre tornava dalla preghiera dell&#8217;alba alla moschea.<\/span><\/span> <span class=\"jCAhz ChMk0b\"><span class=\"ryNqvb\">Nello sciopero sono rimasti uccisi una decina di civili.<\/span><\/span> <span class=\"jCAhz ChMk0b\"><span class=\"ryNqvb\">I soldati che li hanno uccisi sono terroristi?<\/span><\/span><\/p>\n<p><span class=\"jCAhz ChMk0b\"><span class=\"ryNqvb\">Dal 2008, le forze di occupazione israeliane hanno spazzato via le famiglie palestinesi dalla Striscia di Gaza.<\/span><\/span> <span class=\"jCAhz ChMk0b\"><span class=\"ryNqvb\">Il mese scorso, un soldato israeliano che impugnava il fucile ha sparato alla testa a un bambino palestinese, Muhammad Al-Tamimi, mentre era seduto in macchina con suo padre di 40 anni davanti alla loro casa.<\/span><\/span><\/p>\n<p><span class=\"jCAhz ChMk0b\"><span class=\"ryNqvb\">Bennett definir\u00e0 quell&#8217;assassino un terrorista?<\/span><\/span> <span class=\"jCAhz ChMk0b\"><span class=\"ryNqvb\">Certo che no, perch\u00e9 \u00e8 un soldato israeliano.<\/span><\/span><\/p>\n<p><span class=\"jCAhz ChMk0b\"><span class=\"ryNqvb\">Ci sono molti di questi esempi, molti di dominio pubblico e molti altri che rimangono impressi nella memoria palestinese.<\/span><\/span> <span class=\"jCAhz ChMk0b\"><span class=\"ryNqvb\">Di volta in volta, le vittime palestinesi sono accusate di essere terroristi e incolpate della loro stessa morte, mentre l&#8217;occupazione non \u00e8 tenuta a rendere conto delle sue azioni omicide.<\/span><\/span><\/p>\n<p><span class=\"jCAhz ChMk0b\"><span class=\"ryNqvb\">Questo non si fermer\u00e0 fino a quando non verr\u00e0 intrapresa un&#8217;azione contro questo barbaro aggressore, il mondo non pu\u00f2 continuare a rimanere in silenzio mentre migliaia di altre vite vengono perse.<\/span><\/span><\/p>\n<p><span class=\"jCAhz ChMk0b\"><span class=\"ryNqvb\"><em>Le opinioni espresse in questo articolo appartengono all&#8217;autore e non riflettono necessariamente la politica editoriale di Middle East Monitor<\/em>.<\/span><\/span><\/p>\n<p>&nbsp;<\/p>\n","protected":false},"excerpt":{"rendered":"<p>17 luglio 2023 &#8211; Motasem A Dalloul Bennett gave us a clear definition of who the terrorists are: Israel\u2019s so-called \u2018army\u2019 \u2013 Middle East Monitor All&#8217;inizio di questo mese, durante l&#8217;offensiva dell&#8217;esercito di occupazione israeliano contro la citt\u00e0 di Jenin, &hellip; <a href=\"https:\/\/reteitalianaism.it\/reteism\/index.php\/2023\/07\/17\/bennett-ci-ha-dato-una-chiara-definizione-di-chi-sono-i-terroristi-il-cosiddetto-esercito-di-israele\/\">Continue reading <span class=\"meta-nav\">&rarr;<\/span><\/a><\/p>\n","protected":false},"author":6,"featured_media":0,"comment_status":"open","ping_status":"open","sticky":false,"template":"","format":"standard","meta":{"footnotes":""},"categories":[3,68],"tags":[9,37,83,150],"class_list":["post-19013","post","type-post","status-publish","format-standard","hentry","category-info","category-opinioni","tag-apartheid","tag-occupazione","tag-violenza-dei-soldati","tag-violenza-dellesercito"],"_links":{"self":[{"href":"https:\/\/reteitalianaism.it\/reteism\/index.php\/wp-json\/wp\/v2\/posts\/19013","targetHints":{"allow":["GET"]}}],"collection":[{"href":"https:\/\/reteitalianaism.it\/reteism\/index.php\/wp-json\/wp\/v2\/posts"}],"about":[{"href":"https:\/\/reteitalianaism.it\/reteism\/index.php\/wp-json\/wp\/v2\/types\/post"}],"author":[{"embeddable":true,"href":"https:\/\/reteitalianaism.it\/reteism\/index.php\/wp-json\/wp\/v2\/users\/6"}],"replies":[{"embeddable":true,"href":"https:\/\/reteitalianaism.it\/reteism\/index.php\/wp-json\/wp\/v2\/comments?post=19013"}],"version-history":[{"count":1,"href":"https:\/\/reteitalianaism.it\/reteism\/index.php\/wp-json\/wp\/v2\/posts\/19013\/revisions"}],"predecessor-version":[{"id":19015,"href":"https:\/\/reteitalianaism.it\/reteism\/index.php\/wp-json\/wp\/v2\/posts\/19013\/revisions\/19015"}],"wp:attachment":[{"href":"https:\/\/reteitalianaism.it\/reteism\/index.php\/wp-json\/wp\/v2\/media?parent=19013"}],"wp:term":[{"taxonomy":"category","embeddable":true,"href":"https:\/\/reteitalianaism.it\/reteism\/index.php\/wp-json\/wp\/v2\/categories?post=19013"},{"taxonomy":"post_tag","embeddable":true,"href":"https:\/\/reteitalianaism.it\/reteism\/index.php\/wp-json\/wp\/v2\/tags?post=19013"}],"curies":[{"name":"wp","href":"https:\/\/api.w.org\/{rel}","templated":true}]}}