{"id":19016,"date":"2023-07-18T16:12:24","date_gmt":"2023-07-18T14:12:24","guid":{"rendered":"http:\/\/reteitalianaism.it\/reteism\/?p=19016"},"modified":"2023-07-18T16:12:24","modified_gmt":"2023-07-18T14:12:24","slug":"lue-teme-di-offendere-israele-documento-interno","status":"publish","type":"post","link":"https:\/\/reteitalianaism.it\/reteism\/index.php\/2023\/07\/18\/lue-teme-di-offendere-israele-documento-interno\/","title":{"rendered":"L&#8217;UE teme di offendere Israele \u2014 documento interno"},"content":{"rendered":"<p><a href=\"https:\/\/electronicintifada.net\/blogs\/david-cronin\/eu-fears-offending-israel-internal-paper\">https:\/\/electronicintifada.net\/<\/a><br \/>\n<strong>17 luglio 2023<\/strong>\u00a0 \u00a0 \u00a0 <em>David Cronin<\/em><\/p>\n<p>Per pi\u00f9 di un decennio ho sospettato che l&#8217;Unione europea avesse una politica volta a cercare di evitare di sconvolgere Israele. Infine, ora ho la prova che una tale politica esiste davvero.<\/p>\n<div id=\"attachment_19017\" style=\"width: 508px\" class=\"wp-caption aligncenter\"><a href=\"http:\/\/reteitalianaism.it\/reteism\/index.php\/2023\/07\/18\/lue-teme-di-offendere-israele-documento-interno\/230223_nablus_mn_00_6\/\" rel=\"attachment wp-att-19017\"><img loading=\"lazy\" decoding=\"async\" aria-describedby=\"caption-attachment-19017\" class=\" wp-image-19017\" src=\"http:\/\/reteitalianaism.it\/reteism\/wp-content\/uploads\/2023\/07\/230223_nablus_mn_00_6-300x200.jpeg\" alt=\"\" width=\"498\" height=\"332\" srcset=\"https:\/\/reteitalianaism.it\/reteism\/wp-content\/uploads\/2023\/07\/230223_nablus_mn_00_6-300x200.jpeg 300w, https:\/\/reteitalianaism.it\/reteism\/wp-content\/uploads\/2023\/07\/230223_nablus_mn_00_6-768x512.jpeg 768w, https:\/\/reteitalianaism.it\/reteism\/wp-content\/uploads\/2023\/07\/230223_nablus_mn_00_6.jpeg 800w\" sizes=\"auto, (max-width: 498px) 100vw, 498px\" \/><\/a><p id=\"caption-attachment-19017\" class=\"wp-caption-text\">La distruzione lasciata da Israele dopo aver compiuto un massacro a Nablus nel mese di febbraio. Immagini dell&#8217;APA di Mohammed Nasser<\/p><\/div>\n<p style=\"text-align: justify;\">Mentre la burocrazia di Bruxelles ha celebrato i &#8220;dialoghi antiterrorismo di successo&#8221; che ha tenuto con Israele dal 2015, quasi nessun dettaglio su questi scambi \u00e8 stato reso pubblico.<\/p>\n<p style=\"text-align: justify;\">Nel gennaio di quest&#8217;anno, ho presentato una denuncia al difensore civico dell&#8217;UE &#8211; nominalmente un cane da guardia dei cittadini &#8211; sulla mancanza di trasparenza. La denuncia \u00e8 stata presentata dopo che il servizio diplomatico dell&#8217;UE si era rifiutato di divulgare quali organismi israeliani prendessero parte ai &#8220;dialoghi&#8221;.<!--more--><\/p>\n<p style=\"text-align: justify;\">Attraverso una richiesta di libert\u00e0 di informazione, ho ottenuto un documento che riassume le discussioni sulla mia denuncia tra il personale del difensore civico e i diplomatici dell&#8217;UE.<\/p>\n<p style=\"text-align: justify;\">Quale scusa addussero i diplomatici per la loro segretezza? &#8220;Temono che gli israeliani sarebbero offesi dalla divulgazione&#8221;, dice il documento.<\/p>\n<p style=\"text-align: justify;\">Offendere Israele &#8220;minerebbe le relazioni internazionali&#8221; e i diplomatici dell&#8217;UE &#8220;hanno fornito prove in tal senso&#8221;, aggiunge il documento (vedi sotto).<\/p>\n<p style=\"text-align: justify;\">Impossibile mantenere la calma leggendo quelle poche parole.<\/p>\n<p style=\"text-align: justify;\">La scusa per aver potenzialmente offeso Israele \u00e8 stata addotta in una riunione tenutasi il 23 febbraio.<\/p>\n<p style=\"text-align: justify;\">Il giorno precedente, Israele ha commesso un massacro nella citt\u00e0 occupata di Nablus, in Cisgiordania. Tra le 11 persone uccise c&#8217;erano un ragazzo di 16 anni e tre uomini di et\u00e0 superiore ai 65 anni.<\/p>\n<p style=\"text-align: justify;\">I diplomatici dell&#8217;UE ben pagati non sono stati angosciati da quel crimine. Percepiscono il suo esecutore \u2013 Israele \u2013 come un alleato e non si sognerebbero di offendere quello stato.<\/p>\n<p style=\"text-align: justify;\"><strong>Ragionevole?<\/strong><br \/>\nVergognosamente, il personale che lavora per il difensore civico dell&#8217;UE ha descritto la scusa offerta dai diplomatici come &#8220;ragionevole&#8221;.<\/p>\n<p style=\"text-align: justify;\">Tale punto di vista era in contrasto con una valutazione preliminare della mia denuncia.<\/p>\n<p style=\"text-align: justify;\">In quella valutazione preliminare, il personale del difensore civico ha sostenuto che le argomentazioni avanzate dal servizio diplomatico dell&#8217;UE per &#8220;l&#8217;assoluta riservatezza&#8221; sui dialoghi antiterrorismo &#8220;sembrano non essere convincenti&#8221;.<\/p>\n<p style=\"text-align: justify;\">&#8220;Le istituzioni che hanno preso parte erano probabilmente il Ministero israeliano dell&#8217;Interno di Israele, o il Ministero della Difesa&#8221;, dice il documento. &#8220;L&#8217;ufficiale investigativo [del difensore civico] non riesce a capire come la divulgazione di queste informazioni, senza alcun dato personale, danneggerebbe gravemente le relazioni UE-Israele&#8221;.<\/p>\n<p style=\"text-align: justify;\">Il difensore civico dell&#8217;UE \u00e8 un organo guidato da Emily O&#8217;Reilly.<\/p>\n<p style=\"text-align: justify;\">Nella sua precedente carriera di giornalista irlandese, O&#8217;Reilly ha scoperto verit\u00e0 &#8211; in particolare sul potere della Chiesa cattolica &#8211; che l&#8217;\u00e9lite al potere avrebbe preferito tenere nascoste.<\/p>\n<p style=\"text-align: justify;\">Allora non aveva paura di offendere. Si potrebbe persino sostenere che l&#8217;Irlanda \u00e8 cambiata in meglio perch\u00e9 persone come lei hanno offeso i conservatori che governano il paese.<\/p>\n<p style=\"text-align: justify;\">Quindi \u00e8 inquietante che ora presieda un&#8217;istituzione che considera accettabile una scusa come &#8220;non dobbiamo offendere&#8221;.<\/p>\n<p style=\"text-align: justify;\">Nel suo attuale lavoro, O&#8217;Reilly \u00e8 stata formalmente incaricata di tenere conto delle istituzioni dell&#8217;UE.<\/p>\n<p style=\"text-align: justify;\">Il suo staff chiaramente non riesce a farlo riguardo alle relazioni dell&#8217;UE con Israele.<\/p>\n<p style=\"text-align: justify;\"><strong>Accettare la codardia<\/strong><br \/>\nL'&#8221;accordo di associazione&#8221; legalmente vincolante tra l&#8217;UE e Israele stabilisce che tutti i rapporti saranno &#8220;basati sul rispetto dei diritti umani e dei principi democratici&#8221;.<\/p>\n<p style=\"text-align: justify;\">Tenere \u201cdialoghi contro il terrorismo\u201d con uno stato che \u2013 tra innumerevoli altri crimini \u2013 uccide bambini e anziani a Nablus \u00e8 una chiara violazione dell&#8217;accordo.<\/p>\n<p style=\"text-align: justify;\">Il difensore civico dell&#8217;UE ha tuttavia rifiutato di indagare su tali violazioni, sostenendo che l&#8217;accordo di associazione \u00e8 una &#8220;decisione politica&#8221; e che la politica estera \u00e8 al di fuori del mandato di tale organismo.<\/p>\n<p style=\"text-align: justify;\">Se \u00e8 davvero cos\u00ec, allora perch\u00e9 O&#8217;Reilly ha parlato del Qatargate, uno scandalo che coinvolge la presunta ingerenza di un governo straniero negli affari dell&#8217;UE.<\/p>\n<p style=\"text-align: justify;\">Sostenere che sia ragionevole temere di offendere Israele significa accettare la codardia e la doppiezza.<\/p>\n<p style=\"text-align: justify;\">Significa accettare che l&#8217;UE risponda \u2013 come \u00e8 successo la scorsa settimana \u2013 con una timida dichiarazione di \u201crammarico\u201d quando Israele espelle una famiglia palestinese dalla sua casa di Gerusalemme.<\/p>\n<blockquote class=\"twitter-tweet\" data-width=\"550\" data-dnt=\"true\">\n<p lang=\"en\" dir=\"ltr\">1\/2 We regret the decision by the Israeli authorities, following a court decision, to evict the Ghaith-Sub Laban family from the home they occupied since 1953 in the old city of occupied East Jerusalem.<\/p>\n<p>&mdash; EU and Palestinians (@EUpalestinians) <a href=\"https:\/\/twitter.com\/EUpalestinians\/status\/1678774337514643460?ref_src=twsrc%5Etfw\">July 11, 2023<\/a><\/p><\/blockquote>\n<p><script async src=\"https:\/\/platform.twitter.com\/widgets.js\" charset=\"utf-8\"><\/script><\/p>\n<p style=\"text-align: justify;\">\nSignifica accettare che l&#8217;UE dovrebbe promuovere Israele come rispettoso dell&#8217;ambiente \u2013 come \u00e8 successo la scorsa settimana \u2013 mentre ruba l&#8217;acqua ai palestinesi.<\/p>\n<p><a href=\"https:\/\/twitter.com\/DTzantchev\/status\/1679077332152098816?s=20\">https:\/\/twitter.com\/DTzantchev\/status\/1679077332152098816?s=20<\/a><\/p>\n<p style=\"text-align: justify;\">Significa accettare che l&#8217;UE dovrebbe cercare costantemente maggiori scambi commerciali con Israele mentre quello stato porta la sua violenza genocida contro i palestinesi a nuovi estremi.<\/p>\n<p><a href=\"https:\/\/twitter.com\/EUinIsrael\/status\/1676261609935609856?s=20\">https:\/\/twitter.com\/EUinIsrael\/status\/1676261609935609856?s=20<\/a><\/p>\n<p style=\"text-align: justify;\">Indipendentemente da ci\u00f2 che i diplomatici dell&#8217;UE possono affermare, Israele merita non solo di essere offeso, ma anche di essere boicottato e ostracizzato.<\/p>\n","protected":false},"excerpt":{"rendered":"<p>https:\/\/electronicintifada.net\/ 17 luglio 2023\u00a0 \u00a0 \u00a0 David Cronin Per pi\u00f9 di un decennio ho sospettato che l&#8217;Unione europea avesse una politica volta a cercare di evitare di sconvolgere Israele. Infine, ora ho la prova che una tale politica esiste davvero. &hellip; <a href=\"https:\/\/reteitalianaism.it\/reteism\/index.php\/2023\/07\/18\/lue-teme-di-offendere-israele-documento-interno\/\">Continue reading <span class=\"meta-nav\">&rarr;<\/span><\/a><\/p>\n","protected":false},"author":2,"featured_media":0,"comment_status":"open","ping_status":"open","sticky":false,"template":"","format":"standard","meta":{"footnotes":""},"categories":[3,68],"tags":[176,23,34,155],"class_list":["post-19016","post","type-post","status-publish","format-standard","hentry","category-info","category-opinioni","tag-diritti-fondamentali","tag-diritti-umani","tag-nablus","tag-west-bank-occupata"],"_links":{"self":[{"href":"https:\/\/reteitalianaism.it\/reteism\/index.php\/wp-json\/wp\/v2\/posts\/19016","targetHints":{"allow":["GET"]}}],"collection":[{"href":"https:\/\/reteitalianaism.it\/reteism\/index.php\/wp-json\/wp\/v2\/posts"}],"about":[{"href":"https:\/\/reteitalianaism.it\/reteism\/index.php\/wp-json\/wp\/v2\/types\/post"}],"author":[{"embeddable":true,"href":"https:\/\/reteitalianaism.it\/reteism\/index.php\/wp-json\/wp\/v2\/users\/2"}],"replies":[{"embeddable":true,"href":"https:\/\/reteitalianaism.it\/reteism\/index.php\/wp-json\/wp\/v2\/comments?post=19016"}],"version-history":[{"count":2,"href":"https:\/\/reteitalianaism.it\/reteism\/index.php\/wp-json\/wp\/v2\/posts\/19016\/revisions"}],"predecessor-version":[{"id":19019,"href":"https:\/\/reteitalianaism.it\/reteism\/index.php\/wp-json\/wp\/v2\/posts\/19016\/revisions\/19019"}],"wp:attachment":[{"href":"https:\/\/reteitalianaism.it\/reteism\/index.php\/wp-json\/wp\/v2\/media?parent=19016"}],"wp:term":[{"taxonomy":"category","embeddable":true,"href":"https:\/\/reteitalianaism.it\/reteism\/index.php\/wp-json\/wp\/v2\/categories?post=19016"},{"taxonomy":"post_tag","embeddable":true,"href":"https:\/\/reteitalianaism.it\/reteism\/index.php\/wp-json\/wp\/v2\/tags?post=19016"}],"curies":[{"name":"wp","href":"https:\/\/api.w.org\/{rel}","templated":true}]}}