{"id":19048,"date":"2023-07-28T19:52:32","date_gmt":"2023-07-28T17:52:32","guid":{"rendered":"http:\/\/reteitalianaism.it\/reteism\/?p=19048"},"modified":"2023-07-28T19:52:32","modified_gmt":"2023-07-28T17:52:32","slug":"israele-il-tribunale-ordina-la-rimozione-di-un-villaggio-palestinese-del-negev-per-costruire-un-quartiere-ebraico","status":"publish","type":"post","link":"https:\/\/reteitalianaism.it\/reteism\/index.php\/2023\/07\/28\/israele-il-tribunale-ordina-la-rimozione-di-un-villaggio-palestinese-del-negev-per-costruire-un-quartiere-ebraico\/","title":{"rendered":"Israele: il tribunale ordina la rimozione di un villaggio palestinese del Negev per costruire un quartiere ebraico"},"content":{"rendered":"<p><a href=\"https:\/\/www.middleeasteye.net\/news\/israel-palestine-negev-court-removal-village-build-jewish-neighbourhood\">https:\/\/www.middleeasteye.net\/<\/a><\/p>\n<p style=\"text-align: justify;\"><strong>28 luglio 2023<\/strong>\u00a0 \u00a0 \u00a0 \u00a0<em> Lubna Masarwa a Gerusalemme e Nadda Osman<\/em><\/p>\n<div style=\"width: 506px\" class=\"wp-caption aligncenter\"><img loading=\"lazy\" decoding=\"async\" src=\"https:\/\/www.middleeasteye.net\/sites\/default\/files\/styles\/max_2600x2600\/public\/images-story\/2014-10-16T120000Z_745767275_GM1EAAH0AY101_RTRMADP_3_ISRAEL%20%281%29.jpg?itok=rWfsRrOa\" alt=\"Palestinian boys walk toward the &quot;unrecognised&quot; village of Um Al-Hiram in southern Israel's Negev desert (Reuters)\" width=\"496\" height=\"279\" \/><p class=\"wp-caption-text\">Ragazzi palestinesi camminano verso il villaggio \u201cnon riconosciuto\u201d di Umm al-Hiran nel deserto del Negev, nel sud di Israele (Reuters)<\/p><\/div>\n<p style=\"text-align: justify;\">I residenti di Ras Jrabah, villaggio che \u00e8 precedente allo stato di Israele ma \u00e8 &#8220;non riconosciuto&#8221;, dicono a MEE che, nonostante le preoccupazioni per il loro futuro, combatteranno la decisione fino alla fine.<\/p>\n<p>Un tribunale israeliano ha concesso alle famiglie palestinesi nel Negev (o Naqab) fino a marzo del prossimo anno per distruggere le loro case e lasciare il loro villaggio per far posto all&#8217;espansione di una vicina citt\u00e0 israeliana.<!--more--><\/p>\n<p style=\"text-align: justify;\">La decisione riguarder\u00e0 500 indigeni del villaggio di Ras Jrabah, che sono rimasti in stato di shock dopo la decisione del tribunale del magistrato di Be&#8217;er Sheva di luned\u00ec.<\/p>\n<p style=\"text-align: justify;\">I residenti del villaggio, che precede la costituzione dello stato di Israele nel 1948, affermano che la notizia \u00e8 caduta su di loro come un &#8220;fulmine&#8221; ed \u00e8 stata difficile da elaborare.<\/p>\n<p style=\"text-align: justify;\">&#8220;I giovani mi chiamano dalla mattina, raccontandomi le loro preoccupazioni per il futuro&#8221;, ha detto a Middle East Eye Musa al-Hawashleh, un residente di Ras Jrabah.<\/p>\n<p style=\"text-align: justify;\">&#8220;Non sappiamo dove andremo. Siamo stati qui prima dello stato di Israele e ora saremo espulsi dalla nostra patria&#8221;, ha aggiunto.<\/p>\n<p style=\"text-align: justify;\">Il caso di Ras Jrabah \u00e8 iniziato nel 2019 quando l&#8217;Israel Land Authority (ILA) ha intentato 10 cause di sfratto contro 127 residenti del villaggio e le loro famiglie.<\/p>\n<p style=\"text-align: justify;\">L&#8217;organo governativo ha sostenuto che la presenza di Ras Jrabah &#8211; che non \u00e8 riconosciuta come villaggio ufficiale dallo stato &#8211; ha ostacolato l&#8217;espansione della vicina citt\u00e0 di Dimona.<\/p>\n<p style=\"text-align: justify;\">Dimona \u00e8 stata costruita su un terreno di propriet\u00e0 della trib\u00f9 palestinese nomade indigena di al-Hawashleh, che possiede anche terreni nell&#8217;adiacente villaggio di Ras Jrabah.<\/p>\n<p style=\"text-align: justify;\">Il governo vuole rimuovere Ras Jrabah &#8211; un&#8217;area di circa 34 ettari &#8211; e sostituirla con un nuovo quartiere per cittadini ebrei chiamato Rotem, che comprender\u00e0 migliaia di unit\u00e0 abitative.<\/p>\n<p style=\"text-align: justify;\">&#8216;Siamo stati qui prima dello stato di Israele e ora saremo espulsi dalla nostra patria&#8217;<\/p>\n<p style=\"text-align: justify;\">&#8211; Musa al-Hawashleh, residente a Ras Jrabah<\/p>\n<p style=\"text-align: justify;\">All&#8217;inizio di questa settimana, un tribunale si \u00e8 pronunciato a favore del governo e ha ordinato alle famiglie palestinesi di lasciare il villaggio in cui hanno vissuto per generazioni, dando loro una scadenza del 1\u00b0 marzo 2024.<\/p>\n<p style=\"text-align: justify;\">Le famiglie sono state anche condannate a pagare una somma di 117.000 shekel ($ 31.700) per coprire le spese legali.<\/p>\n<p style=\"text-align: justify;\">Adalah, il centro legale per i diritti delle minoranze arabe con sede ad Haifa, che rappresenta i residenti palestinesi, ha dichiarato che presenter\u00e0 ricorso contro la decisione.<\/p>\n<p style=\"text-align: justify;\">Ha sostenuto che la corte &#8220;ha ignorato&#8221; gli argomenti dei residenti nella sua sentenza.<\/p>\n<p style=\"text-align: justify;\">&#8220;Sin dalla Nakba, lo stato di Israele ha impiegato una serie di strumenti e politiche per sfollare con la forza i residenti beduini nel Naqab&#8221;, ha affermato Adalah in una nota.<\/p>\n<p style=\"text-align: justify;\">&#8220;I loro mezzi di sussistenza sono stati confinati in aree ristrette e comuni segregati, e sono stati sottoposti a dure condizioni di vita, senza alcun riguardo per i loro bisogni fondamentali e il loro stile di vita.<\/p>\n<p style=\"text-align: justify;\">&#8220;Lo spostamento forzato dei residenti di Ras Jrabah per espandere la citt\u00e0 ebraica di Dimona, che \u00e8 stata costruita sulle terre dei residenti, serve come prova evidente che Israele sta commettendo il crimine dell&#8217;apartheid contro i suoi cittadini palestinesi&#8221;.<\/p>\n<p style=\"text-align: justify;\"><strong>&#8216;giudaizzazione&#8217; del Negev<\/strong><br \/>\nHawashleh afferma che mentre i residenti protesteranno contro la decisione e la combatteranno fino in fondo nei tribunali, hanno poche speranze nell&#8217;attuale governo ultranazionalista, che ha posto l&#8217;accelerazione della &#8220;giudaizzazione&#8221; del Naqab al centro della sua politica guida .<\/p>\n<p style=\"text-align: justify;\">&#8220;Il nuovo governo \u00e8 peggiore di quello precedente, vogliono demolire il villaggio per costruire un nuovo quartiere&#8230; Il governo non ha offerto suggerimenti alternativi&#8221;, ha detto Hawashleh a MEE.<\/p>\n<p style=\"text-align: justify;\">&#8220;\u00c8 stato difficile elaborare e spiegare ai giovani. Mi preoccupo per loro, per il loro futuro e per dove andranno&#8221;, ha aggiunto.<\/p>\n<p style=\"text-align: justify;\">Secondo Adalah, i residenti di Ras Jrabah hanno suggerito che il loro villaggio fosse integrato nella parte recentemente pianificata di Dimona, una richiesta che \u00e8 stata respinta.<\/p>\n<div style=\"width: 508px\" class=\"wp-caption aligncenter\"><img loading=\"lazy\" decoding=\"async\" src=\"https:\/\/www.middleeasteye.net\/sites\/default\/files\/2022-01-12T112811Z_1693563215_RC2LXR95HJAX_RTRMADP_3_ISRAEL-BEDOUINS%20%281%29.jpg\" alt=\"Palestinian women gesture as they stand by an Israeli policeman during a protest against government expulsions in the village of Sawe al-Atrash in the Negev on 12 January 2022 (Reuters)\" width=\"498\" height=\"280\" \/><p class=\"wp-caption-text\">palestinesi gesticolano accanto a un poliziotto israeliano durante una protesta contro le espulsioni del governo nel villaggio di Sawe al-Atrash nel Negev il 12 gennaio 2022 (Reuters)<\/p><\/div>\n<p style=\"text-align: justify;\">Il villaggio \u00e8 uno dei circa 30 villaggi palestinesi non riconosciuti nella regione del Negev, nel sud di Israele.<\/p>\n<p style=\"text-align: justify;\">Quasi 100.000 palestinesi che detengono la cittadinanza israeliana vivono in questi villaggi non riconosciuti, a cui \u00e8 negata qualsiasi infrastruttura o sostegno da parte del governo.<\/p>\n<p style=\"text-align: justify;\">Non ci sono mezzi di trasporto, n\u00e9 strade, n\u00e9 scuole, e le autorit\u00e0 israeliane non collaborano con la leadership locale.<\/p>\n<p style=\"text-align: justify;\">I cittadini palestinesi di Israele sono i discendenti della popolazione nativa che fu sfollata violentemente dalle milizie sioniste durante la creazione di Israele nel 1948.<\/p>\n<p style=\"text-align: justify;\">Oggi ci sono quasi due milioni di cittadini palestinesi di Israele, che si stima rappresentino il 20% della popolazione del paese.<\/p>\n<p style=\"text-align: justify;\">Almeno 300.000 vivono nella regione del Negev e affermano che le autorit\u00e0 israeliane hanno tentato per decenni di costringerli ad andarsene e distruggere il loro stile di vita nomade, attraverso varie tattiche.<\/p>\n<p style=\"text-align: justify;\">Questi includono la confisca delle terre ai nativi palestinesi e la trasformazione dei proprietari terrieri in affittuari. Inoltre, il governo israeliano \u00e8 stato accusato di impedire l&#8217;espansione dei villaggi palestinesi e di circondarli con nuovi insediamenti ebraici.<\/p>\n<p style=\"text-align: justify;\">&#8220;L&#8217;obiettivo del governo israeliano \u00e8 prendere il controllo della terra araba nel Naqab ed espellere intere comunit\u00e0 dalla loro terra&#8221;, ha detto a MEE Youssef al-Atawneh, un membro palestinese del parlamento israeliano con la coalizione Hadash-Ta&#8217;al. .<\/p>\n<p style=\"text-align: justify;\">&#8220;Questo \u00e8 in corso dal 1948 e alcune famiglie sono state sfollate due volte&#8221;, ha aggiunto.<\/p>\n<p style=\"text-align: justify;\">Il deputato ha detto che sta collaborando con un comitato con sede nel Negev per organizzare una protesta su larga scala contro le espulsioni e i progetti in corso.<\/p>\n<p style=\"text-align: justify;\">&#8220;Le persone sono molto arrabbiate per il razzismo che sta avvenendo&#8221;, ha detto.<\/p>\n<p style=\"text-align: justify;\">&#8220;Ma nonostante le circostanze difficili, le multe e gli sfollamenti, le persone rimangono ferme e forti&#8221;, ha aggiunto, prevedendo che la recente decisione del tribunale probabilmente infiammer\u00e0 le tensioni nel Negev.<\/p>\n","protected":false},"excerpt":{"rendered":"<p>https:\/\/www.middleeasteye.net\/ 28 luglio 2023\u00a0 \u00a0 \u00a0 \u00a0 Lubna Masarwa a Gerusalemme e Nadda Osman I residenti di Ras Jrabah, villaggio che \u00e8 precedente allo stato di Israele ma \u00e8 &#8220;non riconosciuto&#8221;, dicono a MEE che, nonostante le preoccupazioni per il &hellip; <a href=\"https:\/\/reteitalianaism.it\/reteism\/index.php\/2023\/07\/28\/israele-il-tribunale-ordina-la-rimozione-di-un-villaggio-palestinese-del-negev-per-costruire-un-quartiere-ebraico\/\">Continue reading <span class=\"meta-nav\">&rarr;<\/span><\/a><\/p>\n","protected":false},"author":2,"featured_media":0,"comment_status":"open","ping_status":"open","sticky":false,"template":"","format":"standard","meta":{"footnotes":""},"categories":[3],"tags":[61,192,41],"class_list":["post-19048","post","type-post","status-publish","format-standard","hentry","category-info","tag-beduini","tag-negev","tag-pulizia-etnica"],"_links":{"self":[{"href":"https:\/\/reteitalianaism.it\/reteism\/index.php\/wp-json\/wp\/v2\/posts\/19048","targetHints":{"allow":["GET"]}}],"collection":[{"href":"https:\/\/reteitalianaism.it\/reteism\/index.php\/wp-json\/wp\/v2\/posts"}],"about":[{"href":"https:\/\/reteitalianaism.it\/reteism\/index.php\/wp-json\/wp\/v2\/types\/post"}],"author":[{"embeddable":true,"href":"https:\/\/reteitalianaism.it\/reteism\/index.php\/wp-json\/wp\/v2\/users\/2"}],"replies":[{"embeddable":true,"href":"https:\/\/reteitalianaism.it\/reteism\/index.php\/wp-json\/wp\/v2\/comments?post=19048"}],"version-history":[{"count":1,"href":"https:\/\/reteitalianaism.it\/reteism\/index.php\/wp-json\/wp\/v2\/posts\/19048\/revisions"}],"predecessor-version":[{"id":19049,"href":"https:\/\/reteitalianaism.it\/reteism\/index.php\/wp-json\/wp\/v2\/posts\/19048\/revisions\/19049"}],"wp:attachment":[{"href":"https:\/\/reteitalianaism.it\/reteism\/index.php\/wp-json\/wp\/v2\/media?parent=19048"}],"wp:term":[{"taxonomy":"category","embeddable":true,"href":"https:\/\/reteitalianaism.it\/reteism\/index.php\/wp-json\/wp\/v2\/categories?post=19048"},{"taxonomy":"post_tag","embeddable":true,"href":"https:\/\/reteitalianaism.it\/reteism\/index.php\/wp-json\/wp\/v2\/tags?post=19048"}],"curies":[{"name":"wp","href":"https:\/\/api.w.org\/{rel}","templated":true}]}}