{"id":19084,"date":"2023-08-07T09:44:10","date_gmt":"2023-08-07T07:44:10","guid":{"rendered":"http:\/\/reteitalianaism.it\/reteism\/?p=19084"},"modified":"2023-08-07T09:44:43","modified_gmt":"2023-08-07T07:44:43","slug":"come-fanno-le-persone-con-disabilita-a-superare-i-bombardamenti-israeliani-a-gaza","status":"publish","type":"post","link":"https:\/\/reteitalianaism.it\/reteism\/index.php\/2023\/08\/07\/come-fanno-le-persone-con-disabilita-a-superare-i-bombardamenti-israeliani-a-gaza\/","title":{"rendered":"Come fanno le persone con disabilit\u00e0 a superare i bombardamenti israeliani a Gaza?"},"content":{"rendered":"<p>4 agosto 2023 &#8211; <a href=\"https:\/\/electronicintifada.net\/people\/khaled-el-hissy\">Khaled El-Hissy<\/a><\/p>\n<p><a href=\"https:\/\/electronicintifada.net\/content\/how-do-people-disabilities-cope-when-israel-bombs-gaza\/38276\">How do people with disabilities cope when Israel bombs Gaza? | The Electronic Intifada<\/a><\/p>\n<p><div id=\"attachment_19085\" style=\"width: 486px\" class=\"wp-caption aligncenter\"><a href=\"http:\/\/reteitalianaism.it\/reteism\/wp-content\/uploads\/2023\/08\/thetge.png\"><img loading=\"lazy\" decoding=\"async\" aria-describedby=\"caption-attachment-19085\" class=\" wp-image-19085\" src=\"http:\/\/reteitalianaism.it\/reteism\/wp-content\/uploads\/2023\/08\/thetge-300x188.png\" alt=\"\" width=\"476\" height=\"298\" srcset=\"https:\/\/reteitalianaism.it\/reteism\/wp-content\/uploads\/2023\/08\/thetge-300x188.png 300w, https:\/\/reteitalianaism.it\/reteism\/wp-content\/uploads\/2023\/08\/thetge-768x482.png 768w, https:\/\/reteitalianaism.it\/reteism\/wp-content\/uploads\/2023\/08\/thetge.png 980w\" sizes=\"auto, (max-width: 476px) 100vw, 476px\" \/><\/a><p id=\"caption-attachment-19085\" class=\"wp-caption-text\">Quando Israele ha invaso la parte meridionale di Gaza nel 2014, Alaa al-Nahal, che \u00e8 sordo, non poteva udire gli attacchi israeliani, ma li sentiva. Sopra, diversi uomini assistono una donna ferita negli attacchi aerei israeliani del 2014 su Khan Younis nel sud di Gaza. [Immagini: Ramadan El-AghaAPA]<\/p><\/div><span class=\"jCAhz ChMk0b\"><span class=\"ryNqvb\">Emad Qudeih era seduto con i suoi amici sulla strada vicino a casa sua a Khan Younis quando una forte esplosione ha scosso la zona.<\/span><\/span> <span class=\"jCAhz ChMk0b\"><span class=\"ryNqvb\">Era maggio 2016 e aveva solo 13 anni. Tutti furono presi dal panico e fuggirono, lasciandolo solo.<\/span><\/span><\/p>\n<p><span class=\"jCAhz ChMk0b\"><span class=\"ryNqvb\">&#8220;Ho tentato di fuggire, ma non sapevo quale strada fosse sicura&#8221;, ha detto Qudeih, che ora ha 20 anni.<\/span><\/span> <span class=\"jCAhz ChMk0b\"><span class=\"ryNqvb\">&#8220;Sono cieco.<\/span><\/span> <span class=\"jCAhz ChMk0b\"><span class=\"ryNqvb\">Mi sono semplicemente congelato e ho aspettato il mio destino.<\/span><\/span> <span class=\"jCAhz ChMk0b\"><span class=\"ryNqvb\">Rimase fermo, congelato dalla paura, finch\u00e9 suo padre non si precipit\u00f2 al suo fianco e lo port\u00f2 a casa.<\/span><\/span><\/p>\n<p><span class=\"jCAhz ChMk0b\"><span class=\"ryNqvb\">L&#8217;esercito israeliano aveva bombardato l&#8217;area, e questa non era la prima volta che Qudeih veniva colto nella violenza dell&#8217;occupazione.<\/span><\/span> <span class=\"jCAhz ChMk0b\"><span class=\"ryNqvb\">Nella guerra del 2014, Qudeih e la sua famiglia hanno dovuto evacuare la loro casa durante le invasioni di terra israeliane nel sud della Striscia di Gaza.<\/span><\/span><\/p>\n<p><span class=\"jCAhz ChMk0b\"><span class=\"ryNqvb\">Tutti i palestinesi a Gaza sono vulnerabili durante gli attacchi israeliani, ma i palestinesi ciechi sono ancora pi\u00f9 a rischio.<\/span><\/span><!--more--><\/p>\n<p><strong><span class=\"jCAhz ChMk0b\"><span class=\"ryNqvb\">Farmaci inutili<\/span><\/span> <\/strong><\/p>\n<p><span class=\"jCAhz ChMk0b\"><span class=\"ryNqvb\">Qudeih non \u00e8 nato cieco;<\/span><\/span> <span class=\"jCAhz ChMk0b\"><span class=\"ryNqvb\">ha perso la vista gradualmente.<\/span><\/span> <span class=\"jCAhz ChMk0b\"><span class=\"ryNqvb\">In prima elementare, ha perso la vista dall&#8217;occhio destro a causa del distacco della retina.<\/span><\/span> <span class=\"jCAhz ChMk0b\"><span class=\"ryNqvb\">Due anni dopo ha perso la vista dall&#8217;occhio sinistro per lo stesso motivo.<\/span><\/span> <span class=\"jCAhz ChMk0b\"><span class=\"ryNqvb\">Aveva 7 anni.<\/span><\/span><\/p>\n<p><span class=\"jCAhz ChMk0b\"><span class=\"ryNqvb\">Tra i 7 ei 14 anni, ha subito interventi chirurgici su interventi chirurgici al St. John of Jerusalem Eye Hospital.<\/span><\/span> <span class=\"jCAhz ChMk0b\"><span class=\"ryNqvb\">&#8220;Gli interventi chirurgici hanno avuto successo e sono stato in grado di vedere per un po&#8217;&#8221;, ha detto Qudeih, &#8220;ma alla fine una foschia avrebbe oscurato la mia vista&#8221;.<\/span><\/span> <span class=\"jCAhz ChMk0b\"><span class=\"ryNqvb\">Si \u00e8 scoperto che le retine sanguinavano.<\/span><\/span> <span class=\"jCAhz ChMk0b\"><span class=\"ryNqvb\">I medici hanno detto che l&#8217;emorragia sarebbe scomparsa con il tempo e con farmaci come i colliri.<\/span><\/span> <span class=\"jCAhz ChMk0b\"><span class=\"ryNqvb\">&#8220;Ma i farmaci non sono stati utili&#8221;, ha detto Qudeih.<\/span><\/span><br \/>\n<span class=\"jCAhz ChMk0b\"><span class=\"ryNqvb\">Nel 2015, <\/span><\/span><span class=\"jCAhz ChMk0b\"><span class=\"ryNqvb\">quando aveva 12 anni, si \u00e8 recato in Spagna e ha subito cinque interventi chirurgici in tre mesi, ma ha perso completamente la vista diversi mesi dopo gli interventi.<\/span><\/span><\/p>\n<p><span class=\"jCAhz ChMk0b\"><span class=\"ryNqvb\">Qudeih ha parlato con The Electronic Intifada presso l&#8217;Universit\u00e0 islamica di Gaza, dove sta conseguendo una laurea in traduzione inglese.<\/span><\/span> <span class=\"jCAhz ChMk0b\"><span class=\"ryNqvb\">&#8220;Oltre a mettermi alla prova con i miei professori&#8221;, ha detto, &#8220;mi ci \u00e8 voluto del tempo per imparare a navigare nelle strutture universitarie&#8221;.<\/span><\/span> <span class=\"jCAhz ChMk0b\"><span class=\"ryNqvb\">Conta i suoi passi mentre cammina, cos\u00ec pu\u00f2 ripercorrerli.<\/span><\/span> <span class=\"jCAhz ChMk0b\"><span class=\"ryNqvb\">Ha anche memorizzato vari percorsi per aiutarlo a spostarsi.<\/span><\/span> <span class=\"jCAhz ChMk0b\"><span class=\"ryNqvb\">\u201cVoglio essere un attivista che appare in TV, parlando sia arabo che inglese\u201d, ha detto Qudeih, \u201cdescrivendo i nostri bisogni sia come persone disabili che come palestinesi\u201d.<\/span><\/span><\/p>\n<p><strong><span class=\"jCAhz ChMk0b\"><span class=\"ryNqvb\">\u201cNessuno assumer\u00e0 mai una persona sorda\u201d<\/span><\/span> <\/strong><\/p>\n<p><span class=\"jCAhz ChMk0b\"><span class=\"ryNqvb\">Alaa al-Nahal, 52 anni, stava guardando il telegiornale durante la guerra israeliana contro Gaza del 2014, quando all&#8217;improvviso si \u00e8 sentito rimbombare molto vicino a casa sua, anche se non ha sentito nulla.<\/span><\/span> <span class=\"jCAhz ChMk0b\"><span class=\"ryNqvb\">&#8220;Ho sentito il pavimento tremare e ho capito che gli israeliani stavano bombardando molto vicino&#8221;, ha detto.<\/span><\/span> <span class=\"jCAhz ChMk0b\"><span class=\"ryNqvb\">&#8220;Mia moglie \u00e8 corsa da me, dicendomi che \u00e8 meglio evacuare la casa.&#8221;<\/span><\/span> <span class=\"jCAhz ChMk0b\"><span class=\"ryNqvb\">La famiglia ha raccolto i propri averi per evacuare Rafah, la citt\u00e0 pi\u00f9 meridionale di Gaza.<\/span><\/span> <span class=\"jCAhz ChMk0b\"><span class=\"ryNqvb\">Israele ha dichiarato un&#8217;invasione di terra sulla Striscia di Gaza da sud.<\/span><\/span> <span class=\"jCAhz ChMk0b\"><span class=\"ryNqvb\">Mentre la famiglia si preparava ad andarsene, una forte esplosione ha mandato in frantumi le finestre.<\/span><\/span> <span class=\"jCAhz ChMk0b\"><span class=\"ryNqvb\">&#8220;Non ci hanno dato alcun avvertimento [del bombardamento]&#8221;, ha detto al-Nahal.<\/span><\/span><\/p>\n<p><span class=\"jCAhz ChMk0b\"><span class=\"ryNqvb\">Nonostante il terrore di quella notte, al-Nahal ha detto di non aver affrontato particolari sfide durante la guerra.<\/span><\/span> <span class=\"jCAhz ChMk0b\"><span class=\"ryNqvb\">\u201cNon ho trovato difficolt\u00e0 se non quella di non sentirmi al sicuro in casa mia\u201d.<\/span><\/span> <span class=\"jCAhz ChMk0b\"><span class=\"ryNqvb\">Molti palestinesi a Gaza, che vivono sotto assedio, potrebbero dire la stessa cosa.<\/span><\/span> <span class=\"jCAhz ChMk0b\"><span class=\"ryNqvb\">Ma quando al-Nahal \u00e8 nato, aveva una febbre che gli ha causato la perdita dell&#8217;udito.<\/span><\/span> <span class=\"jCAhz ChMk0b\"><span class=\"ryNqvb\">Al-Nahal comunica con il linguaggio dei segni e sua moglie ha tradotto per noi durante la nostra intervista a casa loro.<\/span><\/span><\/p>\n<p><span class=\"jCAhz ChMk0b\"><span class=\"ryNqvb\">Ha detto che le sue condizioni non sembrano isolanti, anche se vorrebbe poter trovare lavoro.<\/span><\/span> <span class=\"jCAhz ChMk0b\"><span class=\"ryNqvb\">Dal 2001, al-Nahal aveva lavorato come autista per mantenere le sue quattro figlie e un figlio.<\/span><\/span> <span class=\"jCAhz ChMk0b\"><span class=\"ryNqvb\">Tuttavia, quando la sua auto si \u00e8 rotta nel 2020, ha dovuto venderla.<\/span><\/span> <span class=\"jCAhz ChMk0b\"><span class=\"ryNqvb\">Attualmente, la famiglia riceve pagamenti dall&#8217;assistenza sociale per provvedere alle necessit\u00e0 quotidiane, anche se tali pagamenti non sono sempre affidabili.<\/span><\/span><\/p>\n<p><span class=\"jCAhz ChMk0b\"><span class=\"ryNqvb\">&#8220;Non c&#8217;\u00e8 reddito e nessuno assumer\u00e0 mai una persona sorda&#8221;, ha detto al-Nahal.<\/span><\/span> <span class=\"jCAhz ChMk0b\"><span class=\"ryNqvb\">A volte i suoi fratelli lo aiutano.<\/span><\/span> <span class=\"jCAhz ChMk0b\"><span class=\"ryNqvb\">Ma la disoccupazione \u00e8 gi\u00e0 oltre il 40 per cento a Gaza, risultato del blocco israeliano, e le sue possibilit\u00e0 di lavoro sono scarse.<\/span><\/span><\/p>\n<p><strong><span class=\"jCAhz ChMk0b\"><span class=\"ryNqvb\">L&#8217;occupazione non fa differenza<\/span><\/span> <\/strong><\/p>\n<p><span class=\"jCAhz ChMk0b\"><span class=\"ryNqvb\">Hasan al-Zaalan, capo dell&#8217;Unione generale palestinese delle persone con disabilit\u00e0, ha spiegato come le persone con disabilit\u00e0 debbano affrontare molti ostacoli durante gli attacchi di Israele.<\/span><\/span><\/p>\n<p><span class=\"jCAhz ChMk0b\"><span class=\"ryNqvb\">&#8220;Le persone con disabilit\u00e0 affrontano molti ostacoli durante le guerre, come avere una mobilit\u00e0 limitata mentre sfuggono ai bombardamenti&#8221;, ha affermato.<\/span><\/span> <span class=\"jCAhz ChMk0b\"><span class=\"ryNqvb\">\u201cL&#8217;occupazione non fa differenza tra le persone con disabilit\u00e0 e le altre durante la guerra.<\/span><\/span> <span class=\"jCAhz ChMk0b\"><span class=\"ryNqvb\">Non rispettano i loro diritti.<\/span><\/span> <span class=\"jCAhz ChMk0b\"><span class=\"ryNqvb\">Nell&#8217;ultima guerra, abbiamo avuto tre&#8230; martiri [che avevano disabilit\u00e0] e altri sono rimasti feriti&#8221;.<\/span><\/span> <span class=\"jCAhz ChMk0b\"><span class=\"ryNqvb\">Il 6 aprile 2018, Mahmoud Malakha, 34 anni, che vive nel quartiere Shujaiya di Gaza City, stava per recuperare la chiave del suo negozio di caff\u00e8 e snack da un dipendente che stava partecipando alla Grande Marcia del Ritorno lungo il confine con Israele.<\/span><\/span> <span class=\"jCAhz ChMk0b\"><span class=\"ryNqvb\">Era tra gli altri manifestanti quando &#8220;ha sentito una potente scossa elettrica alla gamba ed \u00e8 caduto a terra&#8221;, ha detto.<\/span><\/span><\/p>\n<p><span class=\"jCAhz ChMk0b\"><span class=\"ryNqvb\">&#8220;Il proiettile di un cecchino mi ha colpito alla gamba.&#8221;<\/span><\/span> <span class=\"jCAhz ChMk0b\"><span class=\"ryNqvb\">Dopo essere caduto a terra, la gente si \u00e8 accalcata intorno a lui ed \u00e8 stato portato su un&#8217;ambulanza.<\/span><\/span> <span class=\"jCAhz ChMk0b\"><span class=\"ryNqvb\">Questa non \u00e8 stata la prima ferita inflittagli da un&#8217;arma israeliana.<\/span><\/span> <span class=\"jCAhz ChMk0b\"><span class=\"ryNqvb\">Nella guerra a Gaza del 2009, era su un autobus con i suoi amici quando un attacco aereo israeliano ha colpito l&#8217;autobus.<\/span><\/span> <span class=\"jCAhz ChMk0b\"><span class=\"ryNqvb\">Malakha \u00e8 stato l&#8217;unico sopravvissuto.<\/span><\/span><\/p>\n<p><span class=\"jCAhz ChMk0b\"><span class=\"ryNqvb\">Non \u00e8 un giorno della sua vita in cui si sente a suo agio a parlare in dettaglio.<\/span><\/span> <span class=\"jCAhz ChMk0b\"><span class=\"ryNqvb\">&#8220;Ho trascorso un anno e sette mesi a letto, incapace di muovere le mani o il collo&#8221;, ha detto.<\/span><\/span> <span class=\"jCAhz ChMk0b\"><span class=\"ryNqvb\">\u201cHo dovuto indossare i pannolini perch\u00e9 non potevo andare in bagno\u201d.<\/span><\/span><\/p>\n<p><span class=\"jCAhz ChMk0b\"><span class=\"ryNqvb\">Nove anni dopo, fu nuovamente ricoverato in ospedale.<\/span><\/span> <span class=\"jCAhz ChMk0b\"><span class=\"ryNqvb\">I medici hanno insistito per l&#8217;amputazione immediata, ma Malakha ha rifiutato.<\/span><\/span> <span class=\"jCAhz ChMk0b\"><span class=\"ryNqvb\">Nei due anni successivi, ha subito dozzine di interventi chirurgici per aiutarlo a riprendere l&#8217;uso della gamba.<\/span><\/span> <span class=\"jCAhz ChMk0b\"><span class=\"ryNqvb\">Quando ha sviluppato un cancro alle ossa nel 2020, si \u00e8 sottoposto a chemioterapia, ma l&#8217;amputazione della gamba era l&#8217;unico modo per sradicare completamente il cancro.<\/span><\/span><\/p>\n<p><span class=\"jCAhz ChMk0b\"><span class=\"ryNqvb\">Nel settembre 2022, Malakha ha subito il suo 89esimo intervento chirurgico, secondo i suoi stessi conteggi.<\/span><\/span> <span class=\"jCAhz ChMk0b\"><span class=\"ryNqvb\">Si \u00e8 svegliato sette ore dopo per continuare la sua vita con una gamba sola.<\/span><\/span> <span class=\"jCAhz ChMk0b\"><span class=\"ryNqvb\">&#8220;Ho affrontato la situazione con un senso di normalit\u00e0&#8221;, ha detto.<\/span><\/span> <span class=\"jCAhz ChMk0b\"><span class=\"ryNqvb\">&#8220;Dopo l&#8217;operazione, sono tornato a casa, mi sono riposato, mi sono svegliato la mattina dopo e sono andato al mercato&#8221;.<\/span><\/span> <span class=\"jCAhz ChMk0b\"><span class=\"ryNqvb\">Come risarcimento per la gamba persa, Malakha riceve circa 165 dollari al mese.<\/span><\/span> <span class=\"jCAhz ChMk0b\"><span class=\"ryNqvb\">Un compenso che permette a malapena di fornire da mangiare alla moglie e ai quattro figli.<\/span><\/span><\/p>\n<p><span class=\"jCAhz ChMk0b\"><span class=\"ryNqvb\">Per sostenere la sua famiglia, Malakha ha aperto una caffetteria nel porto di Gaza.<\/span><\/span> <span class=\"jCAhz ChMk0b\"><span class=\"ryNqvb\">Ma c&#8217;erano troppe sfide da superare e ha fallito.<\/span><\/span> <span class=\"jCAhz ChMk0b\"><span class=\"ryNqvb\">Cos\u00ec \u00e8 diventato un tassista.<\/span><\/span> <span class=\"jCAhz ChMk0b\"><span class=\"ryNqvb\">&#8220;Arrendersi alle opinioni delle persone e alla dura realt\u00e0 porterebbe solo a eccessivi pensieri e stress&#8221;, ha detto.<\/span><\/span> <span class=\"jCAhz ChMk0b\"><span class=\"ryNqvb\">&#8220;Ho preso la decisione consapevole di non arrendermi&#8221;.<\/span><\/span><\/p>\n<p><span class=\"jCAhz ChMk0b\"><span class=\"ryNqvb\">Nella guerra del 2014, quando aveva ancora entrambe le gambe, la sua casa \u00e8 stata danneggiata da uno sciopero nelle vicinanze e la sua famiglia ha dovuto evacuare.<\/span><\/span> <span class=\"jCAhz ChMk0b\"><span class=\"ryNqvb\">\u201cNon c&#8217;\u00e8 dubbio che uscire dal secondo piano sia difficile.<\/span><\/span> <span class=\"jCAhz ChMk0b\"><span class=\"ryNqvb\">Posso concentrare la mia mente sulla difficolt\u00e0, ma non voglio.<\/span><\/span> <span class=\"jCAhz ChMk0b\"><span class=\"ryNqvb\">Mi far\u00e0 solo del male e distrugger\u00e0 i miei figli.<\/span><\/span> <span class=\"jCAhz ChMk0b\"><span class=\"ryNqvb\">Adattarmi a questa realt\u00e0 \u00e8 l&#8217;unica opzione che ho.<\/span><\/span><\/p>\n<p><em><span class=\"jCAhz ChMk0b\"><span class=\"ryNqvb\">Khaled El-Hissy \u00e8 un giornalista di Jabaliya nella Striscia di Gaza.<\/span><\/span><\/em><\/p>\n","protected":false},"excerpt":{"rendered":"<p>4 agosto 2023 &#8211; Khaled El-Hissy How do people with disabilities cope when Israel bombs Gaza? | The Electronic Intifada Emad Qudeih era seduto con i suoi amici sulla strada vicino a casa sua a Khan Younis quando una forte &hellip; <a href=\"https:\/\/reteitalianaism.it\/reteism\/index.php\/2023\/08\/07\/come-fanno-le-persone-con-disabilita-a-superare-i-bombardamenti-israeliani-a-gaza\/\">Continue reading <span class=\"meta-nav\">&rarr;<\/span><\/a><\/p>\n","protected":false},"author":6,"featured_media":0,"comment_status":"open","ping_status":"open","sticky":false,"template":"","format":"standard","meta":{"footnotes":""},"categories":[2,3],"tags":[9,156,75,176,23,24,25,165,204],"class_list":["post-19084","post","type-post","status-publish","format-standard","hentry","category-gaza-2","category-info","tag-apartheid","tag-assedio-di-gaza","tag-bombardamenti","tag-diritti-fondamentali","tag-diritti-umani","tag-diritto-al-ritorno","tag-gaza","tag-gaza-sotto-assedio","tag-rafah"],"_links":{"self":[{"href":"https:\/\/reteitalianaism.it\/reteism\/index.php\/wp-json\/wp\/v2\/posts\/19084","targetHints":{"allow":["GET"]}}],"collection":[{"href":"https:\/\/reteitalianaism.it\/reteism\/index.php\/wp-json\/wp\/v2\/posts"}],"about":[{"href":"https:\/\/reteitalianaism.it\/reteism\/index.php\/wp-json\/wp\/v2\/types\/post"}],"author":[{"embeddable":true,"href":"https:\/\/reteitalianaism.it\/reteism\/index.php\/wp-json\/wp\/v2\/users\/6"}],"replies":[{"embeddable":true,"href":"https:\/\/reteitalianaism.it\/reteism\/index.php\/wp-json\/wp\/v2\/comments?post=19084"}],"version-history":[{"count":1,"href":"https:\/\/reteitalianaism.it\/reteism\/index.php\/wp-json\/wp\/v2\/posts\/19084\/revisions"}],"predecessor-version":[{"id":19086,"href":"https:\/\/reteitalianaism.it\/reteism\/index.php\/wp-json\/wp\/v2\/posts\/19084\/revisions\/19086"}],"wp:attachment":[{"href":"https:\/\/reteitalianaism.it\/reteism\/index.php\/wp-json\/wp\/v2\/media?parent=19084"}],"wp:term":[{"taxonomy":"category","embeddable":true,"href":"https:\/\/reteitalianaism.it\/reteism\/index.php\/wp-json\/wp\/v2\/categories?post=19084"},{"taxonomy":"post_tag","embeddable":true,"href":"https:\/\/reteitalianaism.it\/reteism\/index.php\/wp-json\/wp\/v2\/tags?post=19084"}],"curies":[{"name":"wp","href":"https:\/\/api.w.org\/{rel}","templated":true}]}}