{"id":19089,"date":"2023-08-09T08:46:19","date_gmt":"2023-08-09T06:46:19","guid":{"rendered":"http:\/\/reteitalianaism.it\/reteism\/?p=19089"},"modified":"2023-08-09T08:46:43","modified_gmt":"2023-08-09T06:46:43","slug":"sei-prigionieri-palestinesi-continuano-il-loro-sciopero-della-fame","status":"publish","type":"post","link":"https:\/\/reteitalianaism.it\/reteism\/index.php\/2023\/08\/09\/sei-prigionieri-palestinesi-continuano-il-loro-sciopero-della-fame\/","title":{"rendered":"Sei prigionieri palestinesi continuano il loro sciopero della fame"},"content":{"rendered":"<p>8 agosto 2023 <a href=\"https:\/\/english.palinfo.com\/news\/2023\/8\/8\/Six-Palestinian-prisoners-continue-their-hunger-strike\">Six Palestinian prisoners continue their hunger strike (palinfo.com)<\/a><\/p>\n<p><a href=\"http:\/\/reteitalianaism.it\/reteism\/wp-content\/uploads\/2023\/08\/u.png\"><img loading=\"lazy\" decoding=\"async\" class=\" wp-image-19090 aligncenter\" src=\"http:\/\/reteitalianaism.it\/reteism\/wp-content\/uploads\/2023\/08\/u-300x154.png\" alt=\"\" width=\"429\" height=\"220\" srcset=\"https:\/\/reteitalianaism.it\/reteism\/wp-content\/uploads\/2023\/08\/u-300x154.png 300w, https:\/\/reteitalianaism.it\/reteism\/wp-content\/uploads\/2023\/08\/u-1024x527.png 1024w, https:\/\/reteitalianaism.it\/reteism\/wp-content\/uploads\/2023\/08\/u-768x395.png 768w, https:\/\/reteitalianaism.it\/reteism\/wp-content\/uploads\/2023\/08\/u.png 1085w\" sizes=\"auto, (max-width: 429px) 100vw, 429px\" \/><\/a><\/p>\n<p>RAMALLAH<\/p>\n<p>La Societ\u00e0 dei Prigionieri Palestinesi (PPS) ha dichiarato che 6 prigioneri palestinesi sono stati in sciopero della fame durante diversi periodi, per protestare contro la loro detenzione in corso.<\/p>\n<p>In un comunicato stampa, marted\u00ec, PPS ha dichiarato che il prigioniero Sultan Khaluf, 42 anni, \u00e8 stato in sciopero della fame dalla sua detenzione, il 3 agosto. Ha anche aggiunto che Khaluf \u00e8 un ex prigioniero, che era precedentemente stato in sciopero della fame per 67 giorni durante il suo precedente arresto.<!--more--><\/p>\n<p>I prigionieri Saif Hamdan, 29 anni, Saleh Rubaeyyah, 22 e Usamah Khalil, 25, continuano il loro sciopero per il decimo giorno, ha sottolineato la PPS, aggiungendo che sono attualmente incarcerati nella prigione di Naftha, confinati in celle di isolamento.<\/p>\n<p>La PPS ha poi comunicato che il prigioniero Qusai Khader, 25 anni, va avanti con il suo sciopero della fame per il decimo giorno e che il prigioniero Kayed al-Fasfous continua con lo sciopero per il sesto giorno.<\/p>\n<p>La societ\u00e0 fa presente che al-Fasfous \u00e8 un ex prigioniero che ha passato sette anni nelle carceri israeliane, aggiungendo che \u00e9 stato in sciopero della fame due volte durante le sue precedenti detenzioni.<\/p>\n<p>&nbsp;<\/p>\n","protected":false},"excerpt":{"rendered":"<p>8 agosto 2023 Six Palestinian prisoners continue their hunger strike (palinfo.com) RAMALLAH La Societ\u00e0 dei Prigionieri Palestinesi (PPS) ha dichiarato che 6 prigioneri palestinesi sono stati in sciopero della fame durante diversi periodi, per protestare contro la loro detenzione in &hellip; <a href=\"https:\/\/reteitalianaism.it\/reteism\/index.php\/2023\/08\/09\/sei-prigionieri-palestinesi-continuano-il-loro-sciopero-della-fame\/\">Continue reading <span class=\"meta-nav\">&rarr;<\/span><\/a><\/p>\n","protected":false},"author":6,"featured_media":0,"comment_status":"open","ping_status":"open","sticky":false,"template":"","format":"standard","meta":{"footnotes":""},"categories":[3,67],"tags":[9,70,92,145,44],"class_list":["post-19089","post","type-post","status-publish","format-standard","hentry","category-info","category-prigionieri","tag-apartheid","tag-detenzione-amministrativa","tag-diritti-dei-prigionieri","tag-sciopero","tag-sciopero-della-fame-2"],"_links":{"self":[{"href":"https:\/\/reteitalianaism.it\/reteism\/index.php\/wp-json\/wp\/v2\/posts\/19089","targetHints":{"allow":["GET"]}}],"collection":[{"href":"https:\/\/reteitalianaism.it\/reteism\/index.php\/wp-json\/wp\/v2\/posts"}],"about":[{"href":"https:\/\/reteitalianaism.it\/reteism\/index.php\/wp-json\/wp\/v2\/types\/post"}],"author":[{"embeddable":true,"href":"https:\/\/reteitalianaism.it\/reteism\/index.php\/wp-json\/wp\/v2\/users\/6"}],"replies":[{"embeddable":true,"href":"https:\/\/reteitalianaism.it\/reteism\/index.php\/wp-json\/wp\/v2\/comments?post=19089"}],"version-history":[{"count":1,"href":"https:\/\/reteitalianaism.it\/reteism\/index.php\/wp-json\/wp\/v2\/posts\/19089\/revisions"}],"predecessor-version":[{"id":19091,"href":"https:\/\/reteitalianaism.it\/reteism\/index.php\/wp-json\/wp\/v2\/posts\/19089\/revisions\/19091"}],"wp:attachment":[{"href":"https:\/\/reteitalianaism.it\/reteism\/index.php\/wp-json\/wp\/v2\/media?parent=19089"}],"wp:term":[{"taxonomy":"category","embeddable":true,"href":"https:\/\/reteitalianaism.it\/reteism\/index.php\/wp-json\/wp\/v2\/categories?post=19089"},{"taxonomy":"post_tag","embeddable":true,"href":"https:\/\/reteitalianaism.it\/reteism\/index.php\/wp-json\/wp\/v2\/tags?post=19089"}],"curies":[{"name":"wp","href":"https:\/\/api.w.org\/{rel}","templated":true}]}}