{"id":19117,"date":"2023-08-17T16:44:56","date_gmt":"2023-08-17T14:44:56","guid":{"rendered":"http:\/\/reteitalianaism.it\/reteism\/?p=19117"},"modified":"2023-08-17T16:44:56","modified_gmt":"2023-08-17T14:44:56","slug":"le-forze-israeliane-demoliscono-lunica-scuola-di-una-citta-beduina-palestinese","status":"publish","type":"post","link":"https:\/\/reteitalianaism.it\/reteism\/index.php\/2023\/08\/17\/le-forze-israeliane-demoliscono-lunica-scuola-di-una-citta-beduina-palestinese\/","title":{"rendered":"Le forze israeliane demoliscono l&#8217;unica scuola di una citt\u00e0 beduina palestinese"},"content":{"rendered":"<p><strong>\u00a0<a href=\"https:\/\/www.middleeasteye.net\/news\/israel-palestine-demolish-bedouin-school\">https:\/\/www.middleeasteye.net\/<\/a>\u00a0 \u00a0 \u00a0 \u00a0 \u00a0 17 agosto 2023<\/strong><\/p>\n<p>La demolizione arriva pochi giorni dopo che la scuola di Ras al-Teen vicino a Ramallah \u00e8 stata attaccata dai coloni israeliani<\/p>\n<div style=\"width: 508px\" class=\"wp-caption aligncenter\"><img loading=\"lazy\" decoding=\"async\" src=\"https:\/\/www.middleeasteye.net\/sites\/default\/files\/styles\/max_2600x2600\/public\/images-story\/classroom-ramallah-palestine.jpg?itok=a1tL_F2X\" alt=\"\" width=\"498\" height=\"280\" \/><p class=\"wp-caption-text\">La scuola Ras al-Teen ha istruito 50 bambini nella citt\u00e0 di Kafr Malik (Screengrab)<\/p><\/div>\n<p style=\"text-align: justify;\">Le forze israeliane hanno demolito una scuola palestinese che serve una comunit\u00e0 beduina locale nella citt\u00e0 di Kafr Malik, a est della citt\u00e0 occupata di Ramallah in Cisgiordania.<\/p>\n<p style=\"text-align: justify;\">L&#8217;operazione di demolizione \u00e8 iniziata gioved\u00ec mattina presto, pochi giorni dopo che i coloni israeliani hanno lanciato gli attacchi alla scuola, lasciando i banchi nelle aule capovolti e danneggiando le risorse.<\/p>\n<p style=\"text-align: justify;\">La gente del posto afferma che la distruzione dell&#8217;unica scuola della citt\u00e0 limiter\u00e0 le prospettive degli studenti e il loro accesso all&#8217;istruzione poich\u00e9 il mese prossimo inizier\u00e0 un nuovo anno accademico.<!--more--><\/p>\n<p style=\"text-align: justify;\">I video condivisi online mostrano grandi bulldozer che smantellano la scuola e falciano gran parte dell&#8217;edificio.<\/p>\n<p style=\"text-align: justify;\">Secondo i media locali, il ministero dell&#8217;Istruzione palestinese ha definito \u201costile\u201d la distruzione della scuola di Ras al-Teen, condannandola per \u201caver privato gli studenti del diritto all&#8217;istruzione\u201d.<br \/>\nIl ministero ha anche affermato che la mossa \u00e8 stata una flagrante violazione delle leggi internazionali e delle convenzioni sui diritti umani, comprese le risoluzioni che proteggono il diritto dei bambini all&#8217;istruzione.<\/p>\n<p style=\"text-align: justify;\">Invitando la comunit\u00e0 internazionale e le organizzazioni umanitarie ad agire, il Ministero dell&#8217;Istruzione ha affermato di essere disposto a lavorare con partner internazionali per sostenere gli studenti colpiti.<\/p>\n<p style=\"text-align: justify;\">Il capo del consiglio comunale, Najeh Rustom, ha detto alle agenzie di stampa locali che un certo numero di residenti \u00e8 stato recentemente costretto a lasciare l&#8217;area a causa di un aumento degli attacchi dei coloni contro di loro e le loro case.<\/p>\n<p style=\"text-align: justify;\">Circa 50 studenti frequentavano la scuola di Ras al-Teen, che aveva cinque aule.<\/p>\n<p style=\"text-align: justify;\">\nI residenti della citt\u00e0, circa 500 persone, erano stati precedentemente sfollati da altre aree dalle forze e dai coloni israeliani.<\/p>\n<p style=\"text-align: justify;\">All&#8217;inizio di quest&#8217;anno, Israele ha demolito un&#8217;altra scuola palestinese nel villaggio di Jabbet al-Dhib, vicino a Betlemme, suscitando pesanti critiche da parte dell&#8217;UE, che si \u00e8 detta &#8220;sconvolta&#8221; dalla distruzione di un istituto che aveva finanziato.<\/p>\n<p style=\"text-align: justify;\">A gennaio, un gruppo di esperti delle Nazioni Unite ha chiesto un&#8217;azione per fermare la demolizione &#8220;sistematica e deliberata&#8221; delle strutture palestinesi da parte di Israele.<\/p>\n<p style=\"text-align: justify;\">&#8220;Gli attacchi diretti alle case, alle scuole, ai mezzi di sussistenza e alle fonti d&#8217;acqua del popolo palestinese non sono altro che i tentativi di Israele di limitare il diritto dei palestinesi all&#8217;autodeterminazione e di minacciare la loro stessa esistenza&#8221;, hanno detto gli esperti in una dichiarazione.<\/p>\n<p style=\"text-align: justify;\">La Cisgiordania occupata ospita 2,9 milioni di palestinesi e circa 475.000 coloni ebrei che vivono in insediamenti approvati dallo stato e considerati illegali dal diritto internazionale.<\/p>\n","protected":false},"excerpt":{"rendered":"<p>\u00a0https:\/\/www.middleeasteye.net\/\u00a0 \u00a0 \u00a0 \u00a0 \u00a0 17 agosto 2023 La demolizione arriva pochi giorni dopo che la scuola di Ras al-Teen vicino a Ramallah \u00e8 stata attaccata dai coloni israeliani Le forze israeliane hanno demolito una scuola palestinese che serve una &hellip; <a href=\"https:\/\/reteitalianaism.it\/reteism\/index.php\/2023\/08\/17\/le-forze-israeliane-demoliscono-lunica-scuola-di-una-citta-beduina-palestinese\/\">Continue reading <span class=\"meta-nav\">&rarr;<\/span><\/a><\/p>\n","protected":false},"author":2,"featured_media":0,"comment_status":"open","ping_status":"open","sticky":false,"template":"","format":"standard","meta":{"footnotes":""},"categories":[3],"tags":[23,41,50,150],"class_list":["post-19117","post","type-post","status-publish","format-standard","hentry","category-info","tag-diritti-umani","tag-pulizia-etnica","tag-violenza-dei-coloni","tag-violenza-dellesercito"],"_links":{"self":[{"href":"https:\/\/reteitalianaism.it\/reteism\/index.php\/wp-json\/wp\/v2\/posts\/19117","targetHints":{"allow":["GET"]}}],"collection":[{"href":"https:\/\/reteitalianaism.it\/reteism\/index.php\/wp-json\/wp\/v2\/posts"}],"about":[{"href":"https:\/\/reteitalianaism.it\/reteism\/index.php\/wp-json\/wp\/v2\/types\/post"}],"author":[{"embeddable":true,"href":"https:\/\/reteitalianaism.it\/reteism\/index.php\/wp-json\/wp\/v2\/users\/2"}],"replies":[{"embeddable":true,"href":"https:\/\/reteitalianaism.it\/reteism\/index.php\/wp-json\/wp\/v2\/comments?post=19117"}],"version-history":[{"count":1,"href":"https:\/\/reteitalianaism.it\/reteism\/index.php\/wp-json\/wp\/v2\/posts\/19117\/revisions"}],"predecessor-version":[{"id":19118,"href":"https:\/\/reteitalianaism.it\/reteism\/index.php\/wp-json\/wp\/v2\/posts\/19117\/revisions\/19118"}],"wp:attachment":[{"href":"https:\/\/reteitalianaism.it\/reteism\/index.php\/wp-json\/wp\/v2\/media?parent=19117"}],"wp:term":[{"taxonomy":"category","embeddable":true,"href":"https:\/\/reteitalianaism.it\/reteism\/index.php\/wp-json\/wp\/v2\/categories?post=19117"},{"taxonomy":"post_tag","embeddable":true,"href":"https:\/\/reteitalianaism.it\/reteism\/index.php\/wp-json\/wp\/v2\/tags?post=19117"}],"curies":[{"name":"wp","href":"https:\/\/api.w.org\/{rel}","templated":true}]}}