{"id":19124,"date":"2023-08-19T16:04:19","date_gmt":"2023-08-19T14:04:19","guid":{"rendered":"http:\/\/reteitalianaism.it\/reteism\/?p=19124"},"modified":"2023-08-19T16:04:19","modified_gmt":"2023-08-19T14:04:19","slug":"la-polizia-israeliana-accusata-di-marchiare-la-stella-di-david-sulla-guancia-di-un-uomo-palestinese-rapporto","status":"publish","type":"post","link":"https:\/\/reteitalianaism.it\/reteism\/index.php\/2023\/08\/19\/la-polizia-israeliana-accusata-di-marchiare-la-stella-di-david-sulla-guancia-di-un-uomo-palestinese-rapporto\/","title":{"rendered":"La polizia israeliana accusata di marchiare la stella di David sulla guancia di un uomo palestinese: rapporto"},"content":{"rendered":"<p><strong>\u00a0 \u00a0 <a href=\"https:\/\/www.middleeasteye.net\/news\/israeli-police-accused-branding-star-of-david-palestinian-man-cheek-report\">https:\/\/www.middleeasteye.net\/<\/a>\u00a0 \u00a0 \u00a0 \u00a018 agosto 2023\u00a0<\/strong><\/p>\n<p>Secondo un notiziario israeliano, 16 agenti sono andati ad arrestare l&#8217;uomo e nessuna delle loro telecamere personali era funzionante.<\/p>\n<div style=\"width: 508px\" class=\"wp-caption aligncenter\"><img loading=\"lazy\" decoding=\"async\" src=\"https:\/\/www.middleeasteye.net\/sites\/default\/files\/styles\/max_2600x2600\/public\/images-story\/000_337T9MJ.jpg?itok=RU73273H\" alt=\"\" width=\"498\" height=\"280\" \/><p class=\"wp-caption-text\">Le guardie di frontiera israeliane scortano un palestinese arrestato nel campo profughi Shuafat di Gerusalemme est il 25 gennaio 2023 (AFP)<\/p><\/div>\n<p style=\"text-align: justify;\">Un uomo palestinese del campo profughi di Shuafat \u00e8 stato picchiato dalle forze israeliane che poi gli hanno stampato a fuoco la stella di David sulla guancia, mostrano i resoconti dei media israeliani.<\/p>\n<p style=\"text-align: justify;\">L&#8217;uomo palestinese, che non \u00e8 stato nominato pubblicamente, \u00e8 stato arrestato mercoled\u00ec ed \u00e8 stato sospettato dalla polizia israeliana di reati di traffico di droga, ha riferito Ynet.<\/p>\n<p style=\"text-align: justify;\">Esattamente 16 agenti di polizia erano presenti all&#8217;arresto e &#8220;nessuna delle loro telecamere sul corpo funzionava&#8221;, ha riferito Ynet.<!--more--><\/p>\n<p style=\"text-align: justify;\">&#8220;La brutalit\u00e0 della polizia israeliana contro i palestinesi continua a danneggiare gravemente e persino a uccidere i palestinesi costretti a vivere sotto l&#8217;estrema violenza quotidiana dell&#8217;apartheid israeliano&#8221;, ha twittato l&#8217;Institute for Middle East Understanding.<\/p>\n<p style=\"text-align: justify;\">Gioved\u00ec, l&#8217;avvocato dell&#8217;uomo ha presentato le accuse a un tribunale distrettuale di Gerusalemme. In tribunale, l&#8217;uomo ha detto che la polizia lo ha picchiato con pugni &#8220;su tutte le parti del corpo e gli ha coperto il viso con una striscia di stoffa&#8221; prima di stampargli la guancia con una stella di David, ha riferito Ynet.<\/p>\n<p style=\"text-align: justify;\">\n\u201cQuesto \u00e8 un caso molto grave di violenza e umiliazione di un detenuto da parte di agenti di polizia. L&#8217;ufficio del difensore pubblico considera il caso molto seriamente e si aspetta un trattamento immediato da parte delle forze di difesa israeliane e della polizia israeliana\u201d, ha affermato Vadim Shub, il difensore pubblico del distretto di Gerusalemme, ha riferito Ynet.<\/p>\n<p style=\"text-align: justify;\">\u201cIn quanto paese rispettoso della legge, non dobbiamo sopportare il fenomeno della violenza della polizia. In questo caso, la natura delle lesioni solleva un forte sospetto di tentata umiliazione su base razziale\u201d.<\/p>\n<p style=\"text-align: justify;\">Attenzione: l&#8217;immagine nel tweet qui sotto \u00e8 grafica:<\/p>\n<blockquote class=\"twitter-tweet\" data-width=\"550\" data-dnt=\"true\">\n<p lang=\"en\" dir=\"ltr\">Israeli Policemen beat up a Palestinian resident of Shuafat refugee camp, covered his face, tied him up, punched him and seard a Star of David on his face. 16 police officers with 16 body cams- all malfunctioned. One Palestinian with a tattooed Star of David. <\/p>\n<p>I feel sick <a href=\"https:\/\/t.co\/birBqorEtc\">pic.twitter.com\/birBqorEtc<\/a><\/p>\n<p>&mdash; Avner Gvaryahu (@AGvaryahu) <a href=\"https:\/\/twitter.com\/AGvaryahu\/status\/1692581162529489394?ref_src=twsrc%5Etfw\">August 18, 2023<\/a><\/p><\/blockquote>\n<p><script async src=\"https:\/\/platform.twitter.com\/widgets.js\" charset=\"utf-8\"><\/script><\/p>\n<p>&nbsp;<\/p>\n<p style=\"text-align: justify;\">La polizia israeliana ha risposto affermando che durante la perquisizione nell&#8217;abitazione dell&#8217;uomo, \u201csono state sequestrate sostanze sospettate di essere stupefacenti in quantit\u00e0 tale da non essere per consumo personale\u201d. La polizia ha affermato che l&#8217;uomo ha iniziato ad \u201cattaccare violentemente gli agenti di polizia con le gambe e ha resistito all&#8217;arresto\u201d.<\/p>\n<p style=\"text-align: justify;\">\u201cA causa delle sue azioni, gli agenti di polizia hanno dovuto usare una forza ragionevole fino al completamento della procedura di arresto. Nell&#8217;ambito delle indagini, la detenzione del sospettato \u00e8 stata prorogata dal tribunale fino al 20 agosto. Per quanto riguarda le accuse relative a questo o quel comportamento, \u00e8 opportuno che siano esaminate dalle autorit\u00e0 competenti\u201d.<\/p>\n<p style=\"text-align: justify;\">Yousef Munayyer, l&#8217;ex direttore esecutivo della Campagna statunitense per i diritti dei palestinesi, ha detto che \u00e8 stato orribile.<\/p>\n<p style=\"text-align: justify;\">&#8220;Questo \u00e8 apartheid e i nostri soldi delle tasse lo sostengono ogni giorno&#8221;, ha twittato.<\/p>\n<p style=\"text-align: justify;\">&#8220;Questo \u00e8 letteralmente ci\u00f2 che sembra quando lo stato si basa sulla supremazia ebraica, i poliziotti sanno che saranno celebrati e non ritenuti responsabili della tortura dei prigionieri marchiando i loro volti con una stella di David&#8221;.<\/p>\n<p style=\"text-align: justify;\">Canadians for Justice and Peace in the Middle East ha affermato che questa &#8220;\u00e8 la violenza fascista dell&#8217;occupazione israeliana&#8221;.<\/p>\n","protected":false},"excerpt":{"rendered":"<p>\u00a0 \u00a0 https:\/\/www.middleeasteye.net\/\u00a0 \u00a0 \u00a0 \u00a018 agosto 2023\u00a0 Secondo un notiziario israeliano, 16 agenti sono andati ad arrestare l&#8217;uomo e nessuna delle loro telecamere personali era funzionante. Un uomo palestinese del campo profughi di Shuafat \u00e8 stato picchiato dalle forze &hellip; <a href=\"https:\/\/reteitalianaism.it\/reteism\/index.php\/2023\/08\/19\/la-polizia-israeliana-accusata-di-marchiare-la-stella-di-david-sulla-guancia-di-un-uomo-palestinese-rapporto\/\">Continue reading <span class=\"meta-nav\">&rarr;<\/span><\/a><\/p>\n","protected":false},"author":2,"featured_media":0,"comment_status":"open","ping_status":"open","sticky":false,"template":"","format":"standard","meta":{"footnotes":""},"categories":[3],"tags":[9,22,23,278,83],"class_list":["post-19124","post","type-post","status-publish","format-standard","hentry","category-info","tag-apartheid","tag-diritti-prigionieri","tag-diritti-umani","tag-shufat-camp","tag-violenza-dei-soldati"],"_links":{"self":[{"href":"https:\/\/reteitalianaism.it\/reteism\/index.php\/wp-json\/wp\/v2\/posts\/19124","targetHints":{"allow":["GET"]}}],"collection":[{"href":"https:\/\/reteitalianaism.it\/reteism\/index.php\/wp-json\/wp\/v2\/posts"}],"about":[{"href":"https:\/\/reteitalianaism.it\/reteism\/index.php\/wp-json\/wp\/v2\/types\/post"}],"author":[{"embeddable":true,"href":"https:\/\/reteitalianaism.it\/reteism\/index.php\/wp-json\/wp\/v2\/users\/2"}],"replies":[{"embeddable":true,"href":"https:\/\/reteitalianaism.it\/reteism\/index.php\/wp-json\/wp\/v2\/comments?post=19124"}],"version-history":[{"count":1,"href":"https:\/\/reteitalianaism.it\/reteism\/index.php\/wp-json\/wp\/v2\/posts\/19124\/revisions"}],"predecessor-version":[{"id":19125,"href":"https:\/\/reteitalianaism.it\/reteism\/index.php\/wp-json\/wp\/v2\/posts\/19124\/revisions\/19125"}],"wp:attachment":[{"href":"https:\/\/reteitalianaism.it\/reteism\/index.php\/wp-json\/wp\/v2\/media?parent=19124"}],"wp:term":[{"taxonomy":"category","embeddable":true,"href":"https:\/\/reteitalianaism.it\/reteism\/index.php\/wp-json\/wp\/v2\/categories?post=19124"},{"taxonomy":"post_tag","embeddable":true,"href":"https:\/\/reteitalianaism.it\/reteism\/index.php\/wp-json\/wp\/v2\/tags?post=19124"}],"curies":[{"name":"wp","href":"https:\/\/api.w.org\/{rel}","templated":true}]}}