{"id":19267,"date":"2023-09-20T09:41:59","date_gmt":"2023-09-20T07:41:59","guid":{"rendered":"http:\/\/reteitalianaism.it\/reteism\/?p=19267"},"modified":"2023-09-20T09:43:29","modified_gmt":"2023-09-20T07:43:29","slug":"la-mia-ultima-lettera-pronuncia-le-parole-che-ci-hanno-insegnato-a-temere","status":"publish","type":"post","link":"https:\/\/reteitalianaism.it\/reteism\/index.php\/2023\/09\/20\/la-mia-ultima-lettera-pronuncia-le-parole-che-ci-hanno-insegnato-a-temere\/","title":{"rendered":"La mia ultima lettera: pronuncia le parole che ci hanno insegnato a temere"},"content":{"rendered":"<p>15 settembre 2023 &#8211; <a href=\"https:\/\/www.972mag.com\/writer\/edokonrad\/\">Edo Konrad<\/a><\/p>\n<p><a href=\"https:\/\/www.972mag.com\/edo-konrad-last-letter\/\">My last letter: Speak the words we were taught to fear (972mag.com)<\/a><\/p>\n<p><em>Il caporedattore uscente di +972 riflette sui cambiamenti apportati al sito e sul campo durante il suo mandato, e chiede coraggio per affrontare la realt\u00e0 a testa alta.<\/em><\/p>\n<div id=\"attachment_19268\" style=\"width: 436px\" class=\"wp-caption aligncenter\"><a href=\"http:\/\/reteitalianaism.it\/reteism\/wp-content\/uploads\/2023\/09\/Capture-3.png\"><img loading=\"lazy\" decoding=\"async\" aria-describedby=\"caption-attachment-19268\" class=\"wp-image-19268\" src=\"http:\/\/reteitalianaism.it\/reteism\/wp-content\/uploads\/2023\/09\/Capture-3-300x191.png\" alt=\"\" width=\"426\" height=\"271\" srcset=\"https:\/\/reteitalianaism.it\/reteism\/wp-content\/uploads\/2023\/09\/Capture-3-300x191.png 300w, https:\/\/reteitalianaism.it\/reteism\/wp-content\/uploads\/2023\/09\/Capture-3-1024x653.png 1024w, https:\/\/reteitalianaism.it\/reteism\/wp-content\/uploads\/2023\/09\/Capture-3-768x490.png 768w, https:\/\/reteitalianaism.it\/reteism\/wp-content\/uploads\/2023\/09\/Capture-3.png 1186w\" sizes=\"auto, (max-width: 426px) 100vw, 426px\" \/><\/a><p id=\"caption-attachment-19268\" class=\"wp-caption-text\">Edo Konrad. (Oren Ziv)<\/p><\/div>\n<p><span class=\"jCAhz ChMk0b\"><span class=\"ryNqvb\">C&#8217;\u00e8 un tempo per ogni cosa,<\/span><\/span><br \/>\n<span class=\"jCAhz ChMk0b\"><span class=\"ryNqvb\">e una stagione per ogni attivit\u00e0 sotto il cielo:<\/span><\/span><br \/>\n<span class=\"jCAhz ChMk0b\"><span class=\"ryNqvb\">un tempo per nascere e un tempo per morire,<\/span><\/span><br \/>\n<span class=\"jCAhz ChMk0b\"><span class=\"ryNqvb\">un tempo per piantare<br \/>\ne un tempo per sradicare,<\/span><\/span><br \/>\n<span class=\"jCAhz ChMk0b\"><span class=\"ryNqvb\">un tempo per uccidere<br \/>\ne un tempo per guarire,<\/span><\/span><br \/>\n<span class=\"jCAhz ChMk0b\"><span class=\"ryNqvb\">un tempo per abbattere<br \/>\ne un tempo per costruire.<\/span><\/span><\/p>\n<p><span class=\"jCAhz ChMk0b\"><span class=\"ryNqvb\">(Ecclesiaste 3:1-3)<\/span><\/span> <!--more--><\/p>\n<p><span class=\"jCAhz ChMk0b\"><span class=\"ryNqvb\">Nell&#8217;estate del 2010 lavoravo in un piccolo studio legale a San Francisco.<\/span><\/span> <span class=\"jCAhz ChMk0b\"><span class=\"ryNqvb\">Appena uscito dal college, ho ottenuto il lavoro tramite un amico di famiglia che ha visto in me del potenziale come una sorta di quasi-assistente legale.<\/span><\/span> <span class=\"jCAhz ChMk0b\"><span class=\"ryNqvb\">Le giornate erano lunghe e il lavoro era impegnativo, ma la mia mente era altrove, quasi mai concentrata sui fogli di calcolo o sul tentativo di decifrare il linguaggio legale.<\/span><\/span><\/p>\n<p><span class=\"jCAhz ChMk0b\"><span class=\"ryNqvb\">Quella primavera, i soldati israeliani avevano fatto un raid sulla Mavi Marmara, una nave passeggeri che trasportava aiuti a Gaza, uccidendo nove attivisti a bordo.<\/span><\/span> <span class=\"jCAhz ChMk0b\"><span class=\"ryNqvb\">Un anno prima, Israele aveva fatto piovere fuoco infernale su Gaza durante l\u2019operazione Piombo Fuso, uccidendo 1.400 palestinesi nella Striscia assediata.<\/span><\/span><\/p>\n<p><span class=\"jCAhz ChMk0b\"><span class=\"ryNqvb\">Sono cresciuto in una casa israeliana nel nord della California, e durante i miei anni universitari ero stato politicizzato sulla questione Israele-Palestina, ma avevo un disperato bisogno di qualcuno che mi dicesse cosa diavolo stesse realmente succedendo in un paese il cui destino sembrava intrecciato con<\/span><\/span> <span class=\"jCAhz ChMk0b\"><span class=\"ryNqvb\">il mio, nonostante avessi appena iniziato a coglierne i fondamenti.<\/span><\/span><\/p>\n<p><span class=\"jCAhz ChMk0b\"><span class=\"ryNqvb\">Non ricordo come mi sono imbattuto in +972 Magazine in quei mesi ma, come molti altri, sono state le foto dei profili dei cartoni animati degli scrittori a catturare la mia attenzione.<\/span><\/span> <span class=\"jCAhz ChMk0b\"><span class=\"ryNqvb\">Erano il segno distintivo del sito \u2013 che, all\u2019epoca, era pi\u00f9 un blog collettivizzato disordinato gestito da sinistra israeliana e palestinese \u2013 e un invito a interagire con persone che la pensavano come me, facevano domande come me, e in un certo senso<\/span><\/span><span class=\"jCAhz ChMk0b\"><span class=\"ryNqvb\"> mi somigliavano.<\/span><\/span> <span class=\"jCAhz ChMk0b\"><span class=\"ryNqvb\">All\u2019improvviso, nell&#8217;essere un israeliano che metteva in discussione l\u2019occupazione, o addirittura il sionismo, non mi sentivo pi\u00f9 cos\u00ec solo.<\/span><\/span> <span class=\"jCAhz ChMk0b\"><span class=\"ryNqvb\">Leggevo il sito ogni giorno, aspettando voracemente che appaia il prossimo post sul blog, discussione di gruppo o analisi.<\/span><\/span> <span class=\"jCAhz ChMk0b\"><span class=\"ryNqvb\">Qualche anno dopo, dopo essermi trasferito a Tel Aviv, sarei diventato collega e amico dei blogger.<\/span><\/span><\/p>\n<p><span class=\"jCAhz ChMk0b\"><span class=\"ryNqvb\">Sono qui a scrivere questa lettera per un mix di fortuna e faccia tosta.<\/span><\/span> <span class=\"jCAhz ChMk0b\"><span class=\"ryNqvb\">Mi \u00e8 stato chiesto di unirmi a +972 nel 2012 dopo che Noa Yachot, allora caporedattore del sito, aveva apprezzato alcune delle cose ironiche che avevo scritto su Israele sui social media.<\/span><\/span> <span class=\"jCAhz ChMk0b\"><span class=\"ryNqvb\">Avevo poca esperienza giornalistica, non avevo mai commissionato una storia e non avrei potuto dire cosa fa risaltare un titolo o un sottotitolo.<\/span><\/span> <span class=\"jCAhz ChMk0b\"><span class=\"ryNqvb\">In breve, le persone che ammiravo mi hanno dato una possibilit\u00e0.<\/span><\/span><\/p>\n<p><span class=\"jCAhz ChMk0b\"><span class=\"ryNqvb\">Ora, 11 anni dopo, lascio il sito e finalmente ho l&#8217;opportunit\u00e0 di riflettere.<\/span><\/span><\/p>\n<p><span class=\"jCAhz ChMk0b\"><span class=\"ryNqvb\">+972 ha ampliato la mia curiosit\u00e0 e mi ha trasformato in uno studente diligente.<\/span><\/span> <span class=\"jCAhz ChMk0b\"><span class=\"ryNqvb\">Ho imparato da vicino ci\u00f2 che il progetto sionista aveva prodotto sui palestinesi;<\/span><\/span> <span class=\"jCAhz ChMk0b\"><span class=\"ryNqvb\">sulle lotte delle persone che vivono sotto pi\u00f9 di mezzo secolo di occupazione militare, assedio e furto di terre;<\/span><\/span> <span class=\"jCAhz ChMk0b\"><span class=\"ryNqvb\">sui rifugiati palestinesi, dove vivevano una volta e chi vive al loro posto oggi.<\/span><\/span> <span class=\"jCAhz ChMk0b\"><span class=\"ryNqvb\">Ho anche conosciuto la storia e il presente di altre comunit\u00e0 che compongono questa terra: gli ebrei Mizrahi che furono umiliati e sottomessi dallo Stato;<\/span><\/span> <span class=\"jCAhz ChMk0b\"><span class=\"ryNqvb\">Richiedenti asilo africani che lottano per un riparo e una dignit\u00e0 fondamentale;<\/span><\/span> <span class=\"jCAhz ChMk0b\"><span class=\"ryNqvb\">Gli israelo-etiopi si trovano ad affrontare una forza di polizia brutale e uno stato carcerario.<\/span><\/span> <span class=\"jCAhz ChMk0b\"><span class=\"ryNqvb\">E tanti altri.<\/span><\/span><\/p>\n<p>Forse la cosa pi\u00f9 importante \u00e8 che ho imparato a conoscere me stesso, il mio posto in queste lotte e cosa significa essere un essere umano in una terra dove alcuni esseri umani contano pi\u00f9 di altri.<\/p>\n<p><span class=\"jCAhz ChMk0b\"><span class=\"ryNqvb\">Sono orgoglioso di dire che durante il mio periodo presso +972, ho spinto ad espandere il tipo di voci che apparivano sul sito.<\/span><\/span> <span class=\"jCAhz ChMk0b\"><span class=\"ryNqvb\">Ho deciso di trasformare quella che era iniziata come una piattaforma costruita da scrittori brillanti ma relativamente omogenei in una che includesse pi\u00f9 palestinesi e donne, e di fare luce su argomenti senza un vero corpus in inglese, come la lotta dei mizrahi o la cultura alternativa e radicale.<\/span><\/span><\/p>\n<p><span class=\"jCAhz ChMk0b\"><span class=\"ryNqvb\">Quando sono diventato caporedattore alla fine del 2019, sapevo che dovevamo indirizzare il sito verso una vera forma di binazionalismo, in cui la diversit\u00e0 dello staff non sarebbe stata semplicemente un mezzo per spuntare le caselle.<\/span><\/span> <span class=\"jCAhz ChMk0b\"><span class=\"ryNqvb\">Volevo che i +972 sfidassero i nostri lettori, i nostri scrittori e noi stessi a immaginare un&#8217;esistenza condivisa basata sulla reale uguaglianza.<\/span><\/span> <span class=\"jCAhz ChMk0b\"><span class=\"ryNqvb\">Essere parte di una lotta contro il colonialismo, la violenza di stato e il razzismo dal fiume al mare, in contrasto con l\u2019essenza stessa di questo regime.<\/span><\/span><\/p>\n<p><span class=\"jCAhz ChMk0b\"><span class=\"ryNqvb\">Un sito come +972 non potr\u00e0 mai portare alla liberazione o all\u2019uguaglianza.<\/span><\/span> <span class=\"jCAhz ChMk0b\"><span class=\"ryNqvb\">Ma potrebbe, forse, svolgere un ruolo nell\u2019affrontare le domande a cui \u00e8 necessario rispondere (proprio come quelle a cui avevo disperatamente bisogno di una risposta 13 anni prima), ispirando le persone ad agire e mantenendo viva anche la pi\u00f9 piccola fiamma di speranza in un luogo dove<\/span><\/span>\u00a0<span class=\"jCAhz ChMk0b\"><span class=\"ryNqvb\">spesso non c\u2019\u00e8 altra scelta che credere che le cose possano essere diverse.<\/span><\/span> <span class=\"jCAhz ChMk0b\"><span class=\"ryNqvb\">In questo, nonostante la realt\u00e0 implacabilmente violenta e le ore di lavoro estenuanti, penso di essere riuscito.<\/span><\/span><\/p>\n<p><span class=\"jCAhz ChMk0b\"><span class=\"ryNqvb\">Lascio +972 nelle migliori condizioni.<\/span><\/span> <span class=\"jCAhz ChMk0b\"><span class=\"ryNqvb\">Undici anni dopo che queste persone mi hanno dato una possibilit\u00e0, \u00e8 tempo di fare qualcosa di nuovo e di permettere al sito di crescere ulteriormente.<\/span><\/span> <span class=\"jCAhz ChMk0b\"><span class=\"ryNqvb\">Non ho assolutamente alcun dubbio che Ghousoon Bisharat, il nuovo redattore capo di +972 e giornalista con anni di esperienza, non solo continuer\u00e0 a costruire questa eredit\u00e0, ma guider\u00e0 il sito in una nuova era.<\/span><\/span> <span class=\"jCAhz ChMk0b\"><span class=\"ryNqvb\">Lascio +972 nelle mani dei miei colleghi e amici, i pi\u00f9 grandi redattori e collaboratori che avrei potuto immaginare, che hanno costantemente sfidato me e il sito a migliorare e lottare per ottenere di pi\u00f9.<\/span><\/span> <span class=\"jCAhz ChMk0b\"><span class=\"ryNqvb\">Tutto ci\u00f2 che si legge su +972 \u00e8 il prodotto del nostro lavoro collettivo e dietro ogni articolo ci sono ore di cura scrupolosa, riflessione e professionalit\u00e0.<\/span><\/span><\/p>\n<p><span class=\"jCAhz ChMk0b\"><span class=\"ryNqvb\">Sarei negligente se non dicessi una parola su questo pericoloso momento politico.<\/span><\/span> <span class=\"jCAhz ChMk0b\"><span class=\"ryNqvb\">L\u2019estrema destra israeliana \u00e8 all\u2019apice del suo potere, e la sua campagna per neutralizzare di fatto la Corte Suprema, o qualsiasi altro popolo che abbia agito come guardiano della \u201cdemocrazia israeliana\u201d, \u00e8 quella che cerca di scatenare tutta l\u2019ira di un sistema coloniale,<\/span><\/span> <span class=\"jCAhz ChMk0b\"><span class=\"ryNqvb\">stato di apartheid.<\/span><\/span> <span class=\"jCAhz ChMk0b\"><span class=\"ryNqvb\">L\u2019uomo incaricato di governare l\u2019occupazione \u00e8 un colono fondamentalista che lavora attivamente per accelerare la pulizia etnica dei palestinesi: un sogno per lui e un incubo per milioni di persone.<\/span><\/span> <span class=\"jCAhz ChMk0b\"><span class=\"ryNqvb\">L\u2019uomo a capo della polizia \u00e8 un buffone kahanista il cui unico obiettivo \u00e8 seminare il caos e trasformare la vita dei cittadini palestinesi e delle minoranze israeliane in un inferno vivente.<\/span><\/span> <span class=\"jCAhz ChMk0b\"><span class=\"ryNqvb\">L\u2019uomo al comando dell\u2019intero paese \u00e8 un autoritario debole e in declino, il cui regno sta lentamente giungendo al termine.<\/span><\/span> <span class=\"jCAhz ChMk0b\"><span class=\"ryNqvb\">Tremo al pensiero di chi lo sostituir\u00e0 come leader di questa destra incoraggiata.<\/span><\/span><\/p>\n<p><span class=\"jCAhz ChMk0b\"><span class=\"ryNqvb\">La situazione di questa crisi \u2013 e non commettete errori, \u00e8 estremamente pericolosa \u2013 \u00e8 stata esposta a lungo.<\/span><\/span> <span class=\"jCAhz ChMk0b\"><span class=\"ryNqvb\">Le sue radici furono piantate molto tempo fa dal movimento sionista che cercava di dominare il territorio e i suoi residenti palestinesi, al diavolo le conseguenze.<\/span><\/span> <span class=\"jCAhz ChMk0b\"><span class=\"ryNqvb\">Si pu\u00f2 far risalire a prima che il movimento dei coloni nei territori occupati nel 1967 prendesse il controllo dello Stato, fino all\u2019instaurazione di un regime \u201cebraico e democratico\u201d che decise, fin dal suo inizio, che la vita dei suoi ebrei sarebbe avvenuta a scapito dei nativi.<\/span><\/span> <span class=\"jCAhz ChMk0b\"><span class=\"ryNqvb\">Palestinesi.<\/span><\/span><\/p>\n<p><span class=\"jCAhz ChMk0b\"><span class=\"ryNqvb\">Per capire come agire oggi dobbiamo smettere di temere il linguaggio che descrive cos\u00ec accuratamente il regime che governa la vita dei palestinesi e degli ebrei tra il fiume e il mare.<\/span><\/span> <span class=\"jCAhz ChMk0b\"><span class=\"ryNqvb\">Non temere termini come colonialismo.<\/span><\/span> <span class=\"jCAhz ChMk0b\"><span class=\"ryNqvb\">Non temere una parola come apartheid.<\/span><\/span> <span class=\"jCAhz ChMk0b\"><span class=\"ryNqvb\">Non abbiate paura del BDS.<\/span><\/span> <span class=\"jCAhz ChMk0b\"><span class=\"ryNqvb\">Quanto pi\u00f9 velocemente li normalizziamo per noi stessi, i nostri amici, le nostre famiglie, le nostre comunit\u00e0, tanto pi\u00f9 velocemente potremo sognare nuove forme di resistenza.<\/span><\/span><\/p>\n<p><span class=\"jCAhz ChMk0b\"><span class=\"ryNqvb\">Non c&#8217;\u00e8 pi\u00f9 tempo.<\/span><\/span> <span class=\"jCAhz ChMk0b\"><span class=\"ryNqvb\">Le trasformazioni nella politica israeliana che stanno avvenendo davanti ai nostri occhi, in cui ampie fasce dell\u2019opinione pubblica ebraico-israeliana sono finalmente costrette a fare i conti con la brutale violenza dell\u2019occupazione e la visione della leadership dei coloni, sono uno sviluppo positivo che presenta nuove<\/span><\/span> <span class=\"jCAhz ChMk0b\"><span class=\"ryNqvb\">opportunit\u00e0 di cambiamento.<\/span><\/span> <span class=\"jCAhz ChMk0b\"><span class=\"ryNqvb\">Ma siamo sull&#8217;orlo un precipizio e nessuna speranza o pio desiderio ci riporter\u00e0 indietro: solo il coraggio e la volont\u00e0 di pronunciare le parole che ci hanno insegnato a temere.<\/span><\/span><\/p>\n<p><span class=\"jCAhz ChMk0b\"><span class=\"ryNqvb\">Infine, questa sar\u00e0 la prima volta in cui potr\u00f2 allontanarmi da +972 e diventare un membro pagante del sito, per assicurarmi che noi \u2013 mi dispiace, loro \u2013 possiamo continuare a farlo negli anni a venire.<\/span><\/span> <span class=\"jCAhz ChMk0b\"><span class=\"ryNqvb\">Se potete permettervelo, vi esorto a fare lo stesso, ad accogliere Ghousoon come nuovo redattore capo, a sostenere i nostri redattori e scrittori e ad assicurarvi che +972 rimanga un luogo per il tipo di giornalismo che \u00e8 cos\u00ec popolare.<\/span><\/span> <span class=\"jCAhz ChMk0b\"><span class=\"ryNqvb\">che manca tra il fiume e il mare: sincero, coraggioso e compassionevole.<\/span><\/span><\/p>\n<p><span class=\"jCAhz ChMk0b\"><span class=\"ryNqvb\">Grazie infinitamente per il vostro supporto in questi anni.<\/span><\/span> <span class=\"jCAhz ChMk0b\"><span class=\"ryNqvb\">\u00c8 stato davvero un onore fare questo lavoro.<\/span><\/span><\/p>\n<p>Con amore,<br \/>\nEdo Konrad<\/p>\n<p>&nbsp;<\/p>\n<p>&nbsp;<\/p>\n<p>&nbsp;<\/p>\n<p>&nbsp;<\/p>\n","protected":false},"excerpt":{"rendered":"<p>15 settembre 2023 &#8211; Edo Konrad My last letter: Speak the words we were taught to fear (972mag.com) Il caporedattore uscente di +972 riflette sui cambiamenti apportati al sito e sul campo durante il suo mandato, e chiede coraggio per &hellip; <a href=\"https:\/\/reteitalianaism.it\/reteism\/index.php\/2023\/09\/20\/la-mia-ultima-lettera-pronuncia-le-parole-che-ci-hanno-insegnato-a-temere\/\">Continue reading <span class=\"meta-nav\">&rarr;<\/span><\/a><\/p>\n","protected":false},"author":6,"featured_media":0,"comment_status":"open","ping_status":"open","sticky":false,"template":"","format":"standard","meta":{"footnotes":""},"categories":[3,68],"tags":[9,389,37,42],"class_list":["post-19267","post","type-post","status-publish","format-standard","hentry","category-info","category-opinioni","tag-apartheid","tag-colonialismo","tag-occupazione","tag-resistenza"],"_links":{"self":[{"href":"https:\/\/reteitalianaism.it\/reteism\/index.php\/wp-json\/wp\/v2\/posts\/19267","targetHints":{"allow":["GET"]}}],"collection":[{"href":"https:\/\/reteitalianaism.it\/reteism\/index.php\/wp-json\/wp\/v2\/posts"}],"about":[{"href":"https:\/\/reteitalianaism.it\/reteism\/index.php\/wp-json\/wp\/v2\/types\/post"}],"author":[{"embeddable":true,"href":"https:\/\/reteitalianaism.it\/reteism\/index.php\/wp-json\/wp\/v2\/users\/6"}],"replies":[{"embeddable":true,"href":"https:\/\/reteitalianaism.it\/reteism\/index.php\/wp-json\/wp\/v2\/comments?post=19267"}],"version-history":[{"count":1,"href":"https:\/\/reteitalianaism.it\/reteism\/index.php\/wp-json\/wp\/v2\/posts\/19267\/revisions"}],"predecessor-version":[{"id":19269,"href":"https:\/\/reteitalianaism.it\/reteism\/index.php\/wp-json\/wp\/v2\/posts\/19267\/revisions\/19269"}],"wp:attachment":[{"href":"https:\/\/reteitalianaism.it\/reteism\/index.php\/wp-json\/wp\/v2\/media?parent=19267"}],"wp:term":[{"taxonomy":"category","embeddable":true,"href":"https:\/\/reteitalianaism.it\/reteism\/index.php\/wp-json\/wp\/v2\/categories?post=19267"},{"taxonomy":"post_tag","embeddable":true,"href":"https:\/\/reteitalianaism.it\/reteism\/index.php\/wp-json\/wp\/v2\/tags?post=19267"}],"curies":[{"name":"wp","href":"https:\/\/api.w.org\/{rel}","templated":true}]}}