{"id":19302,"date":"2023-09-29T21:04:42","date_gmt":"2023-09-29T19:04:42","guid":{"rendered":"http:\/\/reteitalianaism.it\/reteism\/?p=19302"},"modified":"2023-09-29T21:09:39","modified_gmt":"2023-09-29T19:09:39","slug":"a-casa-dei-martiri-shaid","status":"publish","type":"post","link":"https:\/\/reteitalianaism.it\/reteism\/index.php\/2023\/09\/29\/a-casa-dei-martiri-shaid\/","title":{"rendered":"A casa dei martiri (shaid)"},"content":{"rendered":"<h3><a href=\"https:\/\/palsolidarity.org\/2023\/09\/a-visit-to-the-houses-of-the-martyrs-in-nur-al-shams\/\">https:\/\/palsolidarity.org\/<\/a>\u00a0 \u00a0 \u00a0 \u00a0 \u00a0 \u00a0 \u00a0 \u00a0 \u00a0<strong>29 settembre 2023<\/strong><\/h3>\n<h3>Visita di solidariet\u00e0 al campo di Nur Shams, in seguito alla morte di Abdulrahman Abu Daghash e Oseed Farhan Abu Ali, uccisi da colpi indiscriminati delle forze di occupazione israeliane durante il raid di domenica 24 settembre.<a href=\"http:\/\/reteitalianaism.it\/reteism\/index.php\/2023\/09\/29\/a-casa-dei-martiri-shaid\/signal-2023-09-27-123313-am\/\" rel=\"attachment wp-att-19303\"><img loading=\"lazy\" decoding=\"async\" class=\"aligncenter wp-image-19303\" src=\"http:\/\/reteitalianaism.it\/reteism\/wp-content\/uploads\/2023\/09\/signal-2023-09-27-123313-AM-200x300.jpeg\" alt=\"\" width=\"441\" height=\"662\" srcset=\"https:\/\/reteitalianaism.it\/reteism\/wp-content\/uploads\/2023\/09\/signal-2023-09-27-123313-AM-200x300.jpeg 200w, https:\/\/reteitalianaism.it\/reteism\/wp-content\/uploads\/2023\/09\/signal-2023-09-27-123313-AM-768x1151.jpeg 768w, https:\/\/reteitalianaism.it\/reteism\/wp-content\/uploads\/2023\/09\/signal-2023-09-27-123313-AM-1025x1536.jpeg 1025w, https:\/\/reteitalianaism.it\/reteism\/wp-content\/uploads\/2023\/09\/signal-2023-09-27-123313-AM.jpeg 1080w\" sizes=\"auto, (max-width: 441px) 100vw, 441px\" \/><\/a><\/h3>\n<div class=\"xdj266r x11i5rnm xat24cr x1mh8g0r x1vvkbs x126k92a\">\n<h3 dir=\"auto\" style=\"text-align: justify;\">Fa caldo, \u00e8 il terzo giorno di lutto. Continuano le visite, solo donne, gli uomini non ci fanno entrare. Invece &#8220;venite con me sono il fratello&#8221;, e ci porta di sopra a casa sua, anzi no prima andiamo sul tetto a vedere. Non il panorama, ma la strisciata di sangue lasciata da Abdulrahman. &#8220;Era salito a vedere, io gli dicevo vieni dentro, \u00e8 pericoloso. Cade in avanti, cerco di trattenere il corpo, non ce la faccio, ho sangue sulle mani, forse mi hanno colpito. No \u00e8 lui che sanguina, chiedo aiuto. Mia moglie e sua moglie vedendolo si bloccano sul tetto, non riescono a reagire. Finalmente qualcuno mi aiuta, viene chiamata l&#8217;ambulanza. Ora che arriviamo gi\u00f9 l&#8217;ambulanza \u00e8 gi\u00e0 l\u00ec, girano sempre durante i raid. Ma sono arrivati i soldati con le bombe sonore, cercano di impedire all&#8217;ambulanza di partire. Finalmente riesce ad andare, ma noi restiamo barricati in casa per un&#8217;altra ora e mezzo, assediati dai soldati&#8221;<\/h3>\n<\/div>\n<p><!--more--><\/p>\n<div class=\"xdj266r x11i5rnm xat24cr x1mh8g0r x1vvkbs x126k92a\">\n<div id=\"attachment_19304\" style=\"width: 509px\" class=\"wp-caption aligncenter\"><a href=\"http:\/\/reteitalianaism.it\/reteism\/index.php\/2023\/09\/29\/a-casa-dei-martiri-shaid\/unadjustednonraw_thumb_45d\/\" rel=\"attachment wp-att-19304\"><img loading=\"lazy\" decoding=\"async\" aria-describedby=\"caption-attachment-19304\" class=\"wp-image-19304\" src=\"http:\/\/reteitalianaism.it\/reteism\/wp-content\/uploads\/2023\/09\/UNADJUSTEDNONRAW_thumb_45d-300x225.png\" alt=\"\" width=\"499\" height=\"374\" srcset=\"https:\/\/reteitalianaism.it\/reteism\/wp-content\/uploads\/2023\/09\/UNADJUSTEDNONRAW_thumb_45d-300x225.png 300w, https:\/\/reteitalianaism.it\/reteism\/wp-content\/uploads\/2023\/09\/UNADJUSTEDNONRAW_thumb_45d-768x576.png 768w, https:\/\/reteitalianaism.it\/reteism\/wp-content\/uploads\/2023\/09\/UNADJUSTEDNONRAW_thumb_45d.png 1024w\" sizes=\"auto, (max-width: 499px) 100vw, 499px\" \/><\/a><p id=\"caption-attachment-19304\" class=\"wp-caption-text\">la terrazza insanguinata, dove \u00e8 stato ucciso Abdulrahman<\/p><\/div>\n<\/div>\n<h3 dir=\"auto\"><em>Mohmen racconta:<\/em><\/h3>\n<h3 dir=\"auto\" style=\"text-align: justify;\">&#8220;Ero salito a vedere, io gli dicevo vieni dentro, \u00e8 pericoloso. Cade in avanti, cerco di trattenere il corpo, non ce la faccio, ho sangue sulle mani, forse mi hanno colpito. No \u00e8 lui che sanguina, chiedo aiuto. Mia moglie e sua moglie vedendolo si bloccano sul tetto, non riescono a reagire. Finalmente qualcuno mi aiuta, viene chiamata l&#8217;ambulanza. Ora che arriviamo gi\u00f9 l&#8217;ambulanza \u00e8 gi\u00e0 l\u00ec, girano sempre durante i raid. Ma sono arrivati i soldati con le bombe sonore, cercano di impedire all&#8217;ambulanza di partire.Finalmente riesce ad andare, ma noi restiamo barricati in casa per un&#8217;altra ora e mezzo, assediati dai soldati&#8221;.<\/h3>\n<div id=\"attachment_19305\" style=\"width: 506px\" class=\"wp-caption aligncenter\"><a href=\"http:\/\/reteitalianaism.it\/reteism\/index.php\/2023\/09\/29\/a-casa-dei-martiri-shaid\/unadjustednonraw_thumb_45e\/\" rel=\"attachment wp-att-19305\"><img loading=\"lazy\" decoding=\"async\" aria-describedby=\"caption-attachment-19305\" class=\"wp-image-19305\" src=\"http:\/\/reteitalianaism.it\/reteism\/wp-content\/uploads\/2023\/09\/UNADJUSTEDNONRAW_thumb_45e-300x225.png\" alt=\"\" width=\"496\" height=\"372\" srcset=\"https:\/\/reteitalianaism.it\/reteism\/wp-content\/uploads\/2023\/09\/UNADJUSTEDNONRAW_thumb_45e-300x225.png 300w, https:\/\/reteitalianaism.it\/reteism\/wp-content\/uploads\/2023\/09\/UNADJUSTEDNONRAW_thumb_45e-768x576.png 768w, https:\/\/reteitalianaism.it\/reteism\/wp-content\/uploads\/2023\/09\/UNADJUSTEDNONRAW_thumb_45e.png 1024w\" sizes=\"auto, (max-width: 496px) 100vw, 496px\" \/><\/a><p id=\"caption-attachment-19305\" class=\"wp-caption-text\">Vista dalla terrazza, il cecchino era su un tetto pi\u00f9 a sinistra<\/p><\/div>\n<p><em>Mohmen racconta del suo rapporto con il fratello:<\/em><\/p>\n<h3 dir=\"auto\" style=\"text-align: justify;\">&#8220;Lavoravamo insieme, eravamo molto vicini, non so come far\u00f2, i suoi figli saranno come i miei&#8221;.<\/h3>\n<p><em>Incontriamo il padre nell&#8217;area &#8220;lutto&#8221; nel cortile:<\/em><\/p>\n<h3 dir=\"auto\" style=\"text-align: justify;\">&#8220;dovete raccontare a tutti come ci trattano, non c&#8217;entrava niente, colpito da un cecchino che ha fatto il tiro al bersaglio, non poteva sparare a una spalla? cercava l&#8217;occhio, \u00e8 morto in ospedale!&#8221;<\/h3>\n<div class=\"xdj266r x11i5rnm xat24cr x1mh8g0r x1vvkbs x126k92a\">\n<h3 dir=\"auto\" style=\"text-align: justify;\">Sembra che l&#8217;obiettivo raggiunto sia di mettere insieme tutti, saranno sempre pi\u00f9 attivi contro l&#8217;occupazione.<\/h3>\n<h3 dir=\"auto\" style=\"text-align: justify;\">Usciamo, c&#8217;\u00e8 un altro martire. Fa molto caldo, sar\u00e0 l&#8217;una, forse troviamo un taxi, ma siamo in cinque, non ci stiamo, intanto andiamo, per fortuna eravamo in alto sulla collina, il cecchino aveva sparato da un tetto pi\u00f9 basso. Quindi scendiamo e risaliamo dopo un po&#8217; per raggiungere la piazza centrale del campo. Che distruzione! Che macello ha combinato l&#8217;esercito di occupazione: un palazzo sventrato, le strade sfasciate. Un angolo tra vicoli strettissimi, la seconda casa. Qui ci sono solo donne, ma accettano anche me e T. Avanti, ci asciughiamo il sudore, nella stanza in fondo ci ricevono la madre e la sorella.<\/h3>\n<h3 dir=\"auto\" style=\"text-align: justify;\">&#8220;Usaid aveva solo 21 anni, era come tutti i ragazzi di qui, sognava di fare lo scrittore, di fare felice la mamma, era come tutti qui, disprezzano la morte, tanto che vita \u00e8 questa, in un mese due raid&#8221;, anche al terzo giorno ci sono molti scoppi di pianto. Fatte le condoglianze per\u00f2 arriva da mangiare, una signora sorridente dice che ha cucinato lei, tanti tavolini apparecchiati, tutte si fanno sotto, a parte yogurt e humus, ci sono teglie con carne trita a strisce condita in modi diversi. Ma noi cerchiamo di sbrigarci, D. deve andare e anche noi dobbiamo rientrare a Ramallah.<\/h3>\n<div id=\"attachment_19306\" style=\"width: 439px\" class=\"wp-caption aligncenter\"><a href=\"http:\/\/reteitalianaism.it\/reteism\/index.php\/2023\/09\/29\/a-casa-dei-martiri-shaid\/unadjustednonraw_thumb_478-381x600\/\" rel=\"attachment wp-att-19306\"><img loading=\"lazy\" decoding=\"async\" aria-describedby=\"caption-attachment-19306\" class=\" wp-image-19306\" src=\"http:\/\/reteitalianaism.it\/reteism\/wp-content\/uploads\/2023\/09\/UNADJUSTEDNONRAW_thumb_478-381x600-1-191x300.jpeg\" alt=\"\" width=\"429\" height=\"674\" srcset=\"https:\/\/reteitalianaism.it\/reteism\/wp-content\/uploads\/2023\/09\/UNADJUSTEDNONRAW_thumb_478-381x600-1-191x300.jpeg 191w, https:\/\/reteitalianaism.it\/reteism\/wp-content\/uploads\/2023\/09\/UNADJUSTEDNONRAW_thumb_478-381x600-1.jpeg 381w\" sizes=\"auto, (max-width: 429px) 100vw, 429px\" \/><\/a><p id=\"caption-attachment-19306\" class=\"wp-caption-text\">Uno dei bulldozer all&#8217;opera nella notte<\/p><\/div>\n<\/div>\n<div class=\"xdj266r x11i5rnm xat24cr x1mh8g0r x1vvkbs x126k92a\">\n<h3 dir=\"auto\" style=\"text-align: justify;\">Cosa \u00e8 successo? Verso la mezzanotte tra sabato e domenica, ingenti forze di occupazione hanno attaccato il campo profughi di Nour Shams, quasi attaccato a Tulkarem. Decine di mezzi, supportati da tre bulldozer, attrezzati di una specie di rostro posteriore, atto a penetrare le strade, rompere l&#8217;asfalto, le tubazioni dell&#8217;acqua e quelle elettriche. A Jenin si erano fatti fregare con esplosivi nascosti sotto l&#8217;asfalto, che aveva danneggiato gravemente i loro mezzi. Ora gli esplosivi glieli<\/h3>\n<h3 dir=\"auto\" style=\"text-align: justify;\">tirano addosso, ma ormai entrano sempre nei campi con questi rostri a distruggere quello che possono. A Nour Shams l&#8217;ultimo raid era stato solo 20 giorni prima e non avevano ancora finito di riparare i danni. Le sirene di allarme sono suonate subito, la resistenza ha combattuto per quattro ore, con sbarramenti di fuoco, esplosivi e imboscate all&#8217;esercito che ha presto avuto bisogno di rinforzi. Come sempre non si sa nulla dei danni ai<\/h3>\n<h3 dir=\"auto\" style=\"text-align: justify;\">mezzi e dei feriti israeliani. Qualche mezzo hanno dovuto trascinarlo fuori. Per attaccare la palazzina hanno usato razzi, apparteneva a un ragazzo ammazzato nel 2001, dicono che ci si nascondevano combattenti e che avrebbero trovato dell&#8217;esplosivo, difficile che sia vero, perch\u00e9 sarebbe saltato per aria tutto.<\/h3>\n<\/div>\n<div id=\"attachment_19310\" style=\"width: 505px\" class=\"wp-caption aligncenter\"><a href=\"http:\/\/reteitalianaism.it\/reteism\/index.php\/2023\/09\/29\/a-casa-dei-martiri-shaid\/unadjustednonraw_thumb_462-2\/\" rel=\"attachment wp-att-19310\"><img loading=\"lazy\" decoding=\"async\" aria-describedby=\"caption-attachment-19310\" class=\" wp-image-19310\" src=\"http:\/\/reteitalianaism.it\/reteism\/wp-content\/uploads\/2023\/09\/UNADJUSTEDNONRAW_thumb_462-1-300x225.png\" alt=\"\" width=\"495\" height=\"371\" srcset=\"https:\/\/reteitalianaism.it\/reteism\/wp-content\/uploads\/2023\/09\/UNADJUSTEDNONRAW_thumb_462-1-300x225.png 300w, https:\/\/reteitalianaism.it\/reteism\/wp-content\/uploads\/2023\/09\/UNADJUSTEDNONRAW_thumb_462-1-768x576.png 768w, https:\/\/reteitalianaism.it\/reteism\/wp-content\/uploads\/2023\/09\/UNADJUSTEDNONRAW_thumb_462-1.png 1024w\" sizes=\"auto, (max-width: 495px) 100vw, 495px\" \/><\/a><p id=\"caption-attachment-19310\" class=\"wp-caption-text\">l&#8217;edificio distrutto<\/p><\/div>\n<div class=\"x11i5rnm xat24cr x1mh8g0r x1vvkbs xtlvy1s x126k92a\">\n<div id=\"attachment_19308\" style=\"width: 505px\" class=\"wp-caption aligncenter\"><a href=\"http:\/\/reteitalianaism.it\/reteism\/index.php\/2023\/09\/29\/a-casa-dei-martiri-shaid\/unadjustednonraw_thumb_465\/\" rel=\"attachment wp-att-19308\"><img loading=\"lazy\" decoding=\"async\" aria-describedby=\"caption-attachment-19308\" class=\"wp-image-19308\" src=\"http:\/\/reteitalianaism.it\/reteism\/wp-content\/uploads\/2023\/09\/UNADJUSTEDNONRAW_thumb_465-300x225.png\" alt=\"\" width=\"495\" height=\"371\" srcset=\"https:\/\/reteitalianaism.it\/reteism\/wp-content\/uploads\/2023\/09\/UNADJUSTEDNONRAW_thumb_465-300x225.png 300w, https:\/\/reteitalianaism.it\/reteism\/wp-content\/uploads\/2023\/09\/UNADJUSTEDNONRAW_thumb_465-768x576.png 768w, https:\/\/reteitalianaism.it\/reteism\/wp-content\/uploads\/2023\/09\/UNADJUSTEDNONRAW_thumb_465.png 1024w\" sizes=\"auto, (max-width: 495px) 100vw, 495px\" \/><\/a><p id=\"caption-attachment-19308\" class=\"wp-caption-text\">distruzione nel campo Nur Shams<\/p><\/div>\n<h3 dir=\"auto\" style=\"text-align: justify;\">Ma dove siamo? A Tulkarem, cittadina del nord, attaccata al muro di separazione. Siamo a solo cento metri sul livello del mare, allo sbocco di alcune valli. Beninteso anche qui qualche colonia intorno. Cos\u00ec bassi rispetto a Nablus, fa molto pi\u00f9 caldo ed \u00e8 anche pi\u00f9 umido. A. abita su una collina che divide due valli discendenti, per\u00f2 per avere un po&#8217; di aria bisogna arrivare quasi al mattino. Dal suo tetto mi mostra i due campi profughi, uno per lato: &#8220;Nour Shams&#8221; pi\u00f9 a est, &#8220;Tulkarem&#8221; a ovest<\/h3>\n<h3 dir=\"auto\" style=\"text-align: justify;\">attaccato alla citt\u00e0. Molti lavoratori sono transfrontalieri, ma qui gli israeliani hanno anche impiantato una decina di fabbriche. Gli operai vengono da qui, ma la dirigenza entra direttamente dall&#8217;altro lato. Prima delle visite abbiamo partecipato a una delle iniziative per i prigionieri, con tanti bambini.<\/h3>\n<div id=\"attachment_19309\" style=\"width: 506px\" class=\"wp-caption aligncenter\"><a href=\"http:\/\/reteitalianaism.it\/reteism\/index.php\/2023\/09\/29\/a-casa-dei-martiri-shaid\/unadjustednonraw_thumb_45a\/\" rel=\"attachment wp-att-19309\"><img loading=\"lazy\" decoding=\"async\" aria-describedby=\"caption-attachment-19309\" class=\" wp-image-19309\" src=\"http:\/\/reteitalianaism.it\/reteism\/wp-content\/uploads\/2023\/09\/UNADJUSTEDNONRAW_thumb_45a-300x225.png\" alt=\"\" width=\"496\" height=\"372\" srcset=\"https:\/\/reteitalianaism.it\/reteism\/wp-content\/uploads\/2023\/09\/UNADJUSTEDNONRAW_thumb_45a-300x225.png 300w, https:\/\/reteitalianaism.it\/reteism\/wp-content\/uploads\/2023\/09\/UNADJUSTEDNONRAW_thumb_45a-768x576.png 768w, https:\/\/reteitalianaism.it\/reteism\/wp-content\/uploads\/2023\/09\/UNADJUSTEDNONRAW_thumb_45a.png 1024w\" sizes=\"auto, (max-width: 496px) 100vw, 496px\" \/><\/a><p id=\"caption-attachment-19309\" class=\"wp-caption-text\">Bambini all&#8217;incontro per i prigionieri a Tulkarem<\/p><\/div>\n<h3 dir=\"auto\" style=\"text-align: justify;\">La parte agricola ha parecchie serre, c&#8217;erano anche molti aranci, ma le costruzioni se le sono mangiate.<\/h3>\n<h3 dir=\"auto\" style=\"text-align: justify;\">Abu Sara<\/h3>\n<\/div>\n","protected":false},"excerpt":{"rendered":"<p>https:\/\/palsolidarity.org\/\u00a0 \u00a0 \u00a0 \u00a0 \u00a0 \u00a0 \u00a0 \u00a0 \u00a029 settembre 2023 Visita di solidariet\u00e0 al campo di Nur Shams, in seguito alla morte di Abdulrahman Abu Daghash e Oseed Farhan Abu Ali, uccisi da colpi indiscriminati delle forze di occupazione &hellip; <a href=\"https:\/\/reteitalianaism.it\/reteism\/index.php\/2023\/09\/29\/a-casa-dei-martiri-shaid\/\">Continue reading <span class=\"meta-nav\">&rarr;<\/span><\/a><\/p>\n","protected":false},"author":2,"featured_media":0,"comment_status":"open","ping_status":"open","sticky":false,"template":"","format":"standard","meta":{"footnotes":""},"categories":[3],"tags":[21,520,37,41,150],"class_list":["post-19302","post","type-post","status-publish","format-standard","hentry","category-info","tag-demolizioni","tag-nour-shams","tag-occupazione","tag-pulizia-etnica","tag-violenza-dellesercito"],"_links":{"self":[{"href":"https:\/\/reteitalianaism.it\/reteism\/index.php\/wp-json\/wp\/v2\/posts\/19302","targetHints":{"allow":["GET"]}}],"collection":[{"href":"https:\/\/reteitalianaism.it\/reteism\/index.php\/wp-json\/wp\/v2\/posts"}],"about":[{"href":"https:\/\/reteitalianaism.it\/reteism\/index.php\/wp-json\/wp\/v2\/types\/post"}],"author":[{"embeddable":true,"href":"https:\/\/reteitalianaism.it\/reteism\/index.php\/wp-json\/wp\/v2\/users\/2"}],"replies":[{"embeddable":true,"href":"https:\/\/reteitalianaism.it\/reteism\/index.php\/wp-json\/wp\/v2\/comments?post=19302"}],"version-history":[{"count":4,"href":"https:\/\/reteitalianaism.it\/reteism\/index.php\/wp-json\/wp\/v2\/posts\/19302\/revisions"}],"predecessor-version":[{"id":19314,"href":"https:\/\/reteitalianaism.it\/reteism\/index.php\/wp-json\/wp\/v2\/posts\/19302\/revisions\/19314"}],"wp:attachment":[{"href":"https:\/\/reteitalianaism.it\/reteism\/index.php\/wp-json\/wp\/v2\/media?parent=19302"}],"wp:term":[{"taxonomy":"category","embeddable":true,"href":"https:\/\/reteitalianaism.it\/reteism\/index.php\/wp-json\/wp\/v2\/categories?post=19302"},{"taxonomy":"post_tag","embeddable":true,"href":"https:\/\/reteitalianaism.it\/reteism\/index.php\/wp-json\/wp\/v2\/tags?post=19302"}],"curies":[{"name":"wp","href":"https:\/\/api.w.org\/{rel}","templated":true}]}}