{"id":19335,"date":"2023-10-06T17:40:57","date_gmt":"2023-10-06T15:40:57","guid":{"rendered":"http:\/\/reteitalianaism.it\/reteism\/?p=19335"},"modified":"2023-10-06T17:41:05","modified_gmt":"2023-10-06T15:41:05","slug":"la-stella-argentina-fito-paez-non-suona-ad-israele-stato-di-apartheid","status":"publish","type":"post","link":"https:\/\/reteitalianaism.it\/reteism\/index.php\/2023\/10\/06\/la-stella-argentina-fito-paez-non-suona-ad-israele-stato-di-apartheid\/","title":{"rendered":"La stella argentina Fito P\u00e1ez non suona ad Israele stato di apartheid"},"content":{"rendered":"<p>6 ottobre 2023<\/p>\n<p><a href=\"https:\/\/bdsmovement.net\/news\/fito-paez\">Argentinian star Fito P\u00e1ez isn&#8217;t playing apartheid Israel | BDS Movement<\/a><\/p>\n<p><em>La star vincitrice del Grammy e del Latin Grammy aveva annunciato che si sarebbe esibito nell&#8217;Israele dell&#8217;apartheid<\/em><\/p>\n<div id=\"attachment_19336\" style=\"width: 437px\" class=\"wp-caption aligncenter\"><a href=\"http:\/\/reteitalianaism.it\/reteism\/wp-content\/uploads\/2023\/10\/fito.png\"><img loading=\"lazy\" decoding=\"async\" aria-describedby=\"caption-attachment-19336\" class=\" wp-image-19336\" src=\"http:\/\/reteitalianaism.it\/reteism\/wp-content\/uploads\/2023\/10\/fito-300x146.png\" alt=\"\" width=\"427\" height=\"208\" srcset=\"https:\/\/reteitalianaism.it\/reteism\/wp-content\/uploads\/2023\/10\/fito-300x146.png 300w, https:\/\/reteitalianaism.it\/reteism\/wp-content\/uploads\/2023\/10\/fito-768x374.png 768w, https:\/\/reteitalianaism.it\/reteism\/wp-content\/uploads\/2023\/10\/fito.png 1023w\" sizes=\"auto, (max-width: 427px) 100vw, 427px\" \/><\/a><p id=\"caption-attachment-19336\" class=\"wp-caption-text\">dal sito bdsmovement.net<\/p><\/div>\n<p><span class=\"jCAhz ChMk0b\"><span class=\"ryNqvb\">I movimenti culturali e di solidariet\u00e0 che sostengono l&#8217;appello palestinese al boicottaggio culturale di Israele in Argentina celebrano la notizia che Fito P\u00e1ez non andr\u00e0 pi\u00f9 in Israele durante il suo tour &#8220;El Amor 30 a\u00f1os Despu\u00e9s del Love Tour&#8221;.<\/span><\/span><\/p>\n<p><span class=\"jCAhz ChMk0b\"><span class=\"ryNqvb\">La produzione di Fito ha dichiarato che non ci saranno date in Israele, nonostante il paese sia stato menzionato nelle prime comunicazioni sul tour.<\/span><\/span> <!--more--><\/p>\n<p><span class=\"jCAhz ChMk0b\"><span class=\"ryNqvb\">Quando ha annunciato la sua visita in Israele all&#8217;inizio di quest&#8217;anno, il cantante, che \u00e8 uno dei pi\u00f9 grandi nomi della musica argentina, ha ricevuto appelli da una serie di movimenti di boicottaggio contro Israele e di solidariet\u00e0 dalla Palestina, che vive sotto l&#8217;apartheid imposto da quel paese.<\/span><\/span> <span class=\"jCAhz ChMk0b\"><span class=\"ryNqvb\">L&#8217;azione \u00e8 stata coordinata dal Comitato argentino di Solidariet\u00e0 con il Popolo Palestinese, che riunisce sindacati e organizzazioni civili e per i diritti umani di tutto il Paese.<\/span><\/span><\/p>\n<p><span class=\"jCAhz ChMk0b\"><span class=\"ryNqvb\">In un comunicato in cui festeggiano che in Israele non \u00e8 stato organizzato nessun concerto, i movimenti dichiarano che &#8220;ancora una volta Fito ha dimostrato di essere dalla parte di coloro che difendono i diritti umani e di coloro che si oppongono all&#8217;apartheid contro donne e uomini palestinesi<\/span><\/span><span class=\"jCAhz ChMk0b\"><span class=\"ryNqvb\">&#8220;.<\/span><\/span><\/p>\n<p><span class=\"jCAhz ChMk0b\"><span class=\"ryNqvb\">I movimenti valutano molto positivamente anche l&#8217;atteggiamento del cantante di aver &#8220;ascoltato l&#8217;appello al boicottaggio culturale e artistico&#8221;.<\/span><\/span> <span class=\"jCAhz ChMk0b\"><span class=\"ryNqvb\">Migliaia di artisti, tra cui centinaia di artisti latinoamericani, si sono impegnati a non esibirsi o apparire nelle istituzioni culturali israeliane complici dell&#8217;apartheid.<\/span><\/span><\/p>\n<p><em><span class=\"jCAhz ChMk0b\"><span class=\"ryNqvb\">\u201cCelebriamo che lo spettacolo tanto annunciato che Fito Paez avrebbe dato in Israele non ha avuto luogo.<\/span><\/span> <span class=\"jCAhz ChMk0b\"><span class=\"ryNqvb\">Ancora una volta Fito ha dimostrato di essere dalla parte di coloro che difendono i diritti umani e di coloro che si oppongono all&#8217;apartheid contro i palestinesi.<\/span><\/span> <span class=\"jCAhz ChMk0b\"><span class=\"ryNqvb\">Il BDS \u00e8 un movimento civile e non violento ispirato dalle campagne di successo per porre fine al regime di apartheid in Sud Africa.<\/span><\/span> <span class=\"jCAhz ChMk0b\"><span class=\"ryNqvb\">Come rappresentanti di questo movimento, Fito, apprezziamo molto che abbia ascoltato l&#8217;appello al boicottaggio culturale e artistico.<\/span><\/span> <span class=\"jCAhz ChMk0b\"><span class=\"ryNqvb\">Sei nel cuore del popolo palestinese, cos\u00ec come lo \u00e8 Natalia Oreiro e tanti e tanti artisti nel mondo\u201d.<\/span><\/span><\/em><\/p>\n","protected":false},"excerpt":{"rendered":"<p>6 ottobre 2023 Argentinian star Fito P\u00e1ez isn&#8217;t playing apartheid Israel | BDS Movement La star vincitrice del Grammy e del Latin Grammy aveva annunciato che si sarebbe esibito nell&#8217;Israele dell&#8217;apartheid I movimenti culturali e di solidariet\u00e0 che sostengono l&#8217;appello &hellip; <a href=\"https:\/\/reteitalianaism.it\/reteism\/index.php\/2023\/10\/06\/la-stella-argentina-fito-paez-non-suona-ad-israele-stato-di-apartheid\/\">Continue reading <span class=\"meta-nav\">&rarr;<\/span><\/a><\/p>\n","protected":false},"author":6,"featured_media":0,"comment_status":"open","ping_status":"open","sticky":false,"template":"","format":"standard","meta":{"footnotes":""},"categories":[3],"tags":[9,76,253,16,299,337],"class_list":["post-19335","post","type-post","status-publish","format-standard","hentry","category-info","tag-apartheid","tag-bds","tag-boicottaggio","tag-campagna-bds","tag-solidarieta","tag-solidarieta-internazionale"],"_links":{"self":[{"href":"https:\/\/reteitalianaism.it\/reteism\/index.php\/wp-json\/wp\/v2\/posts\/19335","targetHints":{"allow":["GET"]}}],"collection":[{"href":"https:\/\/reteitalianaism.it\/reteism\/index.php\/wp-json\/wp\/v2\/posts"}],"about":[{"href":"https:\/\/reteitalianaism.it\/reteism\/index.php\/wp-json\/wp\/v2\/types\/post"}],"author":[{"embeddable":true,"href":"https:\/\/reteitalianaism.it\/reteism\/index.php\/wp-json\/wp\/v2\/users\/6"}],"replies":[{"embeddable":true,"href":"https:\/\/reteitalianaism.it\/reteism\/index.php\/wp-json\/wp\/v2\/comments?post=19335"}],"version-history":[{"count":1,"href":"https:\/\/reteitalianaism.it\/reteism\/index.php\/wp-json\/wp\/v2\/posts\/19335\/revisions"}],"predecessor-version":[{"id":19337,"href":"https:\/\/reteitalianaism.it\/reteism\/index.php\/wp-json\/wp\/v2\/posts\/19335\/revisions\/19337"}],"wp:attachment":[{"href":"https:\/\/reteitalianaism.it\/reteism\/index.php\/wp-json\/wp\/v2\/media?parent=19335"}],"wp:term":[{"taxonomy":"category","embeddable":true,"href":"https:\/\/reteitalianaism.it\/reteism\/index.php\/wp-json\/wp\/v2\/categories?post=19335"},{"taxonomy":"post_tag","embeddable":true,"href":"https:\/\/reteitalianaism.it\/reteism\/index.php\/wp-json\/wp\/v2\/tags?post=19335"}],"curies":[{"name":"wp","href":"https:\/\/api.w.org\/{rel}","templated":true}]}}