{"id":19341,"date":"2023-10-08T19:03:50","date_gmt":"2023-10-08T17:03:50","guid":{"rendered":"http:\/\/reteitalianaism.it\/reteism\/?p=19341"},"modified":"2023-10-08T19:03:50","modified_gmt":"2023-10-08T17:03:50","slug":"la-complicita-occidentale-nella-brutale-violenza-dellapartheid-israeliano-rafforza-la-resistenza-palestinese-e-la-solidarieta-internazionale","status":"publish","type":"post","link":"https:\/\/reteitalianaism.it\/reteism\/index.php\/2023\/10\/08\/la-complicita-occidentale-nella-brutale-violenza-dellapartheid-israeliano-rafforza-la-resistenza-palestinese-e-la-solidarieta-internazionale\/","title":{"rendered":"La complicit\u00e0 occidentale nella brutale violenza dell\u2019apartheid israeliano rafforza la resistenza palestinese e la solidariet\u00e0 internazionale"},"content":{"rendered":"<p style=\"text-align: justify;\"><a href=\"https:\/\/bdsmovement.net\/news\/western-complicity-apartheid-israel%E2%80%99s-brutal-violence-heightens-palestinian-resistance\">https:\/\/bdsmovement.net\/<\/a><br \/>\n<strong>7 ottobre 2023<\/strong>\u00a0 \u00a0 \u00a0 \u00a0 \u00a0 \u00a0 <em>Comitato nazionale palestinese BDS (BNC)<\/em><\/p>\n<p>Il governo di estrema destra israeliano, il pi\u00f9 razzista, fondamentalista e fanatico di sempre, ha intensificato spietatamente la pulizia etnica, l\u2019assedio, le uccisioni, l\u2019incarcerazione e l\u2019umiliazione quotidiana di milioni di palestinesi indigeni nella Striscia di Gaza occupata e in Cisgiordania, compresa Gerusalemme Est. .<\/p>\n<p style=\"text-align: justify;\"><a href=\"http:\/\/reteitalianaism.it\/reteism\/index.php\/2023\/10\/08\/la-complicita-occidentale-nella-brutale-violenza-dellapartheid-israeliano-rafforza-la-resistenza-palestinese-e-la-solidarieta-internazionale\/image_3\/\" rel=\"attachment wp-att-19342\"><img loading=\"lazy\" decoding=\"async\" class=\"aligncenter  wp-image-19342\" src=\"http:\/\/reteitalianaism.it\/reteism\/wp-content\/uploads\/2023\/10\/image_3-300x169.png\" alt=\"\" width=\"497\" height=\"280\" srcset=\"https:\/\/reteitalianaism.it\/reteism\/wp-content\/uploads\/2023\/10\/image_3-300x169.png 300w, https:\/\/reteitalianaism.it\/reteism\/wp-content\/uploads\/2023\/10\/image_3-768x432.png 768w, https:\/\/reteitalianaism.it\/reteism\/wp-content\/uploads\/2023\/10\/image_3.png 976w\" sizes=\"auto, (max-width: 497px) 100vw, 497px\" \/><\/a><\/p>\n<p style=\"text-align: justify;\">Il movimento BDS condanna fermamente i governi dell\u2019Occidente coloniale per essersi, ancora una volta, ipocritamente schierati dalla parte dell\u2019Israele dell\u2019apartheid e aver debitamente adottato la sua ingannevole cronologia dell\u2019attuale \u201cviolenza\u201d, come se tutto fosse iniziato stamattina con la potente reazione armata dei palestinesi oppressi in Gaza. Questa cronologia distorta ha lo scopo di nascondere la violenza coloniale iniziale e crescente dell\u2019oppressore, durata decenni.<!--more--><\/p>\n<p style=\"text-align: justify;\">Il governo di estrema destra israeliano, il pi\u00f9 razzista, fondamentalista e fanatico di sempre, ha intensificato spietatamente la pulizia etnica, l\u2019assedio, le uccisioni, l\u2019incarcerazione e l\u2019umiliazione quotidiana di milioni di palestinesi indigeni nella Striscia di Gaza occupata e in Cisgiordania, compresa Gerusalemme Est. . Credeva che la sua brutalit\u00e0 smascherata avrebbe costretto i palestinesi semplicemente ad arrendersi e ad accettare l\u2019oppressione come destino.<\/p>\n<p style=\"text-align: justify;\">\n<p style=\"text-align: justify;\">Ubriaco di potere e impunit\u00e0 a seguito della collusione, dei finanziamenti e degli armamenti incondizionati degli Stati Uniti e dell\u2019Europa, nonch\u00e9 della vergognosa normalizzazione e delle alleanze militari con le dittature arabe, con la complicit\u00e0 dell\u2019Autorit\u00e0 Palestinese, il regime di Netanyahu ha ritenuto che fosse giunto il momento di seppellire la\u201c questione della Palestina\u201d una volta per tutte.<\/p>\n<p style=\"text-align: justify;\">\n<p style=\"text-align: justify;\">Ignorando questo contesto cruciale, il coro occidentale sta, ancora una volta, deprecando gli \u201cattacchi violenti\u201d palestinesi contro Israele.<\/p>\n<p style=\"text-align: justify;\">\n<p style=\"text-align: justify;\">Indipendentemente da come le persone in tutto il mondo vedono la resistenza armata e da come la regola il diritto internazionale, non possono che essere d\u2019accordo con l\u2019educatore brasiliano Paulo Freire che dice:<\/p>\n<p style=\"text-align: justify;\"><em>\u201cCon l\u2019instaurarsi di un rapporto di oppressione, la violenza \u00e8 gi\u00e0 iniziata. Mai nella storia la violenza \u00e8 stata provocata dagli oppressi. \u2026 La violenza \u00e8 iniziata da coloro che opprimono, che sfruttano, che non riescono a riconoscere gli altri come persone, non da coloro che sono oppressi, sfruttati e non riconosciuti\u201d.<\/em><\/p>\n<p style=\"text-align: justify;\">Poich\u00e9 l\u2019oppressione \u00e8 la causa principale della violenza, per porre fine a tutta la violenza \u2013 la violenza iniziale e continua dell\u2019oppressore e la resistenza reattiva degli oppressi \u2013 dobbiamo agire per porre fine all\u2019oppressione. Come dimostrato nella lotta sudafricana che ha smantellato l\u2019apartheid nel paese, denunciare e porre fine alla complicit\u00e0 statale, aziendale e istituzionale nel regime israeliano di colonialismo dei coloni e di apartheid, in vigore da 75 anni, soprattutto attraverso le tattiche BDS, sono le forme pi\u00f9 etiche e strategiche di cooperazione internazionale, solidariet\u00e0 per porre fine a ogni oppressione e a ogni violenza. Solo cos\u00ec potremo raggiungere la libert\u00e0, la giustizia, l\u2019uguaglianza e la dignit\u00e0.<\/p>\n","protected":false},"excerpt":{"rendered":"<p>https:\/\/bdsmovement.net\/ 7 ottobre 2023\u00a0 \u00a0 \u00a0 \u00a0 \u00a0 \u00a0 Comitato nazionale palestinese BDS (BNC) Il governo di estrema destra israeliano, il pi\u00f9 razzista, fondamentalista e fanatico di sempre, ha intensificato spietatamente la pulizia etnica, l\u2019assedio, le uccisioni, l\u2019incarcerazione e l\u2019umiliazione &hellip; <a href=\"https:\/\/reteitalianaism.it\/reteism\/index.php\/2023\/10\/08\/la-complicita-occidentale-nella-brutale-violenza-dellapartheid-israeliano-rafforza-la-resistenza-palestinese-e-la-solidarieta-internazionale\/\">Continue reading <span class=\"meta-nav\">&rarr;<\/span><\/a><\/p>\n","protected":false},"author":2,"featured_media":0,"comment_status":"open","ping_status":"open","sticky":false,"template":"","format":"standard","meta":{"footnotes":""},"categories":[3,68],"tags":[76,16,23,165],"class_list":["post-19341","post","type-post","status-publish","format-standard","hentry","category-info","category-opinioni","tag-bds","tag-campagna-bds","tag-diritti-umani","tag-gaza-sotto-assedio"],"_links":{"self":[{"href":"https:\/\/reteitalianaism.it\/reteism\/index.php\/wp-json\/wp\/v2\/posts\/19341","targetHints":{"allow":["GET"]}}],"collection":[{"href":"https:\/\/reteitalianaism.it\/reteism\/index.php\/wp-json\/wp\/v2\/posts"}],"about":[{"href":"https:\/\/reteitalianaism.it\/reteism\/index.php\/wp-json\/wp\/v2\/types\/post"}],"author":[{"embeddable":true,"href":"https:\/\/reteitalianaism.it\/reteism\/index.php\/wp-json\/wp\/v2\/users\/2"}],"replies":[{"embeddable":true,"href":"https:\/\/reteitalianaism.it\/reteism\/index.php\/wp-json\/wp\/v2\/comments?post=19341"}],"version-history":[{"count":2,"href":"https:\/\/reteitalianaism.it\/reteism\/index.php\/wp-json\/wp\/v2\/posts\/19341\/revisions"}],"predecessor-version":[{"id":19344,"href":"https:\/\/reteitalianaism.it\/reteism\/index.php\/wp-json\/wp\/v2\/posts\/19341\/revisions\/19344"}],"wp:attachment":[{"href":"https:\/\/reteitalianaism.it\/reteism\/index.php\/wp-json\/wp\/v2\/media?parent=19341"}],"wp:term":[{"taxonomy":"category","embeddable":true,"href":"https:\/\/reteitalianaism.it\/reteism\/index.php\/wp-json\/wp\/v2\/categories?post=19341"},{"taxonomy":"post_tag","embeddable":true,"href":"https:\/\/reteitalianaism.it\/reteism\/index.php\/wp-json\/wp\/v2\/tags?post=19341"}],"curies":[{"name":"wp","href":"https:\/\/api.w.org\/{rel}","templated":true}]}}