{"id":19361,"date":"2023-10-10T09:42:31","date_gmt":"2023-10-10T07:42:31","guid":{"rendered":"http:\/\/reteitalianaism.it\/reteism\/?p=19361"},"modified":"2023-10-10T09:42:32","modified_gmt":"2023-10-10T07:42:32","slug":"a-gaza-scompare-la-facciata-della-calma","status":"publish","type":"post","link":"https:\/\/reteitalianaism.it\/reteism\/index.php\/2023\/10\/10\/a-gaza-scompare-la-facciata-della-calma\/","title":{"rendered":"A Gaza scompare la facciata della \u201ccalma\u201d"},"content":{"rendered":"<p><a href=\"https:\/\/www.972mag.com\/gaza-calm-facade-hamas\/\">https:\/\/www.972mag.com\/<\/a><\/p>\n<p style=\"text-align: justify;\"><strong>8 ottobre 2023\u00a0<\/strong> \u00a0 \u00a0 <em>Mohammed R. Mhawish\u00a0<\/em><\/p>\n<p>I palestinesi avvertono da tempo che il blocco e le ripetute aggressioni israeliane alla fine porterebbero ad un&#8217;esplosione. Ma pochi di noi a Gaza se lo aspettavano.<\/p>\n<div id=\"attachment_19362\" style=\"width: 509px\" class=\"wp-caption aligncenter\"><img loading=\"lazy\" decoding=\"async\" aria-describedby=\"caption-attachment-19362\" class=\"wp-image-19362\" src=\"http:\/\/reteitalianaism.it\/reteism\/wp-content\/uploads\/2023\/10\/F231007YA55-1200x802-1-300x201.jpeg\" alt=\"\" width=\"499\" height=\"334\" srcset=\"https:\/\/reteitalianaism.it\/reteism\/wp-content\/uploads\/2023\/10\/F231007YA55-1200x802-1-300x201.jpeg 300w, https:\/\/reteitalianaism.it\/reteism\/wp-content\/uploads\/2023\/10\/F231007YA55-1200x802-1-1024x684.jpeg 1024w, https:\/\/reteitalianaism.it\/reteism\/wp-content\/uploads\/2023\/10\/F231007YA55-1200x802-1-768x513.jpeg 768w, https:\/\/reteitalianaism.it\/reteism\/wp-content\/uploads\/2023\/10\/F231007YA55-1200x802-1.jpeg 1200w\" sizes=\"auto, (max-width: 499px) 100vw, 499px\" \/><\/a><p id=\"caption-attachment-19362\" class=\"wp-caption-text\">I vigili del fuoco cercano di spegnere le auto in fiamme sulla scena in cui un razzo lanciato da Gaza \u00e8 caduto in una zona residenziale a Rishon LeZion, 7 ottobre 2023. (Yossi Aloni\/Flash90)<\/p><\/div>\n<p style=\"text-align: justify;\">Sono trascorse pi\u00f9 di 24 ore da quando Hamas \u00e8 uscito dalla sua gabbia a Gaza, lanciando un attacco senza precedenti che ha colto completamente di sorpresa l\u2019esercito israeliano. L\u2019infiltrazione di militanti palestinesi attraverso il muro di separazione, cos\u00ec come via aria e via mare \u2013 gi\u00e0 descritta come il pi\u00f9 significativo fallimento militare e dell\u2019intelligence di Israele dalla guerra dello Yom Kippur del 1973 \u2013 ha provocato la morte di oltre 700 cittadini israeliani a causa di attacchi a fuoco e lancio di razzi e il rapimento di decine di persone portate a Gaza.<!--more--><\/p>\n<p style=\"text-align: justify;\">Per quelli di noi che guardano dall\u2019interno della Striscia di Gaza assediata, la situazione \u00e8 stata niente meno che terrificante. Poco dopo l\u2019inizio dell\u2019attacco, Israele ha dichiarato lo stato di guerra, avviando un\u2019incessante raffica di attacchi aerei contro un\u2019ampia gamma di localit\u00e0 lungo la Striscia, inclusi ospedali, spazi pubblici e complessi residenziali. Il bilancio delle vittime a Gaza ha gi\u00e0 superato quota 350, con altre migliaia di feriti, e sembra inevitabile che il peggio debba ancora arrivare.<\/p>\n<p style=\"text-align: justify;\">Da quando \u00e8 emersa la notizia dell&#8217;attacco sabato mattina, ho vissuto un incubo diurno insieme a mia moglie, nostro figlio Rafik di 2 anni, mia sorella e i nostri genitori. Nei momenti di bombardamento israeliano, ci stringiamo tutti insieme, stringendoci forte la mano. Cerchiamo di nascondere la nostra paura, indossando una maschera di calma anche quando gli attacchi si avvicinano. Le nostre preghiere, solitamente cos\u00ec forti, ora sembrano fragili, un duro promemoria del fatto che non siamo in grado di proteggere noi stessi.<\/p>\n<p style=\"text-align: justify;\">\nQuesta non \u00e8 la nostra prima esperienza con le guerre israeliane a Gaza. Mio figlio ha sperimentato la sua prima nel 2021 mentre era ancora nel grembo di sua madre. I miei genitori hanno sopportato questa tragedia dal 1967. Ho vissuto cinque guerre in soli due decenni. Ma l\u2019idea che possiamo normalizzare la paura \u00e8 un errore. Ogni conflitto sembra il primo, con i nostri cuori che tremano dal momento in cui arriva il primo attacco aereo fino a quando viene finalmente annunciato un cessate il fuoco.<\/p>\n<p style=\"text-align: justify;\">Questo nuovo attacco da parte di gruppi di resistenza a Gaza segue una serie di settimane intense di violenza da parte dello Stato israeliano e dei coloni nei territori occupati, che hanno avuto un ruolo considerevole nel portarci all\u2019attuale crisi. I palestinesi lanciano l\u2019allarme, avvertendo che il blocco, il persistente impoverimento, le ripetute aggressioni israeliane e la frammentazione delle loro comunit\u00e0 alla fine porteranno ad un\u2019esplosione. La leadership e la resistenza palestinese hanno ascoltato gli appelli del popolo a contrattaccare le politiche di aggressione di Israele, quindi ci si aspettava una reazione.<\/p>\n<div id=\"attachment_19364\" style=\"width: 508px\" class=\"wp-caption aligncenter\"><a href=\"http:\/\/reteitalianaism.it\/reteism\/index.php\/2023\/10\/10\/a-gaza-scompare-la-facciata-della-calma\/f231007obh18-1280x853\/\" rel=\"attachment wp-att-19364\"><img loading=\"lazy\" decoding=\"async\" aria-describedby=\"caption-attachment-19364\" class=\" wp-image-19364\" src=\"http:\/\/reteitalianaism.it\/reteism\/wp-content\/uploads\/2023\/10\/F231007OBH18-1280x853-1-300x200.jpeg\" alt=\"\" width=\"498\" height=\"332\" srcset=\"https:\/\/reteitalianaism.it\/reteism\/wp-content\/uploads\/2023\/10\/F231007OBH18-1280x853-1-300x200.jpeg 300w, https:\/\/reteitalianaism.it\/reteism\/wp-content\/uploads\/2023\/10\/F231007OBH18-1280x853-1-1024x682.jpeg 1024w, https:\/\/reteitalianaism.it\/reteism\/wp-content\/uploads\/2023\/10\/F231007OBH18-1280x853-1-768x512.jpeg 768w, https:\/\/reteitalianaism.it\/reteism\/wp-content\/uploads\/2023\/10\/F231007OBH18-1280x853-1.jpeg 1280w\" sizes=\"auto, (max-width: 498px) 100vw, 498px\" \/><\/a><p id=\"caption-attachment-19364\" class=\"wp-caption-text\">Le forze di sicurezza israeliane pattugliano la citt\u00e0 israeliana meridionale di Sderot dopo che unit\u00e0 di Hamas si sono infiltrate da Gaza, 7 ottobre 2023. (Oren Ben Hakoon\/Flash90)<\/p><\/div>\n<p style=\"text-align: justify;\">Ci\u00f2 che ha sorpreso la maggior parte dei palestinesi, sia in patria che nella diaspora, \u00e8 la portata e l\u2019intensit\u00e0 di questo attacco \u2013 mentre le autorit\u00e0 israeliane continuano a rilasciare nuovi nomi delle vittime mentre nel sud di Israele sono in corso operazioni di resistenza palestinese.<\/p>\n<p style=\"text-align: justify;\"><strong>Intrappolato in una prigione a cielo aperto<\/strong><br \/>\nLa vita quotidiana a Gaza \u00e8 rapidamente peggiorata negli ultimi sedici anni di assedio israeliano. Oggi, circa il 97% dell&#8217;acqua nella Striscia \u00e8 considerata non potabile; oltre la met\u00e0 della popolazione vive sotto la soglia di povert\u00e0; L\u201980% della popolazione della Striscia fa affidamento sugli aiuti esteri; e il futuro per la maggior parte dei giovani \u00e8 incerto, con il 64% di loro disoccupati e i loro sogni e aspirazioni soffocati dalle limitazioni del blocco.<\/p>\n<p style=\"text-align: justify;\">La maggior parte dei palestinesi residenti a Gaza sono rifugiati che vivono in perpetuo esilio dalle loro case ancestrali, dopo essere stati espulsi dalle forze sioniste e israeliane durante la Nakba del 1948. Nel 2018 e nel 2019, la richiesta di revocare l\u2019assedio e tornare alle proprie case ha risuonato in tutto il mondo mentre decine di migliaia di palestinesi protestavano davanti alla recinzione durante la Grande Marcia del Ritorno \u2013 proteste che sono riprese nelle ultime settimane. Israele ha ucciso centinaia di persone durante queste marce e ha inflitto migliaia di feriti, prendendo di mira deliberatamente molti di loro con colpi di fuoco agli arti. Quelle ferite, sia fisiche che psicologiche, non si sono ancora rimarginate.<\/p>\n<p style=\"text-align: justify;\">Il mondo ha osservato come abbiamo vissuto qui, intrappolati in questa prigione a cielo aperto, desiderando la libert\u00e0. Sopportiamo questa esistenza da decenni e, nonostante tutto, ci siamo aggrappati alla nostra speranza e alla nostra determinazione a resistere: se mai ne avessimo la possibilit\u00e0, lo faremo.<\/p>\n<p style=\"text-align: justify;\">Ci\u00f2 che Israele e gran parte del mondo chiamano \u201ccalma\u201d \u00e8 l\u2019immobilit\u00e0 inquietante che aleggia prima della tempesta, prima che Gaza venga nuovamente sprofondata nel caos. Questa cosiddetta calma \u00e8 ingannevole perch\u00e9, nella nostra realt\u00e0, \u00e8 tutt\u2019altro che pacifica. \u201cCalma\u201d \u00e8 quando Gaza viene bombardata, mentre villaggi, paesi e citt\u00e0 nel resto delle nostre terre occupate vengono invasi, le case demolite con i bulldozer, i giornalisti uccisi, le ambulanze attaccate, le moschee vandalizzate, le scuole colpite con gas lacrimogeni e i palestinesi massacrati.<\/p>\n<div id=\"attachment_19363\" style=\"width: 507px\" class=\"wp-caption aligncenter\"><a href=\"http:\/\/reteitalianaism.it\/reteism\/index.php\/2023\/10\/10\/a-gaza-scompare-la-facciata-della-calma\/an6x0615-1280x853\/\" rel=\"attachment wp-att-19363\"><img loading=\"lazy\" decoding=\"async\" aria-describedby=\"caption-attachment-19363\" class=\" wp-image-19363\" src=\"http:\/\/reteitalianaism.it\/reteism\/wp-content\/uploads\/2023\/10\/AN6X0615-1280x853-1-300x200.jpeg\" alt=\"\" width=\"497\" height=\"331\" srcset=\"https:\/\/reteitalianaism.it\/reteism\/wp-content\/uploads\/2023\/10\/AN6X0615-1280x853-1-300x200.jpeg 300w, https:\/\/reteitalianaism.it\/reteism\/wp-content\/uploads\/2023\/10\/AN6X0615-1280x853-1-1024x682.jpeg 1024w, https:\/\/reteitalianaism.it\/reteism\/wp-content\/uploads\/2023\/10\/AN6X0615-1280x853-1-768x512.jpeg 768w, https:\/\/reteitalianaism.it\/reteism\/wp-content\/uploads\/2023\/10\/AN6X0615-1280x853-1.jpeg 1280w\" sizes=\"auto, (max-width: 497px) 100vw, 497px\" \/><\/a><p id=\"caption-attachment-19363\" class=\"wp-caption-text\">Palestinesi ispezionano i danni a seguito di un attacco aereo israeliano che ha ucciso cinque persone nel centro di Gaza City. (Moham)med Zaanoun<\/p><\/div>\n<p style=\"text-align: justify;\">\nMa questa facciata di calma va in frantumi quando i palestinesi, spinti sull\u2019orlo del baratro, finalmente rispondono alle pressioni incessanti. Il mondo pu\u00f2 guardare sotto shock, ma per noi \u00e8 il culmine di anni di sofferenza e disperazione. \u00c8 il momento in cui difendiamo la nostra stessa esistenza e il diritto di vivere pacificamente e in libert\u00e0.<\/p>\n<p style=\"text-align: justify;\">Se \u00e8 vero che i fallimenti dell\u2019intelligence israeliana hanno consentito ad Hamas di coglierli di sorpresa, \u00e8 anche il risultato di un fallimento di immaginazione, empatia e decenza elementare. \u00c8 un\u2019incapacit\u00e0 di comprendere che non ci si pu\u00f2 aspettare che un popolo sopporti decenni di occupazione stoicamente e passivamente.<\/p>\n<p style=\"text-align: justify;\">\u00c8 essenziale riconoscere che l\u2019assedio stesso \u00e8 una provocazione. Costringere le persone a vivere in una prigione a cielo aperto \u2013 un atto deliberato volto a mantenere un\u2019intera popolazione in uno stato di costante vulnerabilit\u00e0 \u2013 \u00e8 di per s\u00e9 una forma di violenza. Ci\u00f2 che sta guidando l\u2019escalation a cui stiamo assistendo ora \u00e8 il fatto che noi palestinesi siamo stufi di vivere in condizioni costanti di occupazione e colonizzazione. Queste sono le questioni che devono essere affrontate affinch\u00e9 si possa ottenere una soluzione significativa.<\/p>\n<p style=\"text-align: justify;\"><strong>Il diritto di resistere<\/strong><br \/>\nIsraele conduce una guerra contro il popolo palestinese da oltre settant\u2019anni attraverso la pulizia etnica, l\u2019occupazione, le politiche di apartheid e un brutale assedio a Gaza. Eppure, nonostante il loro potere combattivo di gran lunga superiore, gli eventi recenti hanno evidenziato il fallimento della retorica dei leader israeliani e la loro incapacit\u00e0 di portare pace e sicurezza.<\/p>\n<div id=\"attachment_19365\" style=\"width: 507px\" class=\"wp-caption aligncenter\"><a href=\"http:\/\/reteitalianaism.it\/reteism\/index.php\/2023\/10\/10\/a-gaza-scompare-la-facciata-della-calma\/f231007yz109-1280x854\/\" rel=\"attachment wp-att-19365\"><img loading=\"lazy\" decoding=\"async\" aria-describedby=\"caption-attachment-19365\" class=\" wp-image-19365\" src=\"http:\/\/reteitalianaism.it\/reteism\/wp-content\/uploads\/2023\/10\/F231007YZ109-1280x854-1-300x200.jpeg\" alt=\"\" width=\"497\" height=\"331\" srcset=\"https:\/\/reteitalianaism.it\/reteism\/wp-content\/uploads\/2023\/10\/F231007YZ109-1280x854-1-300x200.jpeg 300w, https:\/\/reteitalianaism.it\/reteism\/wp-content\/uploads\/2023\/10\/F231007YZ109-1280x854-1-1024x683.jpeg 1024w, https:\/\/reteitalianaism.it\/reteism\/wp-content\/uploads\/2023\/10\/F231007YZ109-1280x854-1-768x512.jpeg 768w, https:\/\/reteitalianaism.it\/reteism\/wp-content\/uploads\/2023\/10\/F231007YZ109-1280x854-1.jpeg 1280w\" sizes=\"auto, (max-width: 497px) 100vw, 497px\" \/><\/a><p id=\"caption-attachment-19365\" class=\"wp-caption-text\">La scena in cui un razzo lanciato da Gaza ha causato danni nella citt\u00e0 israeliana meridionale di Ashkelon, il 7 ottobre 2023. (Yossi Zamir\/Flash90)<\/p><\/div>\n<p style=\"text-align: justify;\">Ci\u00f2 che il mondo non riesce a capire \u00e8 che il popolo palestinese ha il diritto di utilizzare la resistenza armata nella lotta per la libert\u00e0 e di difendersi dall\u2019aggressione israeliana. In effetti, molti di coloro che attualmente condannano gli attacchi di Hamas contro i civili sono rimasti terribilmente silenziosi mentre Israele ha commesso crimini indicibili contro il popolo palestinese, inclusa l\u2019imposizione di punizioni collettive contro i residenti di Gaza. Qualsiasi analisi o commento che non riconosca questa realt\u00e0 non solo \u00e8 vuoto ma anche immorale e disumanizzante.<\/p>\n<p style=\"text-align: justify;\">In momenti come questo, \u00e8 fondamentale tenere a mente le storie di lotta a Gaza \u2013 e del popolo palestinese in generale \u2013 e contribuire ad amplificare le nostre richieste di dignit\u00e0 mentre continuiamo a sopportare attacchi inimmaginabili alla nostra esistenza nella ricerca di giustizia, pace e uguaglianza.<\/p>\n<p style=\"text-align: justify;\">Ormai da anni, le famiglie di Gaza come la mia convivono con il bisogno costante e inquietante di avere le nostre cose importanti impacchettate e pronte in ogni momento, nel caso dovessimo partire con un solo attimo di preavviso. Contengono l&#8217;essenziale per sopravvivere in mezzo al caos: medicinali, documenti, caricabatterie per cellulari, effetti personali e kit igienici. Avere queste borse sempre pronte riflette quanto la vita possa diventare spaventosa in un istante a Gaza.<\/p>\n<p style=\"text-align: justify;\">Ora, mentre scrivo queste parole, io e la mia famiglia stiamo frettolosamente raccogliendo le nostre borse di emergenza per uscire di casa dopo che ci \u00e8 stato detto che il nostro quartiere sta per essere bombardato. Ho vissuto cinque guerre a Gaza, ma non ho mai provato cos\u00ec tanto orrore o visto una tale quantit\u00e0 di distruzione.<\/p>\n","protected":false},"excerpt":{"rendered":"<p>https:\/\/www.972mag.com\/ 8 ottobre 2023\u00a0 \u00a0 \u00a0 Mohammed R. Mhawish\u00a0 I palestinesi avvertono da tempo che il blocco e le ripetute aggressioni israeliane alla fine porterebbero ad un&#8217;esplosione. Ma pochi di noi a Gaza se lo aspettavano. Sono trascorse pi\u00f9 di &hellip; <a href=\"https:\/\/reteitalianaism.it\/reteism\/index.php\/2023\/10\/10\/a-gaza-scompare-la-facciata-della-calma\/\">Continue reading <span class=\"meta-nav\">&rarr;<\/span><\/a><\/p>\n","protected":false},"author":2,"featured_media":0,"comment_status":"open","ping_status":"open","sticky":false,"template":"","format":"standard","meta":{"footnotes":""},"categories":[2,3],"tags":[6,9,156,41,42],"class_list":["post-19361","post","type-post","status-publish","format-standard","hentry","category-gaza-2","category-info","tag-aggressioni","tag-apartheid","tag-assedio-di-gaza","tag-pulizia-etnica","tag-resistenza"],"_links":{"self":[{"href":"https:\/\/reteitalianaism.it\/reteism\/index.php\/wp-json\/wp\/v2\/posts\/19361","targetHints":{"allow":["GET"]}}],"collection":[{"href":"https:\/\/reteitalianaism.it\/reteism\/index.php\/wp-json\/wp\/v2\/posts"}],"about":[{"href":"https:\/\/reteitalianaism.it\/reteism\/index.php\/wp-json\/wp\/v2\/types\/post"}],"author":[{"embeddable":true,"href":"https:\/\/reteitalianaism.it\/reteism\/index.php\/wp-json\/wp\/v2\/users\/2"}],"replies":[{"embeddable":true,"href":"https:\/\/reteitalianaism.it\/reteism\/index.php\/wp-json\/wp\/v2\/comments?post=19361"}],"version-history":[{"count":2,"href":"https:\/\/reteitalianaism.it\/reteism\/index.php\/wp-json\/wp\/v2\/posts\/19361\/revisions"}],"predecessor-version":[{"id":19367,"href":"https:\/\/reteitalianaism.it\/reteism\/index.php\/wp-json\/wp\/v2\/posts\/19361\/revisions\/19367"}],"wp:attachment":[{"href":"https:\/\/reteitalianaism.it\/reteism\/index.php\/wp-json\/wp\/v2\/media?parent=19361"}],"wp:term":[{"taxonomy":"category","embeddable":true,"href":"https:\/\/reteitalianaism.it\/reteism\/index.php\/wp-json\/wp\/v2\/categories?post=19361"},{"taxonomy":"post_tag","embeddable":true,"href":"https:\/\/reteitalianaism.it\/reteism\/index.php\/wp-json\/wp\/v2\/tags?post=19361"}],"curies":[{"name":"wp","href":"https:\/\/api.w.org\/{rel}","templated":true}]}}