{"id":19373,"date":"2023-10-12T21:11:48","date_gmt":"2023-10-12T19:11:48","guid":{"rendered":"http:\/\/reteitalianaism.it\/reteism\/?p=19373"},"modified":"2023-10-12T21:11:48","modified_gmt":"2023-10-12T19:11:48","slug":"ilan-pappe-cari-amici-israeliani-ecco-perche-sostengo-i-palestinesi","status":"publish","type":"post","link":"https:\/\/reteitalianaism.it\/reteism\/index.php\/2023\/10\/12\/ilan-pappe-cari-amici-israeliani-ecco-perche-sostengo-i-palestinesi\/","title":{"rendered":"Ilan Pappe: Cari amici israeliani, ecco perch\u00e9 sostengo i palestinesi"},"content":{"rendered":"<header class=\"entry-header clearfix\">\n<h3><a href=\"https:\/\/www.palestinechronicle.com\/my-israeli-friends-this-is-why-i-support-palestinians-ilan-pappe\/\">https:\/\/www.palestinechronicle.com\/<\/a><\/h3>\n<h3><strong>11 ottobre 2023\u00a0 \u00a0<\/strong> \u00a0<em>Ilan Papp\u00e8<\/em><\/h3>\n<h3>Non \u00e8 sempre facile attenersi alla propria bussola morale, ma se punta a nord \u2013 verso la decolonizzazione e la liberazione \u2013 allora molto probabilmente ci guider\u00e0 attraverso la nebbia della propaganda velenosa.<\/h3>\n<\/header>\n<div class=\"entry-content clearfix\">\n<figure class=\"entry-thumbnail\"><img loading=\"lazy\" decoding=\"async\" class=\"\" title=\"PAPPE- solidarity-palestinians\" src=\"https:\/\/it.palestinechronicle.com\/wp-content\/uploads\/2023\/10\/PAPPE-solidarity-palestinians.png\" alt=\"\" width=\"499\" height=\"335\" \/><figcaption class=\"wp-caption-text\">Donne palestinesi piangono le vittime dell&#8217;eccidio a Gaza. (Photo: Mahmoud Ajjour, The Palestine Chronicle)<\/figcaption><\/figure>\n<blockquote>\n<h3><span style=\"font-size: 16px;\">\u00c8 difficile mantenere la propria bussola morale quando la societ\u00e0 a cui appartieni \u2013 sia i leader che i media \u2013 prende una posizione di superiorit\u00e0 morale e si aspetta che tu condivida la loro stessa furiosa colera con cui hanno reagito agli eventi di sabato scorso, 7 ottobre.<\/span><\/h3>\n<\/blockquote>\n<p style=\"text-align: justify;\">C\u2019\u00e8 solo un modo per resistere alla tentazione di aderirvi: se ad un certo punto della tua vita tu capissi \u2013 anche come cittadino ebreo di Israele \u2013 la natura coloniale del sionismo e fossi inorridito dalle sue politiche contro la popolazione indigena della Palestina.<\/p>\n<\/div>\n<p style=\"text-align: justify;\"><!--more--><\/p>\n<p style=\"text-align: justify;\">Se avete raggiunto questa consapevolezza, allora non esiterete, anche quando i messaggi velenosi dipingeranno i palestinesi come animali, o \u201canimali umani\u201d. Queste stesse persone insistono nel descrivere ci\u00f2 che \u00e8 avvenuto sabato scorso come un \u201cOlocausto\u201d, abusando cos\u00ec della memoria di una grande tragedia. Questi sentimenti vengono trasmessi, giorno e notte, sia dai media che dai politici israeliani.<\/p>\n<div class=\"entry-content clearfix\">\n<p style=\"text-align: justify;\">\u00c8 questa bussola morale che ha portato me, e altri nella nostra societ\u00e0, a sostenere il popolo palestinese in ogni modo possibile; e questo ci permette, allo stesso tempo, di ammirare il coraggio dei combattenti palestinesi che hanno preso il controllo di una dozzina di basi militari, sconfiggendo l\u2019esercito pi\u00f9 forte del Medio Oriente.<\/p>\n<p style=\"text-align: justify;\">Inoltre, persone come me non possono non interrogarsi sul valore morale o strategico di alcune delle azioni che hanno accompagnato questa operazione.<\/p>\n<p style=\"text-align: justify;\">Poich\u00e9 abbiamo sempre sostenuto la decolonizzazione della Palestina, sapevamo che pi\u00f9 fosse continuata l\u2019oppressione israeliana, meno probabile sarebbe stata \u201csterile\u201d la lotta di liberazione \u2013 come \u00e8 avvenuto in ogni giusta lotta per la liberazione in passato, in qualsiasi parte del mondo. .<\/p>\n<p style=\"text-align: justify;\">Ci\u00f2 non significa che non dovremmo tenere d\u2019occhio il quadro generale, nemmeno per un minuto. Il quadro \u00e8 quello di un popolo colonizzato che lotta per la sopravvivenza, in un momento in cui i suoi oppressori hanno eletto un governo, determinato ad accelerare la distruzione, di fatto l\u2019eliminazione, del popolo palestinese \u2013 o anche la sua stessa rivendicazione di essere un popolo.<\/p>\n<p style=\"text-align: justify;\">Hamas doveva agire, e in fretta.<br \/>\n\u00c8 difficile dar voce a queste contro-argomentazioni perch\u00e9 i media e i politici occidentali hanno accettato il discorso e la narrazione israeliana, per quanto problematica fosse.<br \/>\nMi chiedo quanti di coloro che hanno deciso di vestire il Parlamento di Londra e la Torre Eiffel a Parigi con i colori della bandiera israeliana, capiscono veramente come questo gesto, apparentemente simbolico, viene interpretato in Israele.<\/p>\n<p style=\"text-align: justify;\">Anche i sionisti liberali, con un minimo di decenza, leggono questo atto come un\u2019assoluzione totale da tutti i crimini che gli israeliani hanno commesso contro il popolo palestinese dal 1948; e quindi, come carta bianca per continuare il genocidio che Israele sta ora perpetrando contro il popolo di Gaza.<\/p>\n<p style=\"text-align: justify;\">Per fortuna ci sono state anche diverse reazioni agli avvenimenti accaduti negli ultimi giorni.<\/p>\n<p style=\"text-align: justify;\">Come in passato, ampi settori della societ\u00e0 civile occidentale non si lasciano facilmente ingannare da questa ipocrisia, gi\u00e0 manifesta nel caso dell\u2019Ucraina.<\/p>\n<p style=\"text-align: justify;\">Molti sanno che dal giugno 1967 un milione di palestinesi sono stati incarcerati almeno una volta nella loro vita. E con la reclusione arrivano anche gli abusi, la tortura e la detenzione permanente senza processo.<\/p>\n<p style=\"text-align: justify;\">Queste stesse persone conoscono anche l\u2019orribile realt\u00e0 che Israele ha creato nella Striscia di Gaza quando ha sigillato la regione, imponendo un assedio ermetico, a partire dal 2007, accompagnato dall\u2019incessante uccisione di bambini nella Cisgiordania occupata. Questa violenza non \u00e8 un fenomeno nuovo, poich\u00e9 \u00e8 stata il volto permanente del sionismo sin dalla fondazione di Israele nel 1948.<\/p>\n<p style=\"text-align: justify;\">Proprio a causa di questa societ\u00e0 civile, miei cari amici israeliani, il vostro governo e i vostri media alla fine verranno smentiti, poich\u00e9 non saranno in grado di rivendicare il ruolo di vittime, ricevere sostegno incondizionato e farla franca con i loro crimini.<\/p>\n<p style=\"text-align: justify;\">Alla fine, il quadro generale emerger\u00e0, nonostante i media occidentali intrinsecamente parziali.<\/p>\n<p style=\"text-align: justify;\">La grande domanda, tuttavia, \u00e8 questa: anche voi, amici israeliani, sarete in grado di vedere chiaramente questo stesso quadro generale? Nonostante anni di indottrinamento e ingegneria sociale?<\/p>\n<p style=\"text-align: justify;\">E cosa non meno importante, sarete in grado di imparare l\u2019altra importante lezione \u2013 che pu\u00f2 essere appresa dagli eventi recenti \u2013 che la sola forza non pu\u00f2 trovare l\u2019equilibrio tra un regime giusto da un lato e un progetto politico immorale dall\u2019altro?<\/p>\n<p style=\"text-align: justify;\">Ma c\u2019\u00e8 un\u2019alternativa. Infatti ce n\u2019\u00e8 sempre stato uno:<\/p>\n<p style=\"text-align: justify;\">Una Palestina desionizzata, liberata e democratica dal fiume al mare; una Palestina che accoglier\u00e0 nuovamente i rifugiati e costruir\u00e0 una societ\u00e0 che non discrimini sulla base della cultura, della religione o dell\u2019etnia.<\/p>\n<p style=\"text-align: justify;\">Questo nuovo Stato si attiverebbe per correggere, il pi\u00f9 possibile, i mali passati, in termini di disuguaglianza economica, furto di propriet\u00e0 e negazione dei diritti. Ci\u00f2 potrebbe annunciare una nuova alba per l\u2019intero Medio Oriente.<\/p>\n<p style=\"text-align: justify;\">Non \u00e8 sempre facile attenersi alla propria bussola morale, ma se punta a nord \u2013 verso la decolonizzazione e la liberazione \u2013 allora molto probabilmente ci guider\u00e0 attraverso la nebbia della propaganda velenosa, delle politiche ipocrite e della disumanit\u00e0, spesso perpetrate in nome dei \u2018nostri comuni valori occidentali\u201d.<\/p>\n<p><em>(Tradotto da Rania Hammad per il Palestine Chronicle. Leggi l\u2019originale\u00a0<a href=\"https:\/\/www.palestinechronicle.com\/my-israeli-friends-this-is-why-i-support-palestinians-ilan-pappe\/\">qui<\/a>)<\/em><\/p>\n<\/div>\n<p>&nbsp;<\/p>\n<p>&nbsp;<\/p>\n<p>&nbsp;<\/p>\n","protected":false},"excerpt":{"rendered":"<p>https:\/\/www.palestinechronicle.com\/ 11 ottobre 2023\u00a0 \u00a0 \u00a0Ilan Papp\u00e8 Non \u00e8 sempre facile attenersi alla propria bussola morale, ma se punta a nord \u2013 verso la decolonizzazione e la liberazione \u2013 allora molto probabilmente ci guider\u00e0 attraverso la nebbia della propaganda velenosa. &hellip; <a href=\"https:\/\/reteitalianaism.it\/reteism\/index.php\/2023\/10\/12\/ilan-pappe-cari-amici-israeliani-ecco-perche-sostengo-i-palestinesi\/\">Continue reading <span class=\"meta-nav\">&rarr;<\/span><\/a><\/p>\n","protected":false},"author":2,"featured_media":0,"comment_status":"open","ping_status":"open","sticky":false,"template":"","format":"standard","meta":{"footnotes":""},"categories":[2,3],"tags":[6,23,165],"class_list":["post-19373","post","type-post","status-publish","format-standard","hentry","category-gaza-2","category-info","tag-aggressioni","tag-diritti-umani","tag-gaza-sotto-assedio"],"_links":{"self":[{"href":"https:\/\/reteitalianaism.it\/reteism\/index.php\/wp-json\/wp\/v2\/posts\/19373","targetHints":{"allow":["GET"]}}],"collection":[{"href":"https:\/\/reteitalianaism.it\/reteism\/index.php\/wp-json\/wp\/v2\/posts"}],"about":[{"href":"https:\/\/reteitalianaism.it\/reteism\/index.php\/wp-json\/wp\/v2\/types\/post"}],"author":[{"embeddable":true,"href":"https:\/\/reteitalianaism.it\/reteism\/index.php\/wp-json\/wp\/v2\/users\/2"}],"replies":[{"embeddable":true,"href":"https:\/\/reteitalianaism.it\/reteism\/index.php\/wp-json\/wp\/v2\/comments?post=19373"}],"version-history":[{"count":1,"href":"https:\/\/reteitalianaism.it\/reteism\/index.php\/wp-json\/wp\/v2\/posts\/19373\/revisions"}],"predecessor-version":[{"id":19374,"href":"https:\/\/reteitalianaism.it\/reteism\/index.php\/wp-json\/wp\/v2\/posts\/19373\/revisions\/19374"}],"wp:attachment":[{"href":"https:\/\/reteitalianaism.it\/reteism\/index.php\/wp-json\/wp\/v2\/media?parent=19373"}],"wp:term":[{"taxonomy":"category","embeddable":true,"href":"https:\/\/reteitalianaism.it\/reteism\/index.php\/wp-json\/wp\/v2\/categories?post=19373"},{"taxonomy":"post_tag","embeddable":true,"href":"https:\/\/reteitalianaism.it\/reteism\/index.php\/wp-json\/wp\/v2\/tags?post=19373"}],"curies":[{"name":"wp","href":"https:\/\/api.w.org\/{rel}","templated":true}]}}