{"id":19499,"date":"2023-11-07T16:52:26","date_gmt":"2023-11-07T15:52:26","guid":{"rendered":"http:\/\/reteitalianaism.it\/reteism\/?p=19499"},"modified":"2023-11-07T16:52:26","modified_gmt":"2023-11-07T15:52:26","slug":"lavoratori-di-gaza-denudati-e-torturati-da-israele","status":"publish","type":"post","link":"https:\/\/reteitalianaism.it\/reteism\/index.php\/2023\/11\/07\/lavoratori-di-gaza-denudati-e-torturati-da-israele\/","title":{"rendered":"Lavoratori di Gaza denudati e torturati da Israele"},"content":{"rendered":"<p><a href=\"https:\/\/electronicintifada.net\/blogs\/tamara-nassar\/gaza-workers-stripped-naked-tortured-israel\">https:\/\/electronicintifada.net\/<\/a><br \/>\n<strong>6 novembre 2023<\/strong> \u00a0 \u00a0 \u00a0 \u00a0 \u00a0 <em>Tamara Nassar <\/em><\/p>\n<p>Israele ha detenuto e torturato lavoratori palestinesi di Gaza che erano presenti legalmente nel paese quando si sono verificati gli eventi del 7 ottobre.<\/p>\n<div id=\"attachment_19500\" style=\"width: 507px\" class=\"wp-caption aligncenter\"><a href=\"http:\/\/reteitalianaism.it\/reteism\/index.php\/2023\/11\/07\/lavoratori-di-gaza-denudati-e-torturati-da-israele\/231104_-_kerem-shalom\/\" rel=\"attachment wp-att-19500\"><img loading=\"lazy\" decoding=\"async\" aria-describedby=\"caption-attachment-19500\" class=\"wp-image-19500\" src=\"http:\/\/reteitalianaism.it\/reteism\/wp-content\/uploads\/2023\/11\/231104_-_kerem-shalom-300x200.jpeg\" alt=\"\" width=\"497\" height=\"331\" srcset=\"https:\/\/reteitalianaism.it\/reteism\/wp-content\/uploads\/2023\/11\/231104_-_kerem-shalom-300x200.jpeg 300w, https:\/\/reteitalianaism.it\/reteism\/wp-content\/uploads\/2023\/11\/231104_-_kerem-shalom-768x512.jpeg 768w, https:\/\/reteitalianaism.it\/reteism\/wp-content\/uploads\/2023\/11\/231104_-_kerem-shalom.jpeg 800w\" sizes=\"auto, (max-width: 497px) 100vw, 497px\" \/><\/a><p id=\"caption-attachment-19500\" class=\"wp-caption-text\">Un lavoratore palestinese con una benda che gli copre la fronte sanguinante e un altro lavoratore con una targhetta blu con un numero sulla caviglia, dopo essere tornati a Gaza attraverso un posto di blocco militare israeliano. Ahmed ZakotZuma Press<\/p><\/div>\n<p style=\"text-align: justify;\">Migliaia di lavoratori che vivono nella Striscia di Gaza avevano il permesso di lavorare in Israele quando quella mattina di ottobre inizi\u00f2 l\u2019operazione guidata da Hamas nelle colonie meridionali di Israele.<\/p>\n<p style=\"text-align: justify;\">Le autorit\u00e0 israeliane hanno arrestato i lavoratori che erano gi\u00e0 presenti in Israele e li hanno trattenuti in almeno due strutture. Le condizioni di detenzione erano \u201cestremamente terribili\u201d, secondo il gruppo israeliano per i diritti umani Gisha.<!--more--><\/p>\n<p style=\"text-align: justify;\">Molti dei lavoratori sono stati rilasciati all\u2019inizio di novembre e costretti a tornare nella Striscia di Gaza, che Israele bombarda incessantemente e dove commette massacri quotidiani, sterminando intere famiglie, da 31 giorni.<\/p>\n<p style=\"text-align: justify;\">Per tutta la durata della loro prigionia, secondo Gisha, i lavoratori fsono rimasti \u201ctagliati fuori dal mondo\u201d e non hanno avuto alcuna rappresentanza legale.<\/p>\n<p style=\"text-align: justify;\">&#8220;A un certo punto, un ufficiale ha detto ai detenuti che erano trattenuti perch\u00e9 c&#8217;erano degli ostaggi israeliani a Gaza, e che finch\u00e9 gli ostaggi israeliani erano a Gaza, non c&#8217;era alcuna prospettiva di rilascio dei lavoratori&#8221;, ha affermato il gruppo per i diritti umani con sede in Israele in una nota.<\/p>\n<p style=\"text-align: justify;\">Gisha ha affermato di avere motivo di ritenere che i lavoratori siano tenuti in \u201ccondizioni disumane\u201d.<\/p>\n<p style=\"text-align: justify;\">I lavoratori hanno rivelato come le autorit\u00e0 israeliane abbiano abusato di loro fisicamente e psicologicamente e abbiano persino apposto etichette blu con numeri di identificazione attorno ai loro polsi e alle caviglie.<\/p>\n<blockquote class=\"twitter-tweet\" data-width=\"550\" data-dnt=\"true\">\n<p lang=\"en\" dir=\"ltr\">History repeats itself when we don\u2019t learn from it. <a href=\"https:\/\/t.co\/9D0BngYDc7\">https:\/\/t.co\/9D0BngYDc7<\/a> <a href=\"https:\/\/t.co\/xreyCshXil\">pic.twitter.com\/xreyCshXil<\/a><\/p>\n<p>&mdash; Siddharth (@DearthOfSid) <a href=\"https:\/\/twitter.com\/DearthOfSid\/status\/1720797273464951257?ref_src=twsrc%5Etfw\">November 4, 2023<\/a><\/p><\/blockquote>\n<p><script async src=\"https:\/\/platform.twitter.com\/widgets.js\" charset=\"utf-8\"><\/script><\/p>\n<p style=\"text-align: justify;\">\nLa somiglianza non \u00e8 andata perduta agli utenti di Twitter che hanno pubblicato immagini dei tatuaggi con i numeri dei detenuti nei campi di concentramento nazisti.<br \/>\nDopo essere rientrati a Gaza attraverso Kerem Shalom \u2013 un posto di blocco militare israeliano e un passaggio per le merci \u2013 i lavoratori hanno detto ai giornalisti di essere stati torturati, picchiati, umiliati e interrogati dalle autorit\u00e0 israeliane.<\/p>\n<p style=\"text-align: justify;\">\u201cNessuno ci ha mostrato piet\u00e0. L\u2019esercito non ha mostrato piet\u00e0 nei nostri confronti, nessuna autorit\u00e0 israeliana ha mostrato piet\u00e0\u201d, ha detto ai media un lavoratore.<\/p>\n<p style=\"text-align: justify;\">Il checkpoint di Kerem Shalom \u00e8 l\u2019unico posto in cui Israele consente l\u2019ingresso e l\u2019uscita di merci da Gaza, ma generalmente non viene utilizzato per l\u2019ingresso o la partenza delle persone. Israele ha chiuso il checkpoint per punire l&#8217;intera popolazione di Gaza dall&#8217;inizio dell&#8217;assalto alla Striscia.<\/p>\n<p style=\"text-align: justify;\">L&#8217;operaio, non identificato dalla testata giornalistica, stava pregando per la sicurezza e il benessere di mogli e figli dei lavoratori.<\/p>\n<p style=\"text-align: justify;\">\u201cNon ci hanno lasciato lavorare, ci hanno preso i soldi, i vestiti e le scarpe\u201d, ha continuato l\u2019operaio.<\/p>\n<p style=\"text-align: justify;\">\u201cNon ci hanno lasciato nulla\u201d, ha aggiunto.<\/p>\n<p style=\"text-align: justify;\">\u201cCi hanno lasciato nudi, per tre giorni, sono stato torturato mentre ero completamente nudo\u201d, ha aggiunto l\u2019operaio.<\/p>\n<p style=\"text-align: justify;\">\u201c\u00c8 cos\u00ec che ci hanno calpestato la testa, ci hanno picchiato, preso a pugni e preso a calci, e anche adesso provo dolore per le loro percosse, rotture e torture\u201d.<\/p>\n<p style=\"text-align: justify;\">Il lavoratore ha detto che \u00e8 stato il suo datore di lavoro a consegnarlo alle autorit\u00e0 israeliane.<\/p>\n<blockquote class=\"twitter-tweet\" data-width=\"550\" data-dnt=\"true\">\n<p lang=\"ar\" dir=\"rtl\">\u062a\u063a\u0637\u064a\u0629 \u0635\u062d\u0641\u064a\u0629: &quot;\u0625\u062d\u0646\u0627 \u062a\u0639\u0630\u0628\u0646\u0627 \u0639\u0646\u062f \u0627\u0644\u064a\u0647\u0648\u062f \u0648\u0639\u0646\u062f \u0627\u0644\u0633\u0644\u0637\u0629&quot;..<br \/>\u0634\u0647\u0627\u062f\u0629 \u0623\u062d\u062f \u0639\u0645\u0627\u0644 \u063a\u0632\u0629\u060c \u0627\u0644\u0630\u064a\u0646 \u0623\u0641\u0631\u062c\u062a \u0639\u0646\u0647\u0645 \u0642\u0648\u0627\u062a \u0627\u0644\u0627\u062d\u062a\u0644\u0627\u0644 \u0639\u0644\u0649 \u062d\u0627\u062c\u0632 \u0643\u0631\u0645 \u0623\u0628\u0648 \u0633\u0627\u0644\u0645. <a href=\"https:\/\/t.co\/JTjg1FKfRp\">pic.twitter.com\/JTjg1FKfRp<\/a><\/p>\n<p>&mdash; \u0634\u0628\u0643\u0629 \u0642\u062f\u0633 \u0627\u0644\u0625\u062e\u0628\u0627\u0631\u064a\u0629 (@qudsn) <a href=\"https:\/\/twitter.com\/qudsn\/status\/1720392274301891004?ref_src=twsrc%5Etfw\">November 3, 2023<\/a><\/p><\/blockquote>\n<p><script async src=\"https:\/\/platform.twitter.com\/widgets.js\" charset=\"utf-8\"><\/script><\/p>\n<p style=\"text-align: justify;\">\nUn lavoratore ha detto ai media che le autorit\u00e0 israeliane lo hanno interrogato per ottenere informazioni su Hamas e sulla rete di tunnel sotterranei a Gaza.<br \/>\nHa aggiunto che gli interrogatori israeliani hanno usato scariche elettriche contro i lavoratori.<\/p>\n<p><a href=\"https:\/\/twitter.com\/ShehabAgency\/status\/1720376814936175098?ref_src=twsrc%5Etfw%7Ctwcamp%5Etweetembed%7Ctwterm%5E1720376814936175098%7Ctwgr%5E6e1147031ed51e471db7f9ec4eb12a1e7f6c0b0d%7Ctwcon%5Es1_c10&#038;ref_url=https%3A%2F%2Felectronicintifada.net%2Fblogs%2Ftamara-nassar%2Fgaza-workers-stripped-naked-tortured-israel\">https:\/\/twitter.com\/ShehabAgency\/status\/1720376814936175098?ref_src=twsrc%5Etfw%7Ctwcamp%5Etweetembed%7Ctwterm%5E1720376814936175098%7Ctwgr%5E6e1147031ed51e471db7f9ec4eb12a1e7f6c0b0d%7Ctwcon%5Es1_c10&amp;ref_url=https%3A%2F%2Felectronicintifada.net%2Fblogs%2Ftamara-nassar%2Fgaza-workers-stripped-naked-tortured-israel<\/a><\/p>\n<p style=\"text-align: justify;\">\nDurante le settimane in cui i lavoratori erano scomparsi, gruppi per i diritti umani con sede in Israele avevano presentato richieste individuali, una petizione e una lettera alle autorit\u00e0 israeliane chiedendo che \u201crivelassero i nomi e il luogo in cui si trovavano tutti i residenti di Gaza\u201d.<br \/>\nGisha e HaMoked, un altro gruppo israeliano per i diritti umani, avevano presentato una seconda petizione all\u2019Alta Corte israeliana il 2 novembre.<\/p>\n<p style=\"text-align: justify;\">Itamar Ben-Gvir, ministro della Sicurezza nazionale israeliano, aveva emesso un ordine per considerare i detenuti palestinesi di Gaza come \u201ccombattenti illegali\u201d in conformit\u00e0 con una legge del 2002, ha riferito il 19 ottobre il gruppo per i diritti dei prigionieri palestinesi Addameer.<\/p>\n<p style=\"text-align: justify;\">Israele aveva ordinato che i lavoratori palestinesi provenienti da Gaza fossero trattenuti in un campo militare di nuova costruzione vicino alla citt\u00e0 di Beersheba, nel sud di Israele, ai sensi di un articolo di quella legge, ha aggiunto Addameer.<\/p>\n<p style=\"text-align: justify;\">Prima degli eventi del 7 ottobre, pi\u00f9 di 18.000 palestinesi di Gaza avevano il permesso di lavorare in Israele. Molti di loro erano in Israele quando quella mattina \u00e8 iniziata l&#8217;operazione guidata da Hamas, ma il numero esatto \u00e8 sconosciuto, secondo i gruppi per i diritti umani.<\/p>\n<p style=\"text-align: justify;\">I lavoratori bloccati in Israele temevano per la propria vita e alcuni hanno cercato di entrare nella Cisgiordania occupata per trovare rifugio.<\/p>\n<p style=\"text-align: justify;\">Il 10 ottobre, il COGAT, il braccio burocratico dell\u2019occupazione militare israeliana, ha revocato tutti i permessi rilasciati ai palestinesi provenienti da Gaza. I permessi non verranno ripristinati, ha insistito il COGAT.<\/p>\n<p style=\"text-align: justify;\">A causa di questa mossa, i lavoratori provenienti da Gaza sono stati considerati \u201cstranieri illegali\u201d in Israele, nonostante fossero entrati legalmente.<\/p>\n<p style=\"text-align: justify;\">\u201cAlcuni sono stati detenuti violentemente in Israele, altri al check point in viaggio verso la Cisgiordania, e alcuni anche nelle aree della Cisgiordania controllate dall\u2019Autorit\u00e0 Palestinese\u201d, hanno affermato gruppi per i diritti umani.<\/p>\n<p style=\"text-align: justify;\">Le autorit\u00e0 israeliane hanno deciso di trasferire nuovamente i lavoratori a Gaza il 2 novembre come parte dell\u2019interruzione di \u201ctutti i contatti con Gaza\u201d, ha detto l\u2019ufficio del primo ministro israeliano.<\/p>\n<p style=\"text-align: justify;\">\u201cNon ci saranno pi\u00f9 lavoratori palestinesi da Gaza e i lavoratori che erano in Israele il giorno in cui \u00e8 scoppiata la guerra verranno restituiti a Gaza\u201d.<\/p>\n<p style=\"text-align: justify;\">Annullando tutti i permessi di lavoro per i lavoratori palestinesi di Gaza, Israele \u00e8 apparentemente ricorso a una forma di punizione collettiva.<\/p>\n<p style=\"text-align: justify;\">Non \u00e8 chiaro se tutti i lavoratori siano stati ancora rilasciati, ha detto Gisha. Secondo il gruppo, il ritorno di alcuni lavoratori a Gaza costituisce una parziale attuazione della decisione delle autorit\u00e0 israeliane.<\/p>\n","protected":false},"excerpt":{"rendered":"<p>https:\/\/electronicintifada.net\/ 6 novembre 2023 \u00a0 \u00a0 \u00a0 \u00a0 \u00a0 Tamara Nassar Israele ha detenuto e torturato lavoratori palestinesi di Gaza che erano presenti legalmente nel paese quando si sono verificati gli eventi del 7 ottobre. Migliaia di lavoratori che vivono &hellip; <a href=\"https:\/\/reteitalianaism.it\/reteism\/index.php\/2023\/11\/07\/lavoratori-di-gaza-denudati-e-torturati-da-israele\/\">Continue reading <span class=\"meta-nav\">&rarr;<\/span><\/a><\/p>\n","protected":false},"author":2,"featured_media":0,"comment_status":"open","ping_status":"open","sticky":false,"template":"","format":"standard","meta":{"footnotes":""},"categories":[2,3],"tags":[156,23,530,83],"class_list":["post-19499","post","type-post","status-publish","format-standard","hentry","category-gaza-2","category-info","tag-assedio-di-gaza","tag-diritti-umani","tag-lavoratori-di-gaza","tag-violenza-dei-soldati"],"_links":{"self":[{"href":"https:\/\/reteitalianaism.it\/reteism\/index.php\/wp-json\/wp\/v2\/posts\/19499","targetHints":{"allow":["GET"]}}],"collection":[{"href":"https:\/\/reteitalianaism.it\/reteism\/index.php\/wp-json\/wp\/v2\/posts"}],"about":[{"href":"https:\/\/reteitalianaism.it\/reteism\/index.php\/wp-json\/wp\/v2\/types\/post"}],"author":[{"embeddable":true,"href":"https:\/\/reteitalianaism.it\/reteism\/index.php\/wp-json\/wp\/v2\/users\/2"}],"replies":[{"embeddable":true,"href":"https:\/\/reteitalianaism.it\/reteism\/index.php\/wp-json\/wp\/v2\/comments?post=19499"}],"version-history":[{"count":2,"href":"https:\/\/reteitalianaism.it\/reteism\/index.php\/wp-json\/wp\/v2\/posts\/19499\/revisions"}],"predecessor-version":[{"id":19502,"href":"https:\/\/reteitalianaism.it\/reteism\/index.php\/wp-json\/wp\/v2\/posts\/19499\/revisions\/19502"}],"wp:attachment":[{"href":"https:\/\/reteitalianaism.it\/reteism\/index.php\/wp-json\/wp\/v2\/media?parent=19499"}],"wp:term":[{"taxonomy":"category","embeddable":true,"href":"https:\/\/reteitalianaism.it\/reteism\/index.php\/wp-json\/wp\/v2\/categories?post=19499"},{"taxonomy":"post_tag","embeddable":true,"href":"https:\/\/reteitalianaism.it\/reteism\/index.php\/wp-json\/wp\/v2\/tags?post=19499"}],"curies":[{"name":"wp","href":"https:\/\/api.w.org\/{rel}","templated":true}]}}