{"id":20043,"date":"2024-02-14T19:58:38","date_gmt":"2024-02-14T18:58:38","guid":{"rendered":"http:\/\/reteitalianaism.it\/reteism\/?p=20043"},"modified":"2024-02-14T19:58:38","modified_gmt":"2024-02-14T18:58:38","slug":"wadi-tiran-la-lotta-per-la-pastorizia","status":"publish","type":"post","link":"https:\/\/reteitalianaism.it\/reteism\/index.php\/2024\/02\/14\/wadi-tiran-la-lotta-per-la-pastorizia\/","title":{"rendered":"Wadi Tiran: la lotta per la pastorizia"},"content":{"rendered":"<p><a href=\"https:\/\/palsolidarity.org\/2024\/02\/wadi-tiran-the-struggle-for-shepherding\/\">https:\/\/palsolidarity.org\/<\/a><\/p>\n<p><strong>13 febbraio 2024<\/strong> | <strong>International Solidarity Movement<\/strong> |<strong> Masafer Yatta<\/strong><\/p>\n<p style=\"text-align: justify;\">Nel villaggio appartato di Tiran, due famiglie di pastori riferiscono di crescenti molestie da parte dei pastori coloni del vicino avamposto \u201cHavat Yehuda\u201d. Tiran \u00e8 uno dei tanti villaggi a sud di Al Khalil (Hebron), conosciuti collettivamente come Masafer Yata. Come altri villaggi della zona, Tiran \u00e8 circondato su tutti i lati sia da insediamenti consolidati che da avamposti di vigilanti (di solito una casa mobile o un autobus con scorta militare) \u2013 illegali secondo la legge internazionale e tecnicamente anche per quella israeliana.<\/p>\n<div id=\"attachment_20044\" style=\"width: 499px\" class=\"wp-caption aligncenter\"><a href=\"http:\/\/reteitalianaism.it\/reteism\/index.php\/2024\/02\/14\/wadi-tiran-la-lotta-per-la-pastorizia\/signal-2024-02-13-153106_002-e1707857939938\/\" rel=\"attachment wp-att-20044\"><img loading=\"lazy\" decoding=\"async\" aria-describedby=\"caption-attachment-20044\" class=\" wp-image-20044\" src=\"http:\/\/reteitalianaism.it\/reteism\/wp-content\/uploads\/2024\/02\/signal-2024-02-13-153106_002-e1707857939938-300x167.jpeg\" alt=\"\" width=\"489\" height=\"272\" srcset=\"https:\/\/reteitalianaism.it\/reteism\/wp-content\/uploads\/2024\/02\/signal-2024-02-13-153106_002-e1707857939938-300x167.jpeg 300w, https:\/\/reteitalianaism.it\/reteism\/wp-content\/uploads\/2024\/02\/signal-2024-02-13-153106_002-e1707857939938-768x427.jpeg 768w, https:\/\/reteitalianaism.it\/reteism\/wp-content\/uploads\/2024\/02\/signal-2024-02-13-153106_002-e1707857939938.jpeg 913w\" sizes=\"auto, (max-width: 489px) 100vw, 489px\" \/><\/a><p id=\"caption-attachment-20044\" class=\"wp-caption-text\">Pecore dei coloni che pascolano in un campo di avena palestinese il 12 gennaio. @ISM<\/p><\/div>\n<p style=\"text-align: justify;\">Sebbene molto abituato alle molestie dei coloni, il capofamiglia (che chiede di mantenere il suo nome per sicurezza), riferisce che le molestie sono aumentate drammaticamente dal 7 ottobre. Ogni mattina, i coloni pascolano un grande gregge di pecore sulla terra palestinese, e spesso sulla terra sua e di suo fratello, facendo pascolare i loro animali sul raccolto di avena e rubando tempo prezioso di pascolo necessario alle pecore e alle capre delle famiglie palestinesi. Ci\u00f2 fa parte di un modello pi\u00f9 ampio, osservato dai pastori palestinesi e dagli attivisti solidali della zona. Sono stati segnalati numerosi incontri con militari e talvolta coloni vestiti con divise militari. Dicono ai pastori palestinesi che non sono autorizzati a far pascolare i loro animali sulle loro terre e producono fotografie del presunto \u201cpermesso di pascolo\u201d e altri documenti militari e giudiziari. Anche quando i militari a volte si arrendono, i pastori perdono tempo prezioso per il pascolo primaverile in un ambiente tipicamente arido in attesa che i coloni o i soldati agiscano.<!--more--><\/p>\n<p style=\"text-align: justify;\">Oggi, 13 gennaio, gli attivisti solidali che scortavano i bambini a scuola hanno incontrato un pastore colono (raffigurato nel film con \u05d0\u05e8\u05e5\u05e0\u05d5, felpa \u201cla nostra terra\u201d) con il suo gregge di pecore, in attesa dietro una collina e lontano dagli abitanti del villaggio. Dopo che i bambini erano passati, le pecore e i cani da pastore sono svoltati sulla strada e sono corsi velocemente dietro ai bambini. Quando gli attivisti hanno fatto notare al colono che la sua mandria e i suoi cani stavano inseguendo i bambini, lui ha risposto: \u201cLo so\u201d ed \u00e8 corsa dietro alla mandria. Nel video incluso, la si sente gridare: \u201c!\u05dc\u05dc\u05db\u05ea,\u05dc\u05dc\u05db\u05ea\u201d (\u201cvai, vai!\u201d). Dopo diversi minuti, gli animali si fermarono e lei grid\u00f2 \u201cok?\u201d Gli attivisti sono rimasti finch\u00e9 i bambini non sono stati al sicuro all&#8217;interno.<\/p>\n<p style=\"text-align: justify;\">Oltre a questa ingerenza pastorale, il capofamiglia riferisce che dal 7 ottobre sono aumentate anche le violenze e le molestie dei coloni nelle case delle due famiglie: i coloni sono arrivati di notte, hanno minacciato di uccidere le famiglie, hanno danneggiato il loro serbatoio dell&#8217;acqua e i macchinari agricoli, sono entrati nelle loro case per scattare foto ai familiari e hanno completamente distrutto l&#8217;unica strada che portava al villaggio con le macchine movimento terra. Gli attivisti della solidariet\u00e0 hanno osservato i droni inviati durante il giorno, cosa che secondo le famiglie accade spesso. Come molte famiglie rurali palestinesi, dicono di aver paura di ci\u00f2 che accadr\u00e0 senza la presenza di attivisti solidali; i coloni hanno gi\u00e0 cacciato da casa un&#8217;altra famiglia che viveva nelle vicinanze, cos\u00ec come l&#8217;intero villaggio di Zanuta.<\/p>\n<p style=\"text-align: justify;\">Lettore video<\/p>\n<p style=\"text-align: justify;\"><a href=\"https:\/\/palsolidarity.org\/wp-content\/uploads\/2024\/02\/signal-2024-02-13-153138_002.mp4?_=1\">https:\/\/palsolidarity.org\/wp-content\/uploads\/2024\/02\/signal-2024-02-13-153138_002.mp4?_=1<\/a><br \/>\n00:07<\/p>\n<p style=\"text-align: justify;\">\nLettore video<\/p>\n<p style=\"text-align: justify;\"><a href=\"https:\/\/palsolidarity.org\/wp-content\/uploads\/2024\/02\/signal-2024-02-13-153138_004.mp4?_=2\">https:\/\/palsolidarity.org\/wp-content\/uploads\/2024\/02\/signal-2024-02-13-153138_004.mp4?_=2<\/a><a href=\"https:\/\/palsolidarity.org\/wp-content\/uploads\/2024\/02\/signal-2024-02-13-153138_003.mp4?_=3\">00:00<\/a><br \/>\nLettore video<\/p>\n<p><a href=\"https:\/\/palsolidarity.org\/wp-content\/uploads\/2024\/02\/signal-2024-02-13-153138_003.mp4?_=3\">https:\/\/palsolidarity.org\/wp-content\/uploads\/2024\/02\/signal-2024-02-13-153138_003.mp4?_=3<\/a><br \/>\n00:04<\/p>\n<p>Pecore e cani di coloni israeliani inseguono i bambini che vanno a scuola. @ISM<\/p>\n","protected":false},"excerpt":{"rendered":"<p>https:\/\/palsolidarity.org\/ 13 febbraio 2024 | International Solidarity Movement | Masafer Yatta Nel villaggio appartato di Tiran, due famiglie di pastori riferiscono di crescenti molestie da parte dei pastori coloni del vicino avamposto \u201cHavat Yehuda\u201d. Tiran \u00e8 uno dei tanti villaggi &hellip; <a href=\"https:\/\/reteitalianaism.it\/reteism\/index.php\/2024\/02\/14\/wadi-tiran-la-lotta-per-la-pastorizia\/\">Continue reading <span class=\"meta-nav\">&rarr;<\/span><\/a><\/p>\n","protected":false},"author":2,"featured_media":0,"comment_status":"open","ping_status":"open","sticky":false,"template":"","format":"standard","meta":{"footnotes":""},"categories":[3],"tags":[7,19,345],"class_list":["post-20043","post","type-post","status-publish","format-standard","hentry","category-info","tag-agricoltori","tag-colline-a-sud-di-hebron","tag-masafer-yatta"],"_links":{"self":[{"href":"https:\/\/reteitalianaism.it\/reteism\/index.php\/wp-json\/wp\/v2\/posts\/20043","targetHints":{"allow":["GET"]}}],"collection":[{"href":"https:\/\/reteitalianaism.it\/reteism\/index.php\/wp-json\/wp\/v2\/posts"}],"about":[{"href":"https:\/\/reteitalianaism.it\/reteism\/index.php\/wp-json\/wp\/v2\/types\/post"}],"author":[{"embeddable":true,"href":"https:\/\/reteitalianaism.it\/reteism\/index.php\/wp-json\/wp\/v2\/users\/2"}],"replies":[{"embeddable":true,"href":"https:\/\/reteitalianaism.it\/reteism\/index.php\/wp-json\/wp\/v2\/comments?post=20043"}],"version-history":[{"count":2,"href":"https:\/\/reteitalianaism.it\/reteism\/index.php\/wp-json\/wp\/v2\/posts\/20043\/revisions"}],"predecessor-version":[{"id":20047,"href":"https:\/\/reteitalianaism.it\/reteism\/index.php\/wp-json\/wp\/v2\/posts\/20043\/revisions\/20047"}],"wp:attachment":[{"href":"https:\/\/reteitalianaism.it\/reteism\/index.php\/wp-json\/wp\/v2\/media?parent=20043"}],"wp:term":[{"taxonomy":"category","embeddable":true,"href":"https:\/\/reteitalianaism.it\/reteism\/index.php\/wp-json\/wp\/v2\/categories?post=20043"},{"taxonomy":"post_tag","embeddable":true,"href":"https:\/\/reteitalianaism.it\/reteism\/index.php\/wp-json\/wp\/v2\/tags?post=20043"}],"curies":[{"name":"wp","href":"https:\/\/api.w.org\/{rel}","templated":true}]}}