{"id":20130,"date":"2024-03-01T21:15:03","date_gmt":"2024-03-01T20:15:03","guid":{"rendered":"http:\/\/reteitalianaism.it\/reteism\/?p=20130"},"modified":"2024-03-01T21:15:03","modified_gmt":"2024-03-01T20:15:03","slug":"vita-dura-a-rafah","status":"publish","type":"post","link":"https:\/\/reteitalianaism.it\/reteism\/index.php\/2024\/03\/01\/vita-dura-a-rafah\/","title":{"rendered":"Vita dura a Rafah"},"content":{"rendered":"<p><a href=\"https:\/\/electronicintifada.net\/content\/living-rough-rafah\/44921\">https:\/\/electronicintifada.net\/<\/a><br \/>\n<strong>1 marzo 2024\u00a0<\/strong> \u00a0 \u00a0 \u00a0 <em>Khuloud Rabah Sulaiman\u00a0<\/em><\/p>\n<p>Ahmad Hanoun e la sua famiglia allargata vivono ora in un allevamento di pollame a Rafah, nel sud di Gaza.<\/p>\n<div id=\"attachment_20131\" style=\"width: 507px\" class=\"wp-caption aligncenter\"><a href=\"http:\/\/reteitalianaism.it\/reteism\/index.php\/2024\/03\/01\/vita-dura-a-rafah\/140224_rafah_sj_0011\/\" rel=\"attachment wp-att-20131\"><img loading=\"lazy\" decoding=\"async\" aria-describedby=\"caption-attachment-20131\" class=\" wp-image-20131\" src=\"http:\/\/reteitalianaism.it\/reteism\/wp-content\/uploads\/2024\/03\/140224_rafah_sj_0011-300x200.jpeg\" alt=\"\" width=\"497\" height=\"331\" srcset=\"https:\/\/reteitalianaism.it\/reteism\/wp-content\/uploads\/2024\/03\/140224_rafah_sj_0011-300x200.jpeg 300w, https:\/\/reteitalianaism.it\/reteism\/wp-content\/uploads\/2024\/03\/140224_rafah_sj_0011-768x512.jpeg 768w, https:\/\/reteitalianaism.it\/reteism\/wp-content\/uploads\/2024\/03\/140224_rafah_sj_0011.jpeg 800w\" sizes=\"auto, (max-width: 497px) 100vw, 497px\" \/><\/a><p id=\"caption-attachment-20131\" class=\"wp-caption-text\">Gli sfollati vivono ora accanto a un cimitero a Rafah, la citt\u00e0 pi\u00f9 meridionale di Gaza. Immagini Saeed JarasAPA<\/p><\/div>\n<p style=\"text-align: justify;\">Il loro rifugio rudimentale non \u00e8 una sistemazione adatta per gli umani. Ma non hanno nessun altro posto dove andare.<\/p>\n<p style=\"text-align: justify;\">Ce ne sono tanti altri in una situazione simile. Circa 1,3 milioni di persone \u2013 pi\u00f9 della met\u00e0 di tutti gli abitanti di Gaza \u2013 sono stipate a Rafah in seguito allo sfollamento di massa.<\/p>\n<p style=\"text-align: justify;\">Gli Hanoun sono stati costretti a lasciare la loro casa nel quartiere Sheikh Radwan di Gaza City. Israele ha ripetutamente bombardato l\u2019area durante l\u2019attuale guerra genocida.<!--more--><\/p>\n<p style=\"text-align: justify;\">La fattoria dove vivono adesso non ha un bagno. Per usarne uno, visitano al-Helal al-Emirati, un ospedale di maternit\u00e0 a Rafah.<\/p>\n<p style=\"text-align: justify;\">La famiglia ha organizzato delle docce tra le gabbie in batteria dell\u2019allevamento. Hanno fatto bollire l&#8217;acqua su un fuoco di legna prima di fare la doccia.<\/p>\n<p style=\"text-align: justify;\">&#8220;Dobbiamo spogliarci uno di fronte all&#8217;altro&#8221;, ha detto Ahmad Hanoun. \u201cNon c\u2019\u00e8 privacy durante la guerra.\u201d<\/p>\n<p style=\"text-align: justify;\">La fattoria dove vivono ha un odore terribile e devono costantemente lottare contro gli insetti.<\/p>\n<p style=\"text-align: justify;\">I bambini hanno avuto diarrea.<\/p>\n<p style=\"text-align: justify;\">A Loay, un bambino di 7 anni, \u00e8 stata diagnosticata l&#8217;epatite A. Le sue condizioni di salute sono molto gravi.<\/p>\n<p style=\"text-align: justify;\">Quando piove forte, la zona in cui vivono viene inondata dalle acque reflue, che distruggono coperte, materassi e perfino cibo.<\/p>\n<p style=\"text-align: justify;\">L\u2019unica protezione della famiglia durante il tempo piovoso \u00e8 rimanere all\u2019interno delle gabbie.<\/p>\n<p style=\"text-align: justify;\">&#8220;Trovo incredibile che viviamo in una tale sporcizia&#8221;, ha detto Ahmad Hanoun. \u201cQuesto \u00e8 un posto per animali e uccelli, non per persone. Avevamo previsto di restare qui per alcuni giorni finch\u00e9 non avessimo trovato un posto pi\u00f9 adatto. Ma non siamo riusciti a trovare da nessun\u2019altra parte\u201d.<\/p>\n<p style=\"text-align: justify;\"><strong>Terrorizzato<\/strong><br \/>\nAdel Jumaa \u00e8 dovuto fuggire dalla sua casa nel campo profughi di Jabaliya, nel nord di Gaza, alcuni mesi fa.<\/p>\n<p style=\"text-align: justify;\">Per prima cosa, lui e la sua famiglia andarono a Khan Younis, nel sud. Successivamente si sono trasferiti a Rafah.<\/p>\n<p style=\"text-align: justify;\">Dopo aver cercato un appartamento a Rafah, si sono resi conto che non potevano permettersi gli alti affitti richiesti. Alla fine hanno montato una tenda sul terreno di uno zoo di propriet\u00e0 di un parente.<\/p>\n<p style=\"text-align: justify;\">Ci\u00f2 significa che devono vivere accanto ad animali che muoiono di fame.<\/p>\n<p style=\"text-align: justify;\">Molti leoni dello zoo sono gi\u00e0 morti dall&#8217;inizio della guerra. Con il cibo scarso, il proprietario dello zoo sta cercando di mantenere in vita i leoni rimasti con il pane.<\/p>\n<p style=\"text-align: justify;\">I leoni avevano precedentemente mangiato pollo. Il peso degli animali dello zoo \u00e8 diminuito drasticamente.<\/p>\n<p style=\"text-align: justify;\">Il bagno dello zoo si trova vicino alle gabbie degli animali.<\/p>\n<p style=\"text-align: justify;\">Rami, il figlio di 7 anni di Adel, ha il terrore di andare in bagno dopo il tramonto.<\/p>\n<p style=\"text-align: justify;\">Il ragazzo ha iniziato recentemente ad avvertire forti dolori. Quando \u00e8 stato portato in ospedale, gli sono stati diagnosticati calcoli renali ed \u00e8 stato necessario un intervento chirurgico.<\/p>\n<p style=\"text-align: justify;\">Un medico ha detto alla famiglia che tali problemi possono verificarsi se i bambini cercano di evitare di urinare.<\/p>\n<p style=\"text-align: justify;\">Rami ha problemi a dormire perch\u00e9 ha paura dei leoni.<\/p>\n<p style=\"text-align: justify;\">Ha chiesto pi\u00f9 volte ai suoi genitori se gli animali possono scappare dalle gabbie e attaccare gli esseri umani. Sara, sua madre, ha risposto che gli animali non rappresentano alcun rischio per le persone che li nutrono e si prendono cura di loro.<\/p>\n<p style=\"text-align: justify;\">&#8220;Rami chiede sempre quando potremo lasciare questo posto orribile e tornare alla nostra vecchia casa&#8221;, ha detto Sara. \u201cNon so come rispondergli. Sono senza parole.<\/p>\n<p style=\"text-align: justify;\">Yasser Helles e la sua famiglia vivono ora in una serra vicino alla costa di Rafah.<\/p>\n<p style=\"text-align: justify;\">Dato che le forze navali israeliane stanno sparando verso Rafah, la zona \u00e8 tutt\u2019altro che sicura.<\/p>\n<p style=\"text-align: justify;\">La famiglia ha dovuto rifugiarsi l\u00ec perch\u00e9 le tende scarseggiavano e le poche disponibili erano costose.<\/p>\n<p style=\"text-align: justify;\">&#8220;Ci vogliono settimane solo perch\u00e9 un ente di beneficenza te ne regali uno&#8221;, ha detto Yasser. \u201cCi sono cos\u00ec tante persone sulla lista per le tende. Quindi siamo stati costretti a rifugiarci qui, che non \u00e8 un posto adatto in cui vivere\u201d.<\/p>\n<p style=\"text-align: justify;\">Ahmad, il figlio quindicenne di Yasser, recentemente \u00e8 andato in una scuola locale e ha fatto la fila per ore prima di riuscire a trovare l\u2019acqua. Una volta riempito il contenitore, ha utilizzato una sedia a rotelle per trasportarlo.<\/p>\n<p style=\"text-align: justify;\">Purtroppo la sedia a rotelle si \u00e8 rovesciata e l&#8217;acqua si \u00e8 rovesciata mentre tornava dalla sua famiglia. Ahmad era sconvolto.<\/p>\n<p style=\"text-align: justify;\">Da quando si sono rifugiati nella serra, la famiglia allargata dorme sui materassi.<\/p>\n<p style=\"text-align: justify;\">La madre 72enne di Yasser ha sofferto di mal di schiena.<\/p>\n<p style=\"text-align: justify;\">\u201cSpesso non riuscivo a trovare antidolorifici per lei nelle farmacie o nelle cliniche dell\u2019UNRWA [l\u2019agenzia delle Nazioni Unite per i rifugiati palestinesi]\u201d, ha detto Yasser. &#8220;Non pu\u00f2 sopportare l&#8217;agonia.&#8221;<\/p>\n<p style=\"text-align: justify;\">Khuloud Rabah Sulaiman \u00e8 un giornalista che vive a Gaza.<\/p>\n","protected":false},"excerpt":{"rendered":"<p>https:\/\/electronicintifada.net\/ 1 marzo 2024\u00a0 \u00a0 \u00a0 \u00a0 Khuloud Rabah Sulaiman\u00a0 Ahmad Hanoun e la sua famiglia allargata vivono ora in un allevamento di pollame a Rafah, nel sud di Gaza. Il loro rifugio rudimentale non \u00e8 una sistemazione adatta per &hellip; <a href=\"https:\/\/reteitalianaism.it\/reteism\/index.php\/2024\/03\/01\/vita-dura-a-rafah\/\">Continue reading <span class=\"meta-nav\">&rarr;<\/span><\/a><\/p>\n","protected":false},"author":2,"featured_media":0,"comment_status":"open","ping_status":"open","sticky":false,"template":"","format":"standard","meta":{"footnotes":""},"categories":[2,3],"tags":[9,156,14,41],"class_list":["post-20130","post","type-post","status-publish","format-standard","hentry","category-gaza-2","category-info","tag-apartheid","tag-assedio-di-gaza","tag-bombardamento","tag-pulizia-etnica"],"_links":{"self":[{"href":"https:\/\/reteitalianaism.it\/reteism\/index.php\/wp-json\/wp\/v2\/posts\/20130","targetHints":{"allow":["GET"]}}],"collection":[{"href":"https:\/\/reteitalianaism.it\/reteism\/index.php\/wp-json\/wp\/v2\/posts"}],"about":[{"href":"https:\/\/reteitalianaism.it\/reteism\/index.php\/wp-json\/wp\/v2\/types\/post"}],"author":[{"embeddable":true,"href":"https:\/\/reteitalianaism.it\/reteism\/index.php\/wp-json\/wp\/v2\/users\/2"}],"replies":[{"embeddable":true,"href":"https:\/\/reteitalianaism.it\/reteism\/index.php\/wp-json\/wp\/v2\/comments?post=20130"}],"version-history":[{"count":2,"href":"https:\/\/reteitalianaism.it\/reteism\/index.php\/wp-json\/wp\/v2\/posts\/20130\/revisions"}],"predecessor-version":[{"id":20133,"href":"https:\/\/reteitalianaism.it\/reteism\/index.php\/wp-json\/wp\/v2\/posts\/20130\/revisions\/20133"}],"wp:attachment":[{"href":"https:\/\/reteitalianaism.it\/reteism\/index.php\/wp-json\/wp\/v2\/media?parent=20130"}],"wp:term":[{"taxonomy":"category","embeddable":true,"href":"https:\/\/reteitalianaism.it\/reteism\/index.php\/wp-json\/wp\/v2\/categories?post=20130"},{"taxonomy":"post_tag","embeddable":true,"href":"https:\/\/reteitalianaism.it\/reteism\/index.php\/wp-json\/wp\/v2\/tags?post=20130"}],"curies":[{"name":"wp","href":"https:\/\/api.w.org\/{rel}","templated":true}]}}