{"id":20140,"date":"2024-03-04T21:08:42","date_gmt":"2024-03-04T20:08:42","guid":{"rendered":"http:\/\/reteitalianaism.it\/reteism\/?p=20140"},"modified":"2024-03-05T19:34:46","modified_gmt":"2024-03-05T18:34:46","slug":"israele-palestina-in-diretta-israele-arresta-dei-palestinesi-in-un-complesso-residenziale-di-gaza","status":"publish","type":"post","link":"https:\/\/reteitalianaism.it\/reteism\/index.php\/2024\/03\/04\/israele-palestina-in-diretta-israele-arresta-dei-palestinesi-in-un-complesso-residenziale-di-gaza\/","title":{"rendered":"Israele-Palestina in diretta: Israele arresta dei palestinesi in un complesso residenziale di Gaza"},"content":{"rendered":"<p style=\"text-align: justify;\"><a href=\"https:\/\/www.middleeasteye.net\/live\/israel-palestine-gaza-hamas-war-ceasefire\">https:\/\/www.middleeasteye.net\/live\/<\/a><br \/>\ndal vivo, <strong>4 marzo 2023<\/strong><br \/>\nIntanto al Cairo proseguono i colloqui per raggiungere un cessate il fuoco prima del Ramadan<\/p>\n<p>Il vicepresidente Usa chiede un \u201ccessate il fuoco immediato\u201d<br \/>\nAlmeno 15 bambini palestinesi muoiono di malnutrizione<br \/>\nEsperto Onu chiede sanzioni contro Israele<\/p>\n<p style=\"text-align: justify;\"><strong><img loading=\"lazy\" decoding=\"async\" class=\"aligncenter\" src=\"https:\/\/www.middleeasteye.net\/sites\/default\/files\/styles\/max_2600x2600\/public\/2024-03\/wounded-palestinian-rafah-mohammed-abed-afp.jpg?itok=uomrlyJp\" width=\"498\" height=\"280\" \/>Israele accusa l\u2019Unrwa di Gaza di impiegare oltre 450 \u201coperativi militari\u201d<\/strong><br \/>\n17 minuti fa<br \/>\nLuned\u00ec il portavoce militare israeliano ha affermato che l&#8217;agenzia di soccorso delle Nazioni Unite, Unrwa, a Gaza, ha sul suo libro paga oltre 450 &#8220;operativi militari&#8221; di Hamas e di altri gruppi armati.<\/p>\n<p style=\"text-align: justify;\">&#8220;Oltre 450 dipendenti dell&#8217;Unrwa sono agenti militari in gruppi terroristici a Gaza. Oltre 450. Questa non \u00e8 una semplice coincidenza. Questo \u00e8 sistematico&#8221;, ha detto il portavoce militare, il contrammiraglio Daniel Hagari, in un briefing ai giornalisti.<\/p>\n<p style=\"text-align: justify;\">Ha aggiunto che queste informazioni erano gi\u00e0 state condivise con gli Stati Uniti.<!--more--><\/p>\n<p style=\"text-align: justify;\">&#8220;Abbiamo inviato le informazioni che sto condividendo ora, cos\u00ec come ulteriori informazioni, ai nostri partner internazionali, comprese le Nazioni Unite&#8221;, ha affermato.<\/p>\n<p style=\"text-align: justify;\"><strong>Gli Houthi dello Yemen affermano di aver preso di mira una nave israeliana nel Mar Arabico<\/strong><br \/>\n<em>44 minuti fa<\/em><br \/>\nLuned\u00ec, Yahya Sarea, portavoce militare della fazione Houthi, ha annunciato che il gruppo allineato con l\u2019Iran aveva lanciato un attacco alla \u201cnave israeliana MSC SKY\u201d nel Mar Arabico.<\/p>\n<p style=\"text-align: justify;\">&#8220;Le forze navali delle forze armate yemenite hanno effettuato un&#8217;operazione di targeting contro la nave israeliana MSC SKY nel Mar Arabico con una serie di missili navali adeguati, e il colpo \u00e8 stato preciso e diretto&#8221;, ha detto Sarea in un discorso televisivo.<\/p>\n<p style=\"text-align: justify;\">Da met\u00e0 novembre, i militanti Houthi hanno costantemente preso di mira le navi commerciali internazionali con droni e missili, sostenendo che le loro azioni sono a sostegno dei palestinesi e contro le operazioni militari di Israele a Gaza.<\/p>\n<p style=\"text-align: justify;\">Sarea ha affermato che l&#8217;evento \u00e8 avvenuto poche ore dopo un altro assalto da parte degli Houthi dello Yemen, durante il quale hanno preso di mira diverse navi militari statunitensi nel Mar Rosso.<\/p>\n<p style=\"text-align: justify;\">&#8220;Attraverso queste due operazioni, (noi) confermiamo la nostra capacit\u00e0 di prendere di mira simultaneamente navi da guerra e navi non da guerra&#8221;, ha detto Sarea, promettendo di continuare gli attacchi alle navi che attraversano lo Yemen finch\u00e9 l&#8217;offensiva israeliana contro Gaza non sar\u00e0 fermata.<\/p>\n<p style=\"text-align: justify;\"><strong>Yazan al-Kafarna, 10 anni affetto da paralisi cerebrale, muore di malnutrizione<\/strong><br \/>\n<em>4 ore fa<\/em><br \/>\nDurante il fine settimana, le immagini di Yazan al-Kafarna, un bambino palestinese di 10 anni ricoverato in ospedale a Rafah, nel sud di Gaza, per fame acuta e malnutrizione, si sono diffuse ampiamente online<\/p>\n<div style=\"width: 506px\" class=\"wp-caption aligncenter\"><img loading=\"lazy\" decoding=\"async\" src=\"https:\/\/www.middleeasteye.net\/sites\/default\/files\/images-story\/yazan-x.jpg\" alt=\"Yazan al-Kafarna is one of the latest to die of hunger and malnutrition in Gaza since the start of the war on 7 October (Screengrab\/X)\" width=\"496\" height=\"279\" \/><p class=\"wp-caption-text\">Yazan al-Kafarna \u00e8 uno degli ultimi a morire di fame e malnutrizione a Gaza dall&#8217;inizio della guerra il 7 ottobre (Screengrab\/X)<\/p><\/div>\n<p style=\"text-align: justify;\">Kafarna \u00e8 morto, secondo quanto riferito luned\u00ec. \u00c8 il sedicesimo bambino a morire di malnutrizione dall&#8217;inizio della guerra, lo scorso ottobre.<\/p>\n<p style=\"text-align: justify;\">Kafarna e la sua famiglia sono stati sfollati da Beit Hanoun, nel nord di Gaza. Le immagini circolate durante il fine settimana mostravano Kafarna, affetto da paralisi cerebrale e che necessitava di una dieta particolare, disteso su un letto d&#8217;ospedale con le guance infossate.<\/p>\n<p style=\"text-align: justify;\">In un video, suo padre mostra una foto di suo figlio prima della guerra in buona salute.<\/p>\n<p style=\"text-align: justify;\">\u201cPrima della guerra era sano, aveva accesso a tutto il cibo e alle cure mediche di cui aveva bisogno. Quando \u00e8 iniziata la guerra, tutto \u00e8 stato tagliato fuori&#8230; questo gli \u00e8 successo a causa della mancanza di nutrizione e della mancanza di cibi importanti&#8221;, ha detto, aggiungendo che la sua foto \u00e8 stata scattata appena una settimana prima dell&#8217;inizio della guerra.<\/p>\n<p style=\"text-align: justify;\"><strong>Funzionario americano: il cessate il fuoco a Gaza potrebbe non calmare il confine tra Israele e Libano<\/strong><br \/>\n<em>4 ore fa<\/em><br \/>\nAmos Hochstein, inviato speciale degli Stati Uniti in visita a Beirut, ha avvertito che l\u2019escalation di violenza al confine libanese-israeliano potrebbe non ridursi anche se a Gaza verr\u00e0 raggiunto un cessate il fuoco.<\/p>\n<p style=\"text-align: justify;\">Hochstein, che in precedenza ha lavorato come mediatore tra Israele e il governo libanese su questioni relative ai confini marittimi, luned\u00ec visiter\u00e0 la capitale libanese per affrontare le crescenti tensioni.<\/p>\n<div style=\"width: 498px\" class=\"wp-caption aligncenter\"><img loading=\"lazy\" decoding=\"async\" class=\"\" src=\"https:\/\/www.middleeasteye.net\/sites\/default\/files\/hochstein%20beirut%20reuters.jpg\" alt=\"US envoy Amos Hochstein in Beirut (Reuters\/Mohamed Azakir)\" width=\"488\" height=\"275\" \/><p class=\"wp-caption-text\">L&#8217;inviato americano Amos Hochstein a Beirut (Reuters\/Mohamed Azakir)<\/p><\/div>\n<p style=\"text-align: justify;\">&#8220;L&#8217;escalation della violenza non \u00e8 nell&#8217;interesse di nessuno, e non esiste una guerra limitata&#8221;, ha detto ai giornalisti. &#8220;Un cessate il fuoco temporaneo non \u00e8 sufficiente. Una guerra limitata non \u00e8 contenibile.<\/p>\n<p style=\"text-align: justify;\">Hochstein ha detto di sperare che si raggiunga presto una soluzione diplomatica alla guerra di Israele a Gaza.<\/p>\n<p style=\"text-align: justify;\">Tuttavia, ha avvertito, &#8220;non \u00e8 detto che il cessate il fuoco a Gaza si estenda automaticamente&#8221;.<\/p>\n<p style=\"text-align: justify;\">Almeno 296 persone sono state uccise dagli attacchi israeliani in Libano, tra cui almeno 46 civili. Luned\u00ec un missile anticarro lanciato contro Israele ha ucciso un lavoratore straniero, portando il bilancio delle vittime da parte israeliana a 10 soldati e otto civili.<\/p>\n<p style=\"text-align: justify;\"><strong>Israele cambier\u00e0 il testo dell&#8217;ingresso all&#8217;Eurovision dopo il parere del suo presidente<\/strong><br \/>\n<em>5 ore fa<\/em><br \/>\nIsraele ha cambiato il testo della sua potenziale partecipazione all&#8217;Eurovision Song Contest dopo che gli organizzatori hanno contestato gli apparenti riferimenti alla guerra a Gaza.<\/p>\n<p style=\"text-align: justify;\">L&#8217;emittente nazionale Kan \u00e8 responsabile della scelta delle candidature nazionali per la competizione, che si svolger\u00e0 a Malm\u00f6, in Svezia, dal 7 all&#8217;11 maggio.<\/p>\n<p style=\"text-align: justify;\">La principale proposta israeliana \u00e8 October Rain, una ballata dell&#8217;artista solista Eden Golan.<\/p>\n<p style=\"text-align: justify;\">Il testo originale della canzone, secondo Kan, include versi come &#8220;Non c&#8217;\u00e8 pi\u00f9 aria per respirare&#8221; e &#8220;Erano tutti bravi bambini, ognuno di loro&#8221;.<\/p>\n<p style=\"text-align: justify;\">I testi sono evidenti riferimenti all&#8217;attacco a sorpresa dei combattenti palestinesi nel sud di Israele il 7 ottobre.<\/p>\n<div style=\"width: 504px\" class=\"wp-caption aligncenter\"><img loading=\"lazy\" decoding=\"async\" src=\"https:\/\/www.middleeasteye.net\/sites\/default\/files\/eden-golan-eurovision-entry-2024-reuters-koko.jpg\" alt=\"eden golan eurovision israel\" width=\"494\" height=\"278\" \/><p class=\"wp-caption-text\">Eden Golan, rappresentante di Israele per l&#8217;Eurovision Song Contest 2024, a Neve Ilan, Israele, il 6 febbraio 2024 (Reuters)<\/p><\/div>\n<p style=\"text-align: justify;\">Kan inizialmente aveva detto che non avrebbe cambiato il testo, ma ha accettato di farlo su richiesta del presidente israeliano Isaac Herzog<\/p>\n<p style=\"text-align: justify;\"><strong>Lavoratore straniero ucciso e due feriti in un attacco nel nord di Israele<\/strong><br \/>\n<em>5 ore fa<\/em><br \/>\nSecondo i servizi di emergenza israeliani, un lavoratore straniero \u00e8 stato ucciso e due lavoratori indiani sono rimasti gravemente feriti da un attacco missilistico anticarro nel nord di Israele luned\u00ec scorso.<\/p>\n<p style=\"text-align: justify;\">La nazionalit\u00e0 dell&#8217;operaio ucciso deve ancora essere confermata.<\/p>\n<p style=\"text-align: justify;\">Le vittime avevano ferite da schegge e sono state evacuate da terreni agricoli vicino al confine con il Libano meridionale.<\/p>\n<p style=\"text-align: justify;\"><strong>Video: Il commentatore palestinese piange in diretta<\/strong><br \/>\n<em>5 ore fa<\/em><\/p>\n<blockquote class=\"twitter-tweet\" data-width=\"550\" data-dnt=\"true\">\n<p lang=\"en\" dir=\"ltr\">In a live interview with TRT Arabi on Saturday, Ehab Jabareen, a Palestinian political commentator from Haifa, broke down in tears while describing what Israel is doing to the people in Gaza. <a href=\"https:\/\/t.co\/fztGVQbiTR\">pic.twitter.com\/fztGVQbiTR<\/a><\/p>\n<p>&mdash; Middle East Eye (@MiddleEastEye) <a href=\"https:\/\/twitter.com\/MiddleEastEye\/status\/1764598789015257429?ref_src=twsrc%5Etfw\">March 4, 2024<\/a><\/p><\/blockquote>\n<p><script async src=\"https:\/\/platform.twitter.com\/widgets.js\" charset=\"utf-8\"><\/script><\/p>\n<p style=\"text-align: justify;\"><strong>La famiglia del prigioniero israeliano condanna la registrazione trapelata<\/strong><br \/>\n<em>5 ore fa<\/em><br \/>\nLa famiglia di un prigioniero israeliano ucciso a colpi di arma da fuoco dai soldati israeliani a Gaza afferma di non essere stata informata del fatto che una registrazione audio di lui che chiedeva aiuto era stata divulgata ai media.<\/p>\n<p style=\"text-align: justify;\">Alon Shamriz, 26 anni, \u00e8 stato ucciso a colpi di arma da fuoco insieme ad altri due prigionieri, Yotam Haim, 28 anni, e Samar Fouad Talalka, 24 anni, dopo essere sfuggiti ai loro rapitori.<\/p>\n<p style=\"text-align: justify;\">Sono stati uccisi dalle forze israeliane mentre si avvicinavano a loro a torso nudo e agitando un panno bianco nel quartiere di Shujaiya, a Gaza City. Un portavoce militare ha detto che gli uomini erano stati erroneamente identificati come una minaccia.<\/p>\n<p style=\"text-align: justify;\">Una registrazione audio di Shamriz che chiede aiuto in mezzo a raffiche di colpi di arma da fuoco mentre cercava di allertare le truppe per salvarle a dicembre, \u00e8 stata trasmessa domenica dalla stazione radio israeliana Kan.<\/p>\n<div style=\"width: 506px\" class=\"wp-caption aligncenter\"><img loading=\"lazy\" decoding=\"async\" src=\"https:\/\/www.middleeasteye.net\/sites\/default\/files\/Alon%20Shamriz_AFP.jpeg\" alt=\"Alon Shamriz family at funeral\" width=\"496\" height=\"279\" \/><p class=\"wp-caption-text\">Le persone in lutto si riuniscono per il funerale di Alon Shamriz, inclusi parenti, amici e sua madre Dikla e suo padre Ami, 17 dicembre 2023 (AFP)<\/p><\/div>\n<p style=\"text-align: justify;\"><strong>Opinione: l&#8217;ultimo sussulto del dominio globale dell&#8217;Occidente<\/strong><br \/>\n<em>6 ore fa<\/em><br \/>\nUna caratteristica distintiva del pensiero politico occidentale \u00e8 la sua sorprendente capacit\u00e0 di giustificare e autoassolvere quando l\u2019Occidente commette atrocit\u00e0 o tollera quelle perpetrate dai suoi alleati.<\/p>\n<p style=\"text-align: justify;\">Questo atteggiamento si combina con una peculiare tendenza a vedere ovunque nemici che sarebbero determinati a distruggere la libert\u00e0 e la democrazia.<\/p>\n<p style=\"text-align: justify;\">Questa non \u00e8 una novit\u00e0; non \u00e8 n\u00e9 un sottoprodotto dell\u2019era della Guerra Fredda n\u00e9 di quella post-Guerra Fredda. Le sue radici risalgono a migliaia di anni fa, almeno ai tempi in cui gli antichi greci affrontavano i persiani, e concordano con l\u2019osservazione di Edward Said secondo cui le societ\u00e0 moderne tendono a \u201cderivare negativamente il senso della propria identit\u00e0\u201d. In altre parole, si affermano e si rafforzano rispetto ad altre societ\u00e0 ritenute opposte e inferiori.<\/p>\n<p style=\"text-align: justify;\">In una certa misura, si tratta di una distinzione binaria derivante dal pensiero dicotomico ereditato dalla filosofia aristotelica, che continua a plasmare il pensiero politico occidentale.<\/p>\n<p style=\"text-align: justify;\">Un recente costrutto politico a sostegno di questa mentalit\u00e0 \u00e8 la narrazione \u201cdemocrazia contro autocrazia\u201d incessantemente promossa dall\u2019amministrazione Biden, al punto da essere stata pienamente incorporata nella strategia di sicurezza nazionale degli Stati Uniti, e le cui idee fondamentali sono state prontamente accettate dall\u2019amministrazione perduta e disorientata di Washington. Alleati europei, apparentemente incapaci di sviluppare un pensiero strategico autonomo legato ai propri interessi nazionali.<\/p>\n<p style=\"text-align: justify;\">Questa narrazione inquadra Russia, Iran e Cina come le tre principali autocrazie che minacciano l\u2019ordine mondiale basato sulle regole guidato dagli Stati Uniti, che, indipendentemente da quanti teorici occidentali cerchino di descriverlo come diritto internazionale, \u00e8 in realt\u00e0 qualcosa di molto diverso. Piuttosto, potrebbe essere ben sintetizzato dal motto: \u201cPer i miei amici, tutto; per i miei nemici, la legge\u201d.<\/p>\n<p style=\"text-align: justify;\">I casi di prova della nuova narrativa occidentale sono i conflitti in Ucraina e Gaza, oltre alle questioni con la Cina sul Mar Cinese Meridionale, a Taiwan e agli impressionanti risultati tecnologici di quest\u2019ultima.<\/p>\n<p style=\"text-align: justify;\">Il presidente degli Stati Uniti Joe Biden durante un incontro nello Studio Ovale della Casa Bianca il 1\u00b0 marzo 2024 a Washington (AFP)<\/p>\n<p style=\"text-align: justify;\"><strong>Le forze israeliane detengono dozzine di palestinesi in un complesso residenziale<\/strong><br \/>\n<em>6 ore fa<\/em><br \/>\nLe forze israeliane hanno arrestato\u00a0decine di palestinesi da un complesso residenziale a Khan Younis.<\/p>\n<p style=\"text-align: justify;\">Hamad City, un complesso che contiene centinaia di appartamenti che ospitano persone che hanno perso la casa nelle precedenti guerre israeliane, \u00e8 stato attaccato durante il fine settimana.<\/p>\n<p style=\"text-align: justify;\">I carri armati israeliani e le truppe di terra hanno circondato gli edifici finanziati dal Qatar e hanno costretto ad abbandonare migliaia di residenti.<\/p>\n<p style=\"text-align: justify;\">Secondo l&#8217;esercito israeliano, negli ultimi giorni circa 1.200 persone sono state arrestate a Khan Younis e portate in localit\u00e0 sconosciute.<\/p>\n<p style=\"text-align: justify;\">Le forze israeliane hanno arrestato centinaia di palestinesi provenienti da \u201ccorridoi sicuri\u201d da quando hanno invaso Gaza alla fine di ottobre.<\/p>\n<p style=\"text-align: justify;\">Tra i detenuti figurano medici, giornalisti, donne, bambini e anziani di et\u00e0 compresa tra i sei e gli 82 anni.<\/p>\n<p style=\"text-align: justify;\">Secondo un rapporto delle Nazioni Unite esaminato dal New York Times, vengono portati in strutture di detenzione militare, trattenuti senza accusa, interrogati e maltrattati per settimane.<\/p>\n<p style=\"text-align: justify;\"><strong>I carri armati israeliani hanno investito deliberatamente dozzine di palestinesi, dice il rapporto<\/strong><br \/>\n<em>6 ore fa<\/em><br \/>\nI soldati israeliani hanno ucciso civili palestinesi a Gaza investendoli con carri armati e veicoli blindati, afferma un rapporto dell&#8217;Osservatorio Euro-Med per i diritti umani.<\/p>\n<p style=\"text-align: justify;\">Secondo il rapporto pubblicato luned\u00ec, una delle persone uccise era un palestinese nel quartiere Zaytoun di Gaza City il 29 febbraio.<\/p>\n<p style=\"text-align: justify;\">Testimoni oculari hanno detto all&#8217;osservatorio dei diritti che l&#8217;uomo aveva le mani legate, \u00e8 stato spogliato e che era vivo mentre veniva investito sull&#8217;asfalto.<\/p>\n<p style=\"text-align: justify;\">Altri incidenti simili sono stati compiuti anche dall&#8217;esercito israeliano, ha affermato l&#8217;osservatore dei diritti.<\/p>\n<p style=\"text-align: justify;\">Il 23 gennaio, un carro armato israeliano ha investito membri della famiglia Ghannam mentre dormivano in una roulotte nella zona delle Taiba Towers di Khan Younis.<\/p>\n<p style=\"text-align: justify;\">L&#8217;attacco ha provocato la morte del padre e della figlia maggiore, mentre i restanti tre figli e la moglie sono rimasti feriti.<\/p>\n<p style=\"text-align: justify;\">L&#8217;incidente \u00e8 stato confermato dalla figlia di 13 anni, Amina, che ha detto che suo padre e sua sorella maggiore sono stati uccisi quando i carri armati sono passati ripetutamente sulla roulotte dove la famiglia stava dormendo.<\/p>\n<p style=\"text-align: justify;\">A seguito dell\u2019aggressione, Amina ha avvertito un\u2019estrema pressione agli occhi, tanto da aver quasi perso la vista.<\/p>\n<div style=\"width: 508px\" class=\"wp-caption aligncenter\"><img loading=\"lazy\" decoding=\"async\" src=\"https:\/\/www.middleeasteye.net\/sites\/default\/files\/images-story\/israel%20tanks%20gaza%20reuters.jpg\" alt=\"Israeli military tanks are loaded onto a carrier truck after returning from the Gaza Strip (Reuters\/Amir Cohen)\" width=\"498\" height=\"280\" \/><p class=\"wp-caption-text\">Carri armati militari israeliani vengono caricati su un camion di ritorno dalla Striscia di Gaza (Reuters\/Amir Cohen<\/p><\/div>\n<p style=\"text-align: justify;\"><strong>La \u201cpolveriera\u201d di Gaza potrebbe innescare una guerra pi\u00f9 ampia, afferma il capo dei diritti delle Nazioni Unite<\/strong><br \/>\n<em>7 ore fa<\/em><br \/>\nLa guerra israeliana a Gaza \u00e8 una \u201cpolveriera\u201d con il potenziale di innescare un conflitto pi\u00f9 ampio in Medio Oriente, ha detto luned\u00ec il capo dei diritti umani delle Nazioni Unite Volker Turk.<\/p>\n<p style=\"text-align: justify;\">Turk ha affermato che \u00e8 imperativo fare tutto il possibile per evitare una conflagrazione pi\u00f9 ampia.<\/p>\n<p style=\"text-align: justify;\">&#8220;La guerra a Gaza ha gi\u00e0 generato pericolose ricadute nei paesi vicini&#8221;, ha affermato nel suo aggiornamento globale al Consiglio per i diritti umani delle Nazioni Unite.<\/p>\n<p style=\"text-align: justify;\">&#8220;Sono profondamente preoccupato che in questa polveriera, qualsiasi scintilla possa portare a un incendio molto pi\u00f9 ampio. Ci\u00f2 avrebbe implicazioni per tutti i paesi del Medio Oriente e molti altri al di fuori di esso&#8221;.<\/p>\n<p style=\"text-align: justify;\">Ha affermato che la sovrapposizione delle emergenze rende molto reale lo spettro di un conflitto di ricaduta.<\/p>\n<p style=\"text-align: justify;\">&#8220;L&#8217;escalation militare nel sud del Libano tra Israele, Hezbollah e altri gruppi armati \u00e8 estremamente preoccupante&#8221;, ha detto Turk.<\/p>\n<p style=\"text-align: justify;\">L\u2019Alto Commissario delle Nazioni Unite per i diritti umani ha affermato che in Libano sono state uccise quasi 200 persone e circa 90.000 sono sfollate internamente.<\/p>\n<p style=\"text-align: justify;\">Ci sono stati anche ingenti danni alle strutture sanitarie, alle scuole e alle infrastrutture vitali.<\/p>\n<p style=\"text-align: justify;\">&#8220;Gli incidenti in cui civili, compresi bambini, paramedici e giornalisti, sono stati uccisi negli attacchi devono essere oggetto di un&#8217;indagine approfondita&#8221;, ha affermato Turk.<\/p>\n<p style=\"text-align: justify;\">&#8220;\u00c8 imperativo fare tutto il possibile per evitare una conflagrazione pi\u00f9 ampia&#8221;.<\/p>\n<p style=\"text-align: justify;\">L&#8217;Alto Commissario delle Nazioni Unite per i diritti umani Volker Turk durante la 55a sessione del Consiglio dei diritti umani a Ginevra il 29 febbraio 2024 (Fabrice Coffrini\/AFP)<\/p>\n<p><strong>Processione silenziosa per i prigionieri israeliani tenutasi alla Knesset<\/strong><br \/>\n<em>7 ore fa<\/em><br \/>\nLuned\u00ec si \u00e8 tenuta una processione silenziosa nel parlamento israeliano, o Knesset, per i prigionieri detenuti a Gaza.<\/p>\n<p style=\"text-align: justify;\">La marcia \u00e8 stata organizzata dalle famiglie e dai sostenitori dei prigionieri per celebrare i 150 giorni dall&#8217;inizio della loro prigionia.<\/p>\n<p style=\"text-align: justify;\">Secondo i media israeliani, i partecipanti hanno contato fino a 150 all&#8217;esterno dell&#8217;edificio della Knesset prima di entrare e marciare in silenzio attraverso i corridoi, tenendo in mano le foto <strong>dei prigionieri.<\/strong><\/p>\n<p style=\"text-align: justify;\"><strong>Un morto in Israele a causa di un missile anticarro lanciato dal Liban<\/strong>o<br \/>\n<em>8 ore fa<\/em><br \/>\nSecondo i servizi di soccorso israeliani, una persona \u00e8 stata uccisa e sette ferite nel nord di Israele da un missile anticarro lanciato luned\u00ec dal Libano.<\/p>\n<p style=\"text-align: justify;\"><strong>Erdogan e Abbas discuteranno della consegna degli aiuti a Gaza nella prossima visita: rapporto<\/strong><br \/>\n<em>8 ore fa<\/em><br \/>\nIl presidente Tayyip Erdogan discuter\u00e0 con il presidente palestinese Mahmoud Abbas degli sforzi della Turchia per fornire aiuti umanitari a Gaza in un incontro che\u00a0si terr\u00e0 questa settimana ad Ankara, ha detto luned\u00ec a Reuters una fonte diplomatica turca.<\/p>\n<p style=\"text-align: justify;\">Intervenendo ad un forum diplomatico in Turchia lo scorso fine settimana, il ministro degli Esteri dell&#8217;Autorit\u00e0 Palestinese Riyad-al Maliki ha detto che Abbas si recher\u00e0 in visita ad Ankara marted\u00ec e incontrer\u00e0 Erdogan.<\/p>\n<p style=\"text-align: justify;\">Erdogan e Abbas discuteranno dei recenti sviluppi a Gaza e della situazione in Cisgiordania, ha detto la fonte diplomatica.<\/p>\n<p style=\"text-align: justify;\">&#8220;La Turchia ha fornito ingenti aiuti umanitari a Gaza in coordinamento con l&#8217;Egitto dall&#8217;inizio degli attacchi israeliani&#8230; In questo ambito, le operazioni di aiuto umanitario saranno discusse anche durante gli incontri con il presidente Abbas&#8221;, ha detto la fonte.<\/p>\n<p>&nbsp;<\/p>\n","protected":false},"excerpt":{"rendered":"<p>https:\/\/www.middleeasteye.net\/live\/ dal vivo, 4 marzo 2023 Intanto al Cairo proseguono i colloqui per raggiungere un cessate il fuoco prima del Ramadan Il vicepresidente Usa chiede un \u201ccessate il fuoco immediato\u201d Almeno 15 bambini palestinesi muoiono di malnutrizione Esperto Onu chiede &hellip; <a href=\"https:\/\/reteitalianaism.it\/reteism\/index.php\/2024\/03\/04\/israele-palestina-in-diretta-israele-arresta-dei-palestinesi-in-un-complesso-residenziale-di-gaza\/\">Continue reading <span class=\"meta-nav\">&rarr;<\/span><\/a><\/p>\n","protected":false},"author":2,"featured_media":0,"comment_status":"open","ping_status":"open","sticky":false,"template":"","format":"standard","meta":{"footnotes":""},"categories":[2,3],"tags":[156,41,118],"class_list":["post-20140","post","type-post","status-publish","format-standard","hentry","category-gaza-2","category-info","tag-assedio-di-gaza","tag-pulizia-etnica","tag-unrwa"],"_links":{"self":[{"href":"https:\/\/reteitalianaism.it\/reteism\/index.php\/wp-json\/wp\/v2\/posts\/20140","targetHints":{"allow":["GET"]}}],"collection":[{"href":"https:\/\/reteitalianaism.it\/reteism\/index.php\/wp-json\/wp\/v2\/posts"}],"about":[{"href":"https:\/\/reteitalianaism.it\/reteism\/index.php\/wp-json\/wp\/v2\/types\/post"}],"author":[{"embeddable":true,"href":"https:\/\/reteitalianaism.it\/reteism\/index.php\/wp-json\/wp\/v2\/users\/2"}],"replies":[{"embeddable":true,"href":"https:\/\/reteitalianaism.it\/reteism\/index.php\/wp-json\/wp\/v2\/comments?post=20140"}],"version-history":[{"count":3,"href":"https:\/\/reteitalianaism.it\/reteism\/index.php\/wp-json\/wp\/v2\/posts\/20140\/revisions"}],"predecessor-version":[{"id":20146,"href":"https:\/\/reteitalianaism.it\/reteism\/index.php\/wp-json\/wp\/v2\/posts\/20140\/revisions\/20146"}],"wp:attachment":[{"href":"https:\/\/reteitalianaism.it\/reteism\/index.php\/wp-json\/wp\/v2\/media?parent=20140"}],"wp:term":[{"taxonomy":"category","embeddable":true,"href":"https:\/\/reteitalianaism.it\/reteism\/index.php\/wp-json\/wp\/v2\/categories?post=20140"},{"taxonomy":"post_tag","embeddable":true,"href":"https:\/\/reteitalianaism.it\/reteism\/index.php\/wp-json\/wp\/v2\/tags?post=20140"}],"curies":[{"name":"wp","href":"https:\/\/api.w.org\/{rel}","templated":true}]}}