{"id":20168,"date":"2024-03-09T16:34:35","date_gmt":"2024-03-09T15:34:35","guid":{"rendered":"http:\/\/reteitalianaism.it\/reteism\/?p=20168"},"modified":"2024-03-10T21:36:12","modified_gmt":"2024-03-10T20:36:12","slug":"il-ramadan-portera-leruzione-in-cisgiordania","status":"publish","type":"post","link":"https:\/\/reteitalianaism.it\/reteism\/index.php\/2024\/03\/09\/il-ramadan-portera-leruzione-in-cisgiordania\/","title":{"rendered":"Il Ramadan porter\u00e0 una eruzione in Cisgiordania?"},"content":{"rendered":"<p style=\"text-align: justify;\"><a href=\"https:\/\/electronicintifada.net\/blogs\/tamara-nassar\/will-ramadan-tip-west-bank-eruption\">https:\/\/electronicintifada.net\/<\/a><br \/>\n<strong>\u00a07 marzo 2024\u00a0<\/strong> \u00a0 \u00a0 \u00a0 \u00a0 <em>Tamara Nassar<\/em><\/p>\n<p style=\"text-align: justify;\">Israele sta intensificando le sue provocazioni contro i palestinesi nella Cisgiordania occupata in occasione del mese sacro del Ramadan, nonostante le affermazioni secondo cui sta tentando di prevenire un\u2019ulteriore escalation.<\/p>\n<p style=\"text-align: justify;\">All\u2019inizio di questa settimana, le forze di occupazione israeliane hanno condotto uno dei pi\u00f9 grandi raid militari a Ramallah da anni.<\/p>\n<div id=\"attachment_20169\" style=\"width: 506px\" class=\"wp-caption aligncenter\"><a href=\"http:\/\/reteitalianaism.it\/reteism\/index.php\/2024\/03\/09\/il-ramadan-portera-leruzione-in-cisgiordania\/240105_-_nablus\/\" rel=\"attachment wp-att-20169\"><img loading=\"lazy\" decoding=\"async\" aria-describedby=\"caption-attachment-20169\" class=\"wp-image-20169\" src=\"http:\/\/reteitalianaism.it\/reteism\/wp-content\/uploads\/2024\/03\/240105_-_nablus-300x196.jpeg\" alt=\"\" width=\"496\" height=\"324\" srcset=\"https:\/\/reteitalianaism.it\/reteism\/wp-content\/uploads\/2024\/03\/240105_-_nablus-300x196.jpeg 300w, https:\/\/reteitalianaism.it\/reteism\/wp-content\/uploads\/2024\/03\/240105_-_nablus-768x502.jpeg 768w, https:\/\/reteitalianaism.it\/reteism\/wp-content\/uploads\/2024\/03\/240105_-_nablus.jpeg 800w\" sizes=\"auto, (max-width: 496px) 100vw, 496px\" \/><\/a><p id=\"caption-attachment-20169\" class=\"wp-caption-text\">Persone in lutto trasportano il corpo di Amer Al Najar durante il suo funerale nel villaggio di Burin vicino a Nablus, il 5 marzo 2024. Alaa BadarnehEFE via zuma Press\/immagini APA<\/p><\/div>\n<p style=\"text-align: justify;\">Ramallah \u00e8 la sede dell&#8217;Autorit\u00e0 Palestinese nella Cisgiordania occupata da Israele. Fin dalla sua creazione a met\u00e0 degli anni \u201990, l\u2019Autorit\u00e0 Palestinese ha mantenuto una stretta cooperazione con le forze di occupazione israeliane sotto la bandiera del \u201ccoordinamento della sicurezza\u201d.<\/p>\n<p style=\"text-align: justify;\">Di conseguenza, Ramallah non \u00e8 tipicamente il bersaglio di raid militari cos\u00ec violenti come quelli che Israele effettua in altre aree della Cisgiordania occupata, in particolare nei campi profughi settentrionali dove la resistenza armata \u00e8 prominente e l\u2019Autorit\u00e0 Palestinese ha un\u2019influenza minima.<!--more--><\/p>\n<p style=\"text-align: justify;\">Ma dal 7 ottobre, i raid mortali nella Cisgiordania occupata sono diventati pi\u00f9 intensi. Hanno anche causato ingenti danni all\u2019interno dei campi profughi: strade, case, aree commerciali, nonch\u00e9 infrastrutture idriche, elettriche e stradali sono state devastate a causa dei successivi raid israeliani in quelle aree.<\/p>\n<p style=\"text-align: justify;\">I bambini palestinesi nella Cisgiordania occupata sopportano il peso di tali raid militari, dove \u201cl\u2019uccisione illegale di bambini palestinesi \u00e8 la norma\u201d, secondo Defense for Children International-Palestine, che raccoglie rapporti sul campo sull\u2019uccisione di bambini da parte di Israele.<\/p>\n<p style=\"text-align: justify;\">Dall\u2019inizio dell\u2019anno, truppe e coloni israeliani hanno ucciso 27 bambini palestinesi nella Cisgiordania occupata. Ci\u00f2 include due cittadini statunitensi adolescenti.<\/p>\n<p style=\"text-align: justify;\"><strong>Follia omicida<\/strong><br \/>\nMarted\u00ec, le forze di occupazione israeliane hanno sparato e ucciso un ragazzo di 16 anni dopo che avrebbe tentato di compiere un attacco con accoltellamento.<\/p>\n<p style=\"text-align: justify;\">Le forze israeliane \u201channo continuato a sparargli dopo che era caduto a terra\u201d, ha detto il DCIP.<\/p>\n<p style=\"text-align: justify;\">L&#8217;esercito israeliano ha impedito alle ambulanze della Mezzaluna Rossa di raggiungere la scena, provocando il dissanguamento di Muhammad senza ricevere cure mediche. Un&#8217;ambulanza israeliana ha successivamente trasportato il suo corpo in un luogo sconosciuto.<\/p>\n<p style=\"text-align: justify;\">Dopo l&#8217;uccisione dell&#8217;adolescente, l&#8217;esercito israeliano ha convocato suo padre per un interrogatorio di due ore. Quando suo padre ha chiesto di vederlo, &#8220;l&#8217;ufficiale dei servizi segreti ha rifiutato e lo ha informato che sarebbe stato pubblicato un video del momento in cui suo figlio avrebbe effettuato l&#8217;operazione di accoltellamento&#8221;.<\/p>\n<p style=\"text-align: justify;\">Israele detiene ancora il corpo di Muhammad.<\/p>\n<p style=\"text-align: justify;\">Luned\u00ec, le forze di occupazione israeliane hanno sparato mortalmente alla testa ad Amr Muhammad Najar, 10 anni.<\/p>\n<p style=\"text-align: justify;\">Amr era seduto sul sedile del passeggero dell&#8217;auto di suo padre mentre attraversavano il villaggio di Burin, nella zona di Nablus, circondato da insediamenti israeliani illegali per soli ebrei.<\/p>\n<p style=\"text-align: justify;\">Il padre di Amr non si aspettava di vedere i soldati israeliani nel villaggio. I soldati hanno aperto il fuoco sulla loro auto da una distanza di circa 20 metri. Due proiettili hanno perforato il parabrezza, uno dei quali ha colpito Amr alla testa, uccidendolo.<\/p>\n<p style=\"text-align: justify;\">Sabato, i soldati israeliani hanno aperto il fuoco contro due ragazzi che si trovavano vicino a una scuola gestita dalle Nazioni Unite all&#8217;ingresso del campo profughi di Jalazoun, che \u00e8 anche vicino all&#8217;ingresso dell&#8217;insediamento di Beit El a nord di Ramallah.<\/p>\n<p style=\"text-align: justify;\">Muhammad Khaled Zaid, 13 anni, \u00e8 stato colpito tre volte alla schiena e alla coscia da una distanza di 20-40 metri.<\/p>\n<p style=\"text-align: justify;\">Quando il suo amico, anche lui ferito, \u00e8 andato a cercare aiuto, i soldati hanno preso il corpo di Muhammad.<\/p>\n<p style=\"text-align: justify;\">Un&#8217;ora dopo, &#8220;hanno riportato il corpo sul marciapiede&#8221; vicino all&#8217;ingresso del campo, ha detto la DCIP.<\/p>\n<p style=\"text-align: justify;\"><strong>Espansione degli insediamenti<\/strong><br \/>\nMercoled\u00ec, le autorit\u00e0 israeliane hanno approvato bandi di gara per migliaia di case negli insediamenti della Cisgiordania occupata.<\/p>\n<p style=\"text-align: justify;\">&#8220;Questa \u00e8 la prima volta da giugno che lo sviluppo di unit\u00e0 abitative in Cisgiordania viene portato avanti&#8221;, ha detto il quotidiano Haaretz di Tel Aviv.<\/p>\n<p style=\"text-align: justify;\">Questa \u00e8 stata \u201cuna risposta\u201d all\u2019attacco di tre uomini palestinesi su un\u2019autostrada vicino all\u2019insediamento di Maaleh Adumim che ha provocato la morte di un israeliano e il ferimento di molti altri, tra cui un soldato di riserva che aveva partecipato al genocidio a Gaza.<\/p>\n<p style=\"text-align: justify;\">Soldati e civili armati hanno sparato contro i tre uomini, uccidendone due e ferendone un terzo.<\/p>\n<p style=\"text-align: justify;\">Il capo del comando centrale dell\u2019esercito israeliano ha anche concesso l\u2019autorizzazione a trasformare in un grande insediamento un avamposto israeliano \u2013 illegale anche secondo la legge israeliana \u2013 nella Cisgiordania occupata.<\/p>\n<p style=\"text-align: justify;\">Se il piano verr\u00e0 attuato, l\u2019avamposto noto come Mitzpeh Yehuda verr\u00e0 stabilito come insediamento cittadino ufficiale chiamato Mishmar Yehuda. Si tratterebbe di un\u2019espansione del mega-insediamento israeliano di Maaleh Adumim, aggiungendo pi\u00f9 di 650 acri di terra palestinese rubata.<\/p>\n<p style=\"text-align: justify;\">La decisione fa seguito alla stessa sparatoria vicino a Maaleh Adumim.<\/p>\n<p style=\"text-align: justify;\">Bezalel Smotrich, il ministro delle finanze israeliano di estrema destra, ha chiesto una \u201crisposta risolutiva\u201d all\u2019attacco.<\/p>\n<p style=\"text-align: justify;\">Smotrich ha invitato Benjamin Netanyahu, il primo ministro israeliano e altri funzionari ad \u201capprovare immediatamente piani per migliaia di unit\u00e0 abitative a Maaleh Adumim e nell\u2019intera regione\u201d.<\/p>\n<p style=\"text-align: justify;\">Ha aggiunto: \u201cI nostri nemici sanno che qualsiasi danno a noi porter\u00e0 a pi\u00f9 costruzioni, pi\u00f9 sviluppo e ad una maggiore presa in tutto il paese\u201d.<\/p>\n<p style=\"text-align: justify;\">Non \u00e8 insolito che l\u2019espansione degli insediamenti, le demolizioni punitive delle case e altre forme di sfollamento forzato prendano la forma di \u201critorsioni\u201d per presunte operazioni palestinesi.<\/p>\n<p style=\"text-align: justify;\">Nel 2023, le autorit\u00e0 e i coloni israeliani hanno sfollato con la forza circa 4.000 palestinesi nella Cisgiordania occupata, inclusa Gerusalemme Est. Si tratta del numero \u201cpi\u00f9 alto mai registrato\u201d di sfollamenti in un solo anno da quando il gruppo di monitoraggio delle Nazioni Unite OCHA ha iniziato a tenere registri nel 2009.<\/p>\n<p style=\"text-align: justify;\">La stragrande maggioranza di questi palestinesi \u00e8 stata sfollata con la forza a causa della violenza e delle molestie dei coloni o delle restrizioni all&#8217;accesso.<\/p>\n<p style=\"text-align: justify;\"><strong>Restrizioni alla preghiera<\/strong><br \/>\nI raid militari e l\u2019espansione degli insediamenti non sono le uniche provocazioni che i palestinesi devono affrontare nel periodo che precede il Ramadan.<\/p>\n<p style=\"text-align: justify;\">Crescono le preoccupazioni per il fatto che tali provocazioni possano degenerare in una vera e propria esplosione.<\/p>\n<p style=\"text-align: justify;\">Nonostante gli appelli dei ministri israeliani che esortano il primo ministro Benjamin Netanyahu a inasprire le restrizioni sull\u2019accesso dei palestinesi al complesso della moschea di al-Aqsa durante il mese sacro, Netanyahu ha finora deciso di non inasprire significativamente le restrizioni esistenti.<\/p>\n<p style=\"text-align: justify;\">Il ministro della Sicurezza nazionale israeliano Itamar Ben-Gvir aveva proposto di vietare ai cittadini palestinesi di Israele di pregare ad al-Aqsa durante il mese.<\/p>\n<p style=\"text-align: justify;\">Anche il Ramadan sta concentrando le menti altrove.<\/p>\n<p style=\"text-align: justify;\">\u201cDeve esserci un cessate il fuoco perch\u00e9 il Ramadan \u2013 se ci troviamo in circostanze in cui questo continua fino al Ramadan, Israele e Gerusalemme potrebbero essere molto, molto pericolose\u201d, ha detto marted\u00ec il presidente degli Stati Uniti Joe Biden.<\/p>\n<p style=\"text-align: justify;\">Ogni anno, le autorit\u00e0 israeliane impongono una serie di provocatorie restrizioni all\u2019accesso dei palestinesi ai siti religiosi di Gerusalemme, non solo per i musulmani, ma anche per i cristiani palestinesi.<\/p>\n<p style=\"text-align: justify;\"><strong>Natura dei raid militari<\/strong><br \/>\nCi sono quindi tutti gli ingredienti necessari per provocare una violenta esplosione nella Cisgiordania occupata, spingendo anche l\u2019Autorit\u00e0 Palestinese a emettere un avvertimento e a chiedere protezione internazionale per i palestinesi nel territorio.<\/p>\n<p style=\"text-align: justify;\">Dal 7 ottobre, la frequenza e l\u2019intensit\u00e0 dei raid militari israeliani nelle citt\u00e0, nei villaggi e nei campi profughi occupati della Cisgiordania sono aumentate, anche se questo livello di intensit\u00e0 \u00e8 apparso l\u2019estate scorsa quando un\u2019offensiva di due giorni nel campo profughi di Jenin ha ucciso una dozzina di palestinesi, tra cui quattro bambini. \u00c8 stata la pi\u00f9 grande offensiva nella Cisgiordania occupata degli ultimi due decenni.<\/p>\n<p style=\"text-align: justify;\">\u00c8 stata anche la prima volta che Israele ha condotto un bombardamento aereo nella Cisgiordania occupata dalla Seconda Intifada.<\/p>\n<p style=\"text-align: justify;\">Ora Israele conduce regolarmente raid di pi\u00f9 giorni sulle citt\u00e0 della Cisgiordania e sui campi profughi con bombardamenti aerei.<\/p>\n<p style=\"text-align: justify;\">\u201cC\u2019\u00e8 una resistenza costante in Cisgiordania che in qualsiasi altro momento verrebbe chiamata intifada\u201d, ha detto il redattore collaboratore Jon Elmer durante il live streaming di The Electronic Intifada il mese scorso.<\/p>\n<p style=\"text-align: justify;\">Negli ultimi anni sono emersi gruppi di resistenza palestinese nel nord della Cisgiordania occupata, concentrati principalmente nei campi profughi alla periferia di tre citt\u00e0: Jenin, Nablus e Tulkarem.<\/p>\n<p style=\"text-align: justify;\">Dal 7 ottobre, almeno 415 palestinesi in Cisgiordania sono stati uccisi e un numero 11 volte superiore \u00e8 rimasto ferito.<\/p>\n<p style=\"text-align: justify;\">La resistenza in quelle citt\u00e0 e nei principali campi profughi di quei governatorati \u00e8 maturata a vari livelli negli ultimi anni.<\/p>\n<p style=\"text-align: justify;\">Negli ultimi anni nel campo \u00e8 progressivamente emersa la Brigata Jenin, una piccola milizia affiliata alle Brigate Quds, il braccio armato della Jihad islamica.<\/p>\n<p style=\"text-align: justify;\">L\u2019esercito israeliano ha incontrato una forte resistenza durante l\u2019operazione di luglio.<\/p>\n<p style=\"text-align: justify;\">\u201cQuesto \u00e8 un puro movimento di guerriglia che costruisce le proprie armi per combattere per il proprio campo profughi\u201d, ha detto Elmer su The Electronic Intifada Podcast nel mese dopo l\u2019operazione.<\/p>\n<p style=\"text-align: justify;\">Gruppi della Resistenza hanno iniziato addirittura a fabbricare esplosivi fatti in casa e a piazzarli sul ciglio della strada per far saltare in aria i veicoli corazzati israeliani invasori.<\/p>\n<p style=\"text-align: justify;\">Ci\u00f2 ha anche permesso ai combattenti della resistenza di muoversi con meno restrizioni all\u2019interno dei loro campi profughi.<\/p>\n<p style=\"text-align: justify;\">\u201cIn citt\u00e0 come Jenin, i combattenti della resistenza hanno generalmente trovato rifugio sicuro entro i confini della citt\u00e0 o all\u2019interno del campo profughi della citt\u00e0 \u2013 un nucleo di lotta armata\u201d, scrive Shatha Hanaysheh su Mondoweiss.<\/p>\n<p style=\"text-align: justify;\">Ci\u00f2 non si applica ad altri gruppi di resistenza che emergono in citt\u00e0 e villaggi altrimenti \u201cpi\u00f9 tranquilli\u201d della Cisgiordania in cui Israele ha condotto raid pi\u00f9 frequenti, spiega Hanaysheh.<\/p>\n<p style=\"text-align: justify;\">Ci\u00f2 potrebbe anche spiegare perch\u00e9 i raid militari si stanno estendendo ad altre aree della Cisgiordania, mentre \u201cun crescente movimento di resistenza decentralizzata\u201d si estende ad altre citt\u00e0 e villaggi all\u2019indomani del 7 ottobre.<\/p>\n","protected":false},"excerpt":{"rendered":"<p>https:\/\/electronicintifada.net\/ \u00a07 marzo 2024\u00a0 \u00a0 \u00a0 \u00a0 \u00a0 Tamara Nassar Israele sta intensificando le sue provocazioni contro i palestinesi nella Cisgiordania occupata in occasione del mese sacro del Ramadan, nonostante le affermazioni secondo cui sta tentando di prevenire un\u2019ulteriore escalation. &hellip; <a href=\"https:\/\/reteitalianaism.it\/reteism\/index.php\/2024\/03\/09\/il-ramadan-portera-leruzione-in-cisgiordania\/\">Continue reading <span class=\"meta-nav\">&rarr;<\/span><\/a><\/p>\n","protected":false},"author":2,"featured_media":0,"comment_status":"open","ping_status":"open","sticky":false,"template":"","format":"standard","meta":{"footnotes":""},"categories":[3],"tags":[69,490,104,155],"class_list":["post-20168","post","type-post","status-publish","format-standard","hentry","category-info","tag-jenin","tag-ramadan","tag-ramallah","tag-west-bank-occupata"],"_links":{"self":[{"href":"https:\/\/reteitalianaism.it\/reteism\/index.php\/wp-json\/wp\/v2\/posts\/20168","targetHints":{"allow":["GET"]}}],"collection":[{"href":"https:\/\/reteitalianaism.it\/reteism\/index.php\/wp-json\/wp\/v2\/posts"}],"about":[{"href":"https:\/\/reteitalianaism.it\/reteism\/index.php\/wp-json\/wp\/v2\/types\/post"}],"author":[{"embeddable":true,"href":"https:\/\/reteitalianaism.it\/reteism\/index.php\/wp-json\/wp\/v2\/users\/2"}],"replies":[{"embeddable":true,"href":"https:\/\/reteitalianaism.it\/reteism\/index.php\/wp-json\/wp\/v2\/comments?post=20168"}],"version-history":[{"count":3,"href":"https:\/\/reteitalianaism.it\/reteism\/index.php\/wp-json\/wp\/v2\/posts\/20168\/revisions"}],"predecessor-version":[{"id":20172,"href":"https:\/\/reteitalianaism.it\/reteism\/index.php\/wp-json\/wp\/v2\/posts\/20168\/revisions\/20172"}],"wp:attachment":[{"href":"https:\/\/reteitalianaism.it\/reteism\/index.php\/wp-json\/wp\/v2\/media?parent=20168"}],"wp:term":[{"taxonomy":"category","embeddable":true,"href":"https:\/\/reteitalianaism.it\/reteism\/index.php\/wp-json\/wp\/v2\/categories?post=20168"},{"taxonomy":"post_tag","embeddable":true,"href":"https:\/\/reteitalianaism.it\/reteism\/index.php\/wp-json\/wp\/v2\/tags?post=20168"}],"curies":[{"name":"wp","href":"https:\/\/api.w.org\/{rel}","templated":true}]}}