{"id":20201,"date":"2024-03-14T18:50:29","date_gmt":"2024-03-14T17:50:29","guid":{"rendered":"http:\/\/reteitalianaism.it\/reteism\/?p=20201"},"modified":"2024-03-14T18:50:29","modified_gmt":"2024-03-14T17:50:29","slug":"svelare-il-mistero-ilan-pappe-scrive-in-memoria-di-aaron-bushnell","status":"publish","type":"post","link":"https:\/\/reteitalianaism.it\/reteism\/index.php\/2024\/03\/14\/svelare-il-mistero-ilan-pappe-scrive-in-memoria-di-aaron-bushnell\/","title":{"rendered":"Svelare il \u201cmistero\u201d \u2013 Ilan Papp\u00e9 scrive in memoria di Aaron Bushnell"},"content":{"rendered":"<p style=\"text-align: justify;\"><a href=\"https:\/\/www.palestinechronicle.com\/unlocking-the-mystery-ilan-pappe-writes-in-memory-of-aaron-bushnell\/\">https:\/\/www.palestinechronicle.com\/<\/a><br \/>\n<strong>14 marzo 2024\u00a0 \u00a0 \u00a0 \u00a0 <\/strong><em>Ilan Pappe\u00a0<\/em><\/p>\n<p style=\"text-align: justify;\">Si spera che un giorno, in una Palestina liberata, ci sar\u00e0 una strada per commemorare questi giovani uomini e donne coraggiosi, che hanno insegnato al mondo che ci\u00f2 che sta accadendo in Palestina \u00e8 un\u2019ingiustizia che non pu\u00f2 essere tollerata.<br \/>\nIl sacrificio dell\u2019aviatore senior Aaron Bushnell per il bene di Gaza e della Palestina \u00e8 diventato notizia di ieri troppo in fretta.<\/p>\n<div id=\"attachment_20202\" style=\"width: 504px\" class=\"wp-caption aligncenter\"><a href=\"http:\/\/reteitalianaism.it\/reteism\/index.php\/2024\/03\/14\/svelare-il-mistero-ilan-pappe-scrive-in-memoria-di-aaron-bushnell\/bushnell_pappe_pc\/\" rel=\"attachment wp-att-20202\"><img loading=\"lazy\" decoding=\"async\" aria-describedby=\"caption-attachment-20202\" class=\"wp-image-20202 \" src=\"http:\/\/reteitalianaism.it\/reteism\/wp-content\/uploads\/2024\/03\/BUSHNELL_PAPPE_PC-300x201.png\" alt=\"\" width=\"494\" height=\"331\" srcset=\"https:\/\/reteitalianaism.it\/reteism\/wp-content\/uploads\/2024\/03\/BUSHNELL_PAPPE_PC-300x201.png 300w, https:\/\/reteitalianaism.it\/reteism\/wp-content\/uploads\/2024\/03\/BUSHNELL_PAPPE_PC.png 678w\" sizes=\"auto, (max-width: 494px) 100vw, 494px\" \/><\/a><p id=\"caption-attachment-20202\" class=\"wp-caption-text\">Aaron Bushnell si \u00e8 dato fuoco davanti all&#8217;ambasciata israeliana a Washington, DC, per protestare contro la guerra genocida di Israele. (Immagine: Palestine Chronicle, tramite social media)<\/p><\/div>\n<p style=\"text-align: justify;\">Aaron era uno specialista in operazioni di difesa informatica dell&#8217;aeronautica americana ed \u00e8 morto all&#8217;et\u00e0 di 25 anni per le ferite riportate quando si \u00e8 dato fuoco davanti all&#8217;ambasciata israeliana a Washington.<\/p>\n<p style=\"text-align: justify;\">L&#8217;esercito e la polizia ufficiali degli Stati Uniti hanno espresso la loro solidariet\u00e0 alla famiglia, ma non \u00e8 stato menzionato nulla sui retroscena e sulla causa per cui Aaron era disposto a morire.<\/p>\n<p style=\"text-align: justify;\">Nella migliore delle ipotesi, l\u2019incidente \u00e8 stato descritto come un \u201cevento tragico\u201d. Il Pentagono ha spiegato che la protesta di Aaron era contro la guerra a Gaza e ha ignorato il suo messaggio principale, accusando gli Stati Uniti di essere complici del genocidio.<!--more--><\/p>\n<p style=\"text-align: justify;\">Spero che la maggior parte di noi non si accontenter\u00e0 della risposta ufficiale. Se lo siamo, significa che non rispettiamo la coraggiosa protesta di questo giovane e, in tal caso, il suo sacrificio sar\u00e0 vano.<\/p>\n<p style=\"text-align: justify;\">Non \u00e8 un caso che Aaron Bushnell abbia indossato la sua uniforme militare e abbia trasmesso in diretta il suo eroico atto di sacrificio su Internet.<\/p>\n<p style=\"text-align: justify;\">Come \u201cmembro in servizio attivo\u201d, ha scritto, \u201cnon sar\u00f2 pi\u00f9 complice del genocidio\u201d.<\/p>\n<p style=\"text-align: justify;\"><strong>&#8216;Palestina libera&#8217;<\/strong><br \/>\nQuesto \u00e8 stato il suo messaggio principale prima di bagnarsi in un liquido limpido e darsi fuoco, gridando \u201cPalestina libera\u201d.<\/p>\n<p style=\"text-align: justify;\">Nel messaggio pre-azione, ha scritto:<\/p>\n<p style=\"text-align: justify;\">\u201cSto per intraprendere un atto di protesta estremo, ma rispetto a quello che le persone hanno vissuto in Palestina, per mano dei loro colonizzatori, non \u00e8 affatto estremo\u201d.<\/p>\n<p style=\"text-align: justify;\">Scrivo questo pezzo con trepidazione, assicurandomi che non sembri un incoraggiamento per altri ad arrivare a questo estremo \u2013 ma trovo difficile non ammirare il coraggio di Aaron riconosciuto dal movimento di resistenza a Gaza che ha elogiato il pilota americano che:<\/p>\n<p style=\"text-align: justify;\">\u201cHa immortalato il suo nome come difensore dei valori umani e della difficile situazione del popolo palestinese, oppresso dall\u2019amministrazione americana e dalle sue politiche ingiuste\u201d.<\/p>\n<p style=\"text-align: justify;\"><strong>Un messaggio importante<\/strong><br \/>\nIl messaggio di Aaron \u00e8 semplice e chiaro: gli Stati Uniti sono complici del primo genocidio televisivo dei tempi moderni. E se presti servizio nell\u2019amministrazione o nell\u2019esercito americano, anche tu sei complice.<\/p>\n<p style=\"text-align: justify;\">Il luogo fisico in cui la complicit\u00e0 si traduce in collaborazione effettiva \u00e8, infatti, l\u2019ambasciata israeliana a Washington, ed \u00e8 per questo che Aaron ha deciso di protestare l\u00ec.<\/p>\n<p style=\"text-align: justify;\">Altre parti del messaggio di Aaron devono essere ripetute e riprese da molti di noi.<\/p>\n<p style=\"text-align: justify;\">Ha chiesto se le persone perbene avrebbero dovuto tacere durante la schiavit\u00f9 in America, o durante l\u2019apartheid in Sud Africa. O ovunque nel mondo nel corso della storia, quando le persone hanno sacrificato la propria vita nella lotta per la giustizia?<\/p>\n<p style=\"text-align: justify;\">Aaron non \u00e8 riuscito a fermare la complicit\u00e0 americana nel genocidio, ma sperava che non passasse inosservato.<\/p>\n<p style=\"text-align: justify;\">Ma non \u00e8 solo il messaggio di abnegazione di Aaron ad essere cos\u00ec importante. La sua persona era altrettanto cruciale.<\/p>\n<p style=\"text-align: justify;\">Tutti quelli che lo conoscevano lo ricordavano per \u201cla sua gentilezza, dolcezza, premurosit\u00e0\u201d. Un amico ha detto ai giornalisti che era &#8220;il ragazzino pi\u00f9 gentile, gentile e sciocco dell&#8217;aeronautica&#8221; e &#8220;uno dei compagni con pi\u00f9 principi&#8221;.<\/p>\n<p style=\"text-align: justify;\">Il giorno prima dell&#8217;auto-immolazione, ha inviato un testamento al suo amico, ha dato il suo gatto a un vicino e ha detto al suo amico che il suo frigorifero era pieno per il loro divertimento.<\/p>\n<p style=\"text-align: justify;\"><strong>Abbiamo bisogno di te<\/strong><br \/>\n\u00c8 importante sapere chi fosse Aaron, poich\u00e9 la tendenza \u00e8 quella di descrivere i giovani come lui come pazzi o fanatici.<\/p>\n<p style=\"text-align: justify;\">La verit\u00e0 \u00e8 che Aaron era una persona sana che si sentiva cos\u00ec impotente nel far parte di un\u2019istituzione complice della sofferenza dei palestinesi.<\/p>\n<p style=\"text-align: justify;\">Era una persona sensibile che ha sacrificato la sua vita, sperando che questo mandasse un messaggio.<\/p>\n<p style=\"text-align: justify;\">Chiediamo alle persone di non adottare queste misure estreme. Abbiamo bisogno di loro nelle strade, durante le proteste.<\/p>\n<p style=\"text-align: justify;\">Abbiamo bisogno che lascino posizioni e lavori per dimostrare la loro umanit\u00e0 di fronte a un genocidio che ci viene trasmesso in televisione ogni ora, e che \u00e8 ancora in corso.<\/p>\n<p style=\"text-align: justify;\">Aaron era pronto ad affrontare le sfide future della vita.<\/p>\n<p style=\"text-align: justify;\">Stava conseguendo attivamente una laurea in ingegneria del software presso la Western Governors University. Inoltre, in precedenza si era impegnato in corsi relativi allo sviluppo di software presso la Southern New Hampshire University e all&#8217;informatica presso il Global Campus dell&#8217;Universit\u00e0 del Maryland, secondo le informazioni sul suo profilo LinkedIn.<\/p>\n<p style=\"text-align: justify;\">I media mainstream negli Stati Uniti si sono chiesti come mai un giovane che amava il Signore degli Anelli e il karaoke avrebbe fatto qualcosa di cos\u00ec estremo. Lo hanno definito un mistero.<\/p>\n<p style=\"text-align: justify;\">La risposta per loro non era la Palestina, ma l\u2019associazione di Aaron con il gruppo religioso, una setta a cui apparteneva da bambino e che presumibilmente maltrattava i suoi membri.<\/p>\n<p style=\"text-align: justify;\">La spiegazione fornita dai media statunitensi \u00e8 che quando si lascia un gruppo affiatato, \u00e8 difficile appartenere ad altro. Forse questo \u00e8 vero, ma tuttavia non spiega l\u2019atto di sacrificio di Aaron.<\/p>\n<p style=\"text-align: justify;\">Non lo ha fatto perch\u00e9 era un&#8217;anima perduta.<\/p>\n<p style=\"text-align: justify;\">Al contrario, il fatto di aver subito un\u2019ingiustizia, lo ha spinto \u2013 nelle parole dei suoi amici pi\u00f9 cari \u2013 a cercare di \u201cdifendere coloro di cui non importa a nessuno o non possono difendersi\u201d.<\/p>\n<p style=\"text-align: justify;\">Questo \u00e8 il motivo per cui ha cercato modi per essere un attivista sociale per cause giuste.<\/p>\n<p style=\"text-align: justify;\"><strong>Aaron non \u00e8 solo<\/strong><br \/>\nI media mainstream negli Stati Uniti rifiutano di accettare la percezione di Aaron e di molti altri giovani americani dell\u2019ingiustizia in Palestina come uguale a quella vissuta dagli schiavi in America, o dalle vittime dell\u2019imperialismo americano in Vietnam.<\/p>\n<p style=\"text-align: justify;\">Ma sempre pi\u00f9 giovani americani si rendono conto che la politica americana \u00e8 una delle ragioni principali della continua sofferenza dei palestinesi. Molti altri ne verranno a conoscenza adesso.<\/p>\n<p style=\"text-align: justify;\">Aaron non era un osservatore superficiale.<\/p>\n<p style=\"text-align: justify;\">Si sentiva a disagio nell\u2019essere nell\u2019esercito e inizi\u00f2, in seguito all\u2019uccisione di George Floyd, a fare ricerche sulla storia della violenza inflitta dagli Stati Uniti, sia a livello nazionale \u2013 contro i propri cittadini \u2013 sia nel mondo, contro altri.<\/p>\n<p style=\"text-align: justify;\">La sua ricerca interiore lo ha portato a considerare di lasciare l&#8217;esercito. Il suo sogno di carriera era fortemente associato al desiderio di guadagnare abbastanza denaro per aiutare le giuste cause in cui credeva.<\/p>\n<p style=\"text-align: justify;\">Non dobbiamo dimenticare solo Aaron.<\/p>\n<p style=\"text-align: justify;\">Non conosciamo ancora il nome e l\u2019identit\u00e0 della donna coraggiosa che si \u00e8 data fuoco davanti al consolato israeliano ad Atlanta lo scorso dicembre. Anche in quel caso sul posto \u00e8 stata ritrovata una bandiera palestinese.<\/p>\n<p style=\"text-align: justify;\">Aaron ci ricorda Norman Morrison che fece lo stesso davanti agli uffici di Robert McNamara, il pi\u00f9 anziano politico americano responsabile della devastazione del Vietnam a met\u00e0 degli anni &#8217;60.<\/p>\n<p style=\"text-align: justify;\">E ce ne sono stati altri negli Stati Uniti, come Wyne Alan Bruce, che si \u00e8 dato fuoco nell\u2019aprile 2022 a Washington, in occasione della Giornata della Terra, come forma di protesta contro l\u2019inazione internazionale di fronte alle catastrofi ambientali, compreso il cambiamento climatico.<\/p>\n<p style=\"text-align: justify;\">E fuori dagli Stati Uniti, tutti ricordiamo Thich Quang Duc, il monaco buddista che si diede fuoco nel 1963, per protestare contro la persecuzione filoamericana dei monaci buddisti nel Vietnam del Sud.<\/p>\n<p style=\"text-align: justify;\">E ricordiamo anche Mohamed Bouaziz, il commerciante alimentare tunisino che, con il suo atto di sacrificio, scaten\u00f2 quella che divenne nota come la Primavera Araba.<\/p>\n<p style=\"text-align: justify;\">Indagando un po\u2019 pi\u00f9 a fondo, sono rimasto sorpreso nell\u2019apprendere che quasi nessuno nell\u2019esercito americano ha espresso preoccupazione, per non parlare di critiche, riguardo al coinvolgimento americano nel genocidio israeliano a Gaza.<\/p>\n<p style=\"text-align: justify;\">Pertanto, si pu\u00f2 capire quanto debba essersi sentito solo Aaron.<\/p>\n<p style=\"text-align: justify;\">Vorrei che avessimo potuto parlare tutti con Aaron e dirgli che avremmo potuto usare la sua esperienza per la causa in cui tutti crediamo.<\/p>\n<p style=\"text-align: justify;\">Ma il minimo che possiamo fare ora \u00e8 ricordarlo.<\/p>\n<p style=\"text-align: justify;\">E si spera che un giorno, in una Palestina liberata, ci sar\u00e0 una strada per commemorare questi giovani uomini e donne coraggiosi, che hanno insegnato al mondo che ci\u00f2 che sta accadendo in Palestina \u00e8 un\u2019ingiustizia che non pu\u00f2 essere tollerata.<\/p>\n","protected":false},"excerpt":{"rendered":"<p>https:\/\/www.palestinechronicle.com\/ 14 marzo 2024\u00a0 \u00a0 \u00a0 \u00a0 Ilan Pappe\u00a0 Si spera che un giorno, in una Palestina liberata, ci sar\u00e0 una strada per commemorare questi giovani uomini e donne coraggiosi, che hanno insegnato al mondo che ci\u00f2 che sta accadendo &hellip; <a href=\"https:\/\/reteitalianaism.it\/reteism\/index.php\/2024\/03\/14\/svelare-il-mistero-ilan-pappe-scrive-in-memoria-di-aaron-bushnell\/\">Continue reading <span class=\"meta-nav\">&rarr;<\/span><\/a><\/p>\n","protected":false},"author":2,"featured_media":0,"comment_status":"open","ping_status":"open","sticky":false,"template":"","format":"standard","meta":{"footnotes":""},"categories":[3,68],"tags":[679,165,175,42],"class_list":["post-20201","post","type-post","status-publish","format-standard","hentry","category-info","category-opinioni","tag-aaron-bushnell","tag-gaza-sotto-assedio","tag-palestina-occupata","tag-resistenza"],"_links":{"self":[{"href":"https:\/\/reteitalianaism.it\/reteism\/index.php\/wp-json\/wp\/v2\/posts\/20201","targetHints":{"allow":["GET"]}}],"collection":[{"href":"https:\/\/reteitalianaism.it\/reteism\/index.php\/wp-json\/wp\/v2\/posts"}],"about":[{"href":"https:\/\/reteitalianaism.it\/reteism\/index.php\/wp-json\/wp\/v2\/types\/post"}],"author":[{"embeddable":true,"href":"https:\/\/reteitalianaism.it\/reteism\/index.php\/wp-json\/wp\/v2\/users\/2"}],"replies":[{"embeddable":true,"href":"https:\/\/reteitalianaism.it\/reteism\/index.php\/wp-json\/wp\/v2\/comments?post=20201"}],"version-history":[{"count":2,"href":"https:\/\/reteitalianaism.it\/reteism\/index.php\/wp-json\/wp\/v2\/posts\/20201\/revisions"}],"predecessor-version":[{"id":20204,"href":"https:\/\/reteitalianaism.it\/reteism\/index.php\/wp-json\/wp\/v2\/posts\/20201\/revisions\/20204"}],"wp:attachment":[{"href":"https:\/\/reteitalianaism.it\/reteism\/index.php\/wp-json\/wp\/v2\/media?parent=20201"}],"wp:term":[{"taxonomy":"category","embeddable":true,"href":"https:\/\/reteitalianaism.it\/reteism\/index.php\/wp-json\/wp\/v2\/categories?post=20201"},{"taxonomy":"post_tag","embeddable":true,"href":"https:\/\/reteitalianaism.it\/reteism\/index.php\/wp-json\/wp\/v2\/tags?post=20201"}],"curies":[{"name":"wp","href":"https:\/\/api.w.org\/{rel}","templated":true}]}}