{"id":20299,"date":"2024-03-30T16:25:22","date_gmt":"2024-03-30T15:25:22","guid":{"rendered":"http:\/\/reteitalianaism.it\/reteism\/?p=20299"},"modified":"2024-03-30T16:25:22","modified_gmt":"2024-03-30T15:25:22","slug":"lex-ministro-israeliano-dice-che-il-suo-paese-e-bloccato-nellarena-internazionale-su-gaza","status":"publish","type":"post","link":"https:\/\/reteitalianaism.it\/reteism\/index.php\/2024\/03\/30\/lex-ministro-israeliano-dice-che-il-suo-paese-e-bloccato-nellarena-internazionale-su-gaza\/","title":{"rendered":"L&#8217;ex ministro israeliano dice che il suo paese \u00e8 bloccato nell&#8217;arena internazionale su Gaza"},"content":{"rendered":"<p>30 marzo 2024<\/p>\n<p><a href=\"https:\/\/www.middleeastmonitor.com\/20240330-ex-israeli-minister-says-his-country-stuck-in-international-arena-over-gaza\/\">https:\/\/www.middleeastmonitor.com\/20240330-ex-israeli-minister-says-his-country-stuck-in-international-arena-over-gaza\/<\/a><\/p>\n<p><a href=\"http:\/\/reteitalianaism.it\/reteism\/wp-content\/uploads\/2024\/03\/Schermata-2024-03-30-alle-16.17.45.png\"><img loading=\"lazy\" decoding=\"async\" class=\"alignnone  wp-image-20300\" src=\"http:\/\/reteitalianaism.it\/reteism\/wp-content\/uploads\/2024\/03\/Schermata-2024-03-30-alle-16.17.45-300x198.png\" alt=\"\" width=\"433\" height=\"286\" srcset=\"https:\/\/reteitalianaism.it\/reteism\/wp-content\/uploads\/2024\/03\/Schermata-2024-03-30-alle-16.17.45-300x198.png 300w, https:\/\/reteitalianaism.it\/reteism\/wp-content\/uploads\/2024\/03\/Schermata-2024-03-30-alle-16.17.45-1024x676.png 1024w, https:\/\/reteitalianaism.it\/reteism\/wp-content\/uploads\/2024\/03\/Schermata-2024-03-30-alle-16.17.45-768x507.png 768w, https:\/\/reteitalianaism.it\/reteism\/wp-content\/uploads\/2024\/03\/Schermata-2024-03-30-alle-16.17.45-1536x1013.png 1536w, https:\/\/reteitalianaism.it\/reteism\/wp-content\/uploads\/2024\/03\/Schermata-2024-03-30-alle-16.17.45.png 1846w\" sizes=\"auto, (max-width: 433px) 100vw, 433px\" \/><\/a><\/p>\n<p>L&#8217;ex ministro della Giustizia israeliano Gideon Saar ha criticato la gestione del suo paese degli attacchi su Gaza da ottobre, affermando che Israele \u00e8 &#8220;bloccato sulla scena internazionale&#8221;.<br \/>\nIl Jerusalem Post ha riferito venerd\u00ec che Saar, che si \u00e8 dimesso dal governo la scorsa settimana dopo che il primo ministro Benjamin Netanyahu ha rifiutato di includerlo nel Gabinetto di guerra, ha detto: &#8220;\u00c8 chiaro che il mondo vuole (che Israele) ponga fine alla guerra. \u00c8 chiaro che l&#8217;amministrazione degli Stati Uniti, per diverse ragioni, vuole che la guerra finisca. Cos\u00ec Israele deve stare (da solo) contro tutti&#8221;, riferisce l&#8217;Agenzia Anadolu.<br \/>\nCriticando la posizione del suo paese su Gaza, Saar ha sottolineato: &#8220;Siamo bloccati in ogni direzione. Siamo bloccati a Gaza. Siamo bloccati sul confine libanese. Siamo bloccati con gli ostaggi, e siamo bloccati sulla scena internazionale.&#8221;<br \/>\nHa sostenuto la &#8220;resa&#8221; dell&#8217;ala militare di Hamas e del Movimento Islamico Jihad Palestinese, proponendo il loro &#8220;esilio&#8221; da Gaza in altri paesi.<br \/>\nSostenendo che tale azione potrebbe facilitare uno scambio di prigionieri tra Israele e il gruppo palestinese Hamas, ha portato avanti la proposta di cessare il fuoco.<br \/>\nIsraele ha condotto un&#8217;offensiva militare mortale su Gaza da un Ott. 7 attacco transfrontaliero guidato da Hamas in cui sono stati uccisi quasi 1.200 israeliani.<br \/>\nPi\u00f9 di 32.600 palestinesi, per lo pi\u00f9 donne e bambini, sono stati uccisi a Gaza, oltre a causare distruzione di massa, spostamenti e condizioni di carestia.<br \/>\nIsraele \u00e8 accusato di genocidio alla Corte Internazionale di Giustizia (ICJ), che ha chiesto a Israele di fare di pi\u00f9 per prevenire la carestia a Gaza: &#8220;I palestinesi a Gaza non stanno pi\u00f9 affrontando solo il rischio di carestia &#8230; ma una carestia vera e propria.&#8221;<\/p>\n","protected":false},"excerpt":{"rendered":"<p>30 marzo 2024 https:\/\/www.middleeastmonitor.com\/20240330-ex-israeli-minister-says-his-country-stuck-in-international-arena-over-gaza\/ L&#8217;ex ministro della Giustizia israeliano Gideon Saar ha criticato la gestione del suo paese degli attacchi su Gaza da ottobre, affermando che Israele \u00e8 &#8220;bloccato sulla scena internazionale&#8221;. Il Jerusalem Post ha riferito venerd\u00ec che Saar, &hellip; <a href=\"https:\/\/reteitalianaism.it\/reteism\/index.php\/2024\/03\/30\/lex-ministro-israeliano-dice-che-il-suo-paese-e-bloccato-nellarena-internazionale-su-gaza\/\">Continue reading <span class=\"meta-nav\">&rarr;<\/span><\/a><\/p>\n","protected":false},"author":8,"featured_media":0,"comment_status":"open","ping_status":"open","sticky":false,"template":"","format":"standard","meta":{"footnotes":""},"categories":[2,3],"tags":[698,553,697,606],"class_list":["post-20299","post","type-post","status-publish","format-standard","hentry","category-gaza-2","category-info","tag-carestia","tag-cessate-il-fuoco","tag-gideon-saar","tag-icj"],"_links":{"self":[{"href":"https:\/\/reteitalianaism.it\/reteism\/index.php\/wp-json\/wp\/v2\/posts\/20299","targetHints":{"allow":["GET"]}}],"collection":[{"href":"https:\/\/reteitalianaism.it\/reteism\/index.php\/wp-json\/wp\/v2\/posts"}],"about":[{"href":"https:\/\/reteitalianaism.it\/reteism\/index.php\/wp-json\/wp\/v2\/types\/post"}],"author":[{"embeddable":true,"href":"https:\/\/reteitalianaism.it\/reteism\/index.php\/wp-json\/wp\/v2\/users\/8"}],"replies":[{"embeddable":true,"href":"https:\/\/reteitalianaism.it\/reteism\/index.php\/wp-json\/wp\/v2\/comments?post=20299"}],"version-history":[{"count":1,"href":"https:\/\/reteitalianaism.it\/reteism\/index.php\/wp-json\/wp\/v2\/posts\/20299\/revisions"}],"predecessor-version":[{"id":20301,"href":"https:\/\/reteitalianaism.it\/reteism\/index.php\/wp-json\/wp\/v2\/posts\/20299\/revisions\/20301"}],"wp:attachment":[{"href":"https:\/\/reteitalianaism.it\/reteism\/index.php\/wp-json\/wp\/v2\/media?parent=20299"}],"wp:term":[{"taxonomy":"category","embeddable":true,"href":"https:\/\/reteitalianaism.it\/reteism\/index.php\/wp-json\/wp\/v2\/categories?post=20299"},{"taxonomy":"post_tag","embeddable":true,"href":"https:\/\/reteitalianaism.it\/reteism\/index.php\/wp-json\/wp\/v2\/tags?post=20299"}],"curies":[{"name":"wp","href":"https:\/\/api.w.org\/{rel}","templated":true}]}}