{"id":20317,"date":"2024-04-03T21:06:47","date_gmt":"2024-04-03T19:06:47","guid":{"rendered":"http:\/\/reteitalianaism.it\/reteism\/?p=20317"},"modified":"2024-04-06T20:54:48","modified_gmt":"2024-04-06T18:54:48","slug":"famiglia-palestinese-a-um-darit-molestata-e-isolata","status":"publish","type":"post","link":"https:\/\/reteitalianaism.it\/reteism\/index.php\/2024\/04\/03\/famiglia-palestinese-a-um-darit-molestata-e-isolata\/","title":{"rendered":"Famiglia palestinese a Um Darit molestata e isolata"},"content":{"rendered":"<p><a href=\"https:\/\/palsolidarity.org\/2024\/04\/palestinian-family-at-um-darit-harassed-and-isolated\/\">https:\/\/palsolidarity.org\/<\/a><\/p>\n<p><strong>3 aprile 2024<\/strong><\/p>\n<p>Atti di molestie e terrore sono una realt\u00e0 quotidiana per i residenti di Masafer Yatta, un insieme di villaggi rurali all\u2019estremit\u00e0 meridionale della Cisgiordania. Un esempio \u00e8 la famiglia di Mohammed Abed a Um Darit, che \u00e8 circondata da una rete di insediamenti illegali in rapida espansione.<\/p>\n<div id=\"attachment_20318\" style=\"width: 509px\" class=\"wp-caption aligncenter\"><a href=\"http:\/\/reteitalianaism.it\/reteism\/wp-content\/uploads\/2024\/04\/signal-2024-04-03-113828-1536x1152-1.jpeg\"><img loading=\"lazy\" decoding=\"async\" aria-describedby=\"caption-attachment-20318\" class=\"wp-image-20318\" src=\"http:\/\/reteitalianaism.it\/reteism\/wp-content\/uploads\/2024\/04\/signal-2024-04-03-113828-1536x1152-1-300x225.jpeg\" alt=\"\" width=\"499\" height=\"374\" srcset=\"https:\/\/reteitalianaism.it\/reteism\/wp-content\/uploads\/2024\/04\/signal-2024-04-03-113828-1536x1152-1-300x225.jpeg 300w, https:\/\/reteitalianaism.it\/reteism\/wp-content\/uploads\/2024\/04\/signal-2024-04-03-113828-1536x1152-1-1024x768.jpeg 1024w, https:\/\/reteitalianaism.it\/reteism\/wp-content\/uploads\/2024\/04\/signal-2024-04-03-113828-1536x1152-1-768x576.jpeg 768w, https:\/\/reteitalianaism.it\/reteism\/wp-content\/uploads\/2024\/04\/signal-2024-04-03-113828-1536x1152-1.jpeg 1536w\" sizes=\"auto, (max-width: 499px) 100vw, 499px\" \/><\/a><p id=\"caption-attachment-20318\" class=\"wp-caption-text\">Pastore colono che pascola sulla terra di Abed<\/p><\/div>\n<p style=\"text-align: justify;\">Dopo l\u2019escalation israeliana di ottobre, sono stati cacciati dalle loro case da vigilantes armati e al loro ritorno l\u2019hanno trovata in gran parte distrutta. Hanno rubato pecore, hanno bruciato un veicolo, distrutto una lavatrice, condutture dell\u2019acqua e pannelli di accesso, sistema fognario rovinato, finestre rotte, la loro casa capovolta e un Corano bruciato. I membri maschi della famiglia sono stati imprigionati e picchiati, e ripetute incursioni e atti di vandalismo e terrorismo sono la norma.<!--more--><\/p>\n<p style=\"text-align: justify;\">Altri atti di violenza sono pi\u00f9 subdoli: automobili, pastori, persone che fanno jogging, cavalieri, soldati e coloni armati attraversano regolarmente le strade e le colline pi\u00f9 vicine che circondano la casa. Come altrove, gli insediamenti pi\u00f9 vicini di Avigayil e gli avamposti di nuova fondazione si stabiliscono in luoghi elevati e vietano ai palestinesi di mettere piede sulle colline e sulle valli che conducono ad essi (o su altri confini arbitrari). Di conseguenza, la maggior parte della terra della famiglia viene rubata, ad uso esclusivo dello Stato e dei coloni.<\/p>\n<p style=\"text-align: justify;\">Ad esempio, questa settimana un giovane colono a cavallo \u00e8 uscito dalla strada tentando di sfilare attraverso il cortile, il giardino e il gregge di Abed, spaventando le pecore. Gli attivisti della solidariet\u00e0 presenti sul posto gli hanno chiesto cosa ci facesse l\u00ec e gli hanno chiesto di andarsene. Il giovane bellicoso ha spinto ripetutamente e in modo aggressivo il suo cavallo, tentando di farsi strada tra gli attivisti. Dopo pi\u00f9 di 5 tentativi, un altro colono \u00e8 arrivato con un fucile e ha minacciato la famiglia e gli attivisti. Abed afferma di riconoscere il colono armato come uno di quelli che hanno distrutto la sua casa. Questo colono \u00e8 stato coinvolto anche in molti altri atti di molestie contro palestinesi e attivisti solidali. Dopo che la famiglia ha parlato ad alta voce di voler chiamare la polizia, due dei tre coloni se ne sono andati e un terzo \u00e8 rimasto a pascolare il suo gregge di pecore sulle coltivazioni della famiglia. Nei giorni successivi, questo pastore \u00e8 tornato ogni giorno, apparentemente preferendo far pascolare i suoi animali sulla terra di Abed e nella valle tra i villaggi palestinesi rispetto alla valle lussureggiante pi\u00f9 vicina riservata esclusivamente all\u2019uso dei coloni.<\/p>\n<div id=\"attachment_20319\" style=\"width: 476px\" class=\"wp-caption aligncenter\"><a href=\"http:\/\/reteitalianaism.it\/reteism\/wp-content\/uploads\/2024\/04\/signal-2024-04-03-113925.jpeg\"><img loading=\"lazy\" decoding=\"async\" aria-describedby=\"caption-attachment-20319\" class=\" wp-image-20319\" src=\"http:\/\/reteitalianaism.it\/reteism\/wp-content\/uploads\/2024\/04\/signal-2024-04-03-113925-188x300.jpeg\" alt=\"\" width=\"466\" height=\"744\" \/><\/a><p id=\"caption-attachment-20319\" class=\"wp-caption-text\">Colono a cavallo nel cortile di Abed<\/p><\/div>\n<p style=\"text-align: justify;\">\n<div id=\"attachment_20320\" style=\"width: 488px\" class=\"wp-caption aligncenter\"><a href=\"http:\/\/reteitalianaism.it\/reteism\/wp-content\/uploads\/2024\/04\/signal-2024-04-03-113820.jpeg\"><img loading=\"lazy\" decoding=\"async\" aria-describedby=\"caption-attachment-20320\" class=\" wp-image-20320\" src=\"http:\/\/reteitalianaism.it\/reteism\/wp-content\/uploads\/2024\/04\/signal-2024-04-03-113820-227x300.jpeg\" alt=\"\" width=\"478\" height=\"631\" srcset=\"https:\/\/reteitalianaism.it\/reteism\/wp-content\/uploads\/2024\/04\/signal-2024-04-03-113820-227x300.jpeg 227w, https:\/\/reteitalianaism.it\/reteism\/wp-content\/uploads\/2024\/04\/signal-2024-04-03-113820.jpeg 611w\" sizes=\"auto, (max-width: 478px) 100vw, 478px\" \/><\/a><p id=\"caption-attachment-20320\" class=\"wp-caption-text\">Un colono armato sorveglia un colono a cavallo nella terra di Abed<\/p><\/div>\n<p style=\"text-align: justify;\">Queste incursioni quotidiane confermano ci\u00f2 che gli attivisti indigeni di Turtle Island (le cosiddette Americhe) affermano da anni: la colonizzazione \u00e8 un processo, non un evento. Si manifesta nella mancanza di rispetto quotidiana per la sicurezza, la vita, la terra e la religione dei palestinesi, nel crescente isolamento di Um Darit dai villaggi degli altri palestinesi, nelle molestie quotidiane da parte dei militari e dei coloni, nei fari luminosi dell\u2019insediamento che brillano nel villaggio. Questi continui assalti e affronti mirano a spostare e logorare lo spirito della famiglia di Abed e di altri come loro.<\/p>\n<p style=\"text-align: justify;\">Eppure continuano, trascorrendo del tempo in famiglia, colorando insieme, allevando cavoli e animali, dimostrando una straordinaria generosit\u00e0 verso gli altri, raccogliendo timo e altre erbe e rimanendo fermi nel loro impegno di resistere per tutta l\u2019esistenza.<\/p>\n","protected":false},"excerpt":{"rendered":"<p>https:\/\/palsolidarity.org\/ 3 aprile 2024 Atti di molestie e terrore sono una realt\u00e0 quotidiana per i residenti di Masafer Yatta, un insieme di villaggi rurali all\u2019estremit\u00e0 meridionale della Cisgiordania. Un esempio \u00e8 la famiglia di Mohammed Abed a Um Darit, che &hellip; <a href=\"https:\/\/reteitalianaism.it\/reteism\/index.php\/2024\/04\/03\/famiglia-palestinese-a-um-darit-molestata-e-isolata\/\">Continue reading <span class=\"meta-nav\">&rarr;<\/span><\/a><\/p>\n","protected":false},"author":2,"featured_media":0,"comment_status":"open","ping_status":"open","sticky":false,"template":"","format":"standard","meta":{"footnotes":""},"categories":[3],"tags":[19,84,345,37],"class_list":["post-20317","post","type-post","status-publish","format-standard","hentry","category-info","tag-colline-a-sud-di-hebron","tag-colonie-illegali","tag-masafer-yatta","tag-occupazione"],"_links":{"self":[{"href":"https:\/\/reteitalianaism.it\/reteism\/index.php\/wp-json\/wp\/v2\/posts\/20317","targetHints":{"allow":["GET"]}}],"collection":[{"href":"https:\/\/reteitalianaism.it\/reteism\/index.php\/wp-json\/wp\/v2\/posts"}],"about":[{"href":"https:\/\/reteitalianaism.it\/reteism\/index.php\/wp-json\/wp\/v2\/types\/post"}],"author":[{"embeddable":true,"href":"https:\/\/reteitalianaism.it\/reteism\/index.php\/wp-json\/wp\/v2\/users\/2"}],"replies":[{"embeddable":true,"href":"https:\/\/reteitalianaism.it\/reteism\/index.php\/wp-json\/wp\/v2\/comments?post=20317"}],"version-history":[{"count":1,"href":"https:\/\/reteitalianaism.it\/reteism\/index.php\/wp-json\/wp\/v2\/posts\/20317\/revisions"}],"predecessor-version":[{"id":20321,"href":"https:\/\/reteitalianaism.it\/reteism\/index.php\/wp-json\/wp\/v2\/posts\/20317\/revisions\/20321"}],"wp:attachment":[{"href":"https:\/\/reteitalianaism.it\/reteism\/index.php\/wp-json\/wp\/v2\/media?parent=20317"}],"wp:term":[{"taxonomy":"category","embeddable":true,"href":"https:\/\/reteitalianaism.it\/reteism\/index.php\/wp-json\/wp\/v2\/categories?post=20317"},{"taxonomy":"post_tag","embeddable":true,"href":"https:\/\/reteitalianaism.it\/reteism\/index.php\/wp-json\/wp\/v2\/tags?post=20317"}],"curies":[{"name":"wp","href":"https:\/\/api.w.org\/{rel}","templated":true}]}}