{"id":20470,"date":"2024-05-08T09:59:31","date_gmt":"2024-05-08T07:59:31","guid":{"rendered":"http:\/\/reteitalianaism.it\/reteism\/?p=20470"},"modified":"2024-05-08T09:59:40","modified_gmt":"2024-05-08T07:59:40","slug":"il-diritto-di-resistere-al-genocidio-via-terra-e-via-mare","status":"publish","type":"post","link":"https:\/\/reteitalianaism.it\/reteism\/index.php\/2024\/05\/08\/il-diritto-di-resistere-al-genocidio-via-terra-e-via-mare\/","title":{"rendered":"Il diritto di resistere al genocidio via terra e via mare"},"content":{"rendered":"<p>6 maggio 2024 &#8211; International Solidarity Movement<\/p>\n<p><a href=\"https:\/\/palsolidarity.org\/2024\/05\/the-right-to-resist-genocide-by-land-and-by-sea\/\">The Right to Resist Genocide by Land and By Sea \u2013 International Solidarity Movement (palsolidarity.org)<\/a><\/p>\n<div id=\"attachment_20471\" style=\"width: 432px\" class=\"wp-caption aligncenter\"><a href=\"http:\/\/reteitalianaism.it\/reteism\/wp-content\/uploads\/2024\/05\/erg.png\"><img loading=\"lazy\" decoding=\"async\" aria-describedby=\"caption-attachment-20471\" class=\" wp-image-20471\" src=\"http:\/\/reteitalianaism.it\/reteism\/wp-content\/uploads\/2024\/05\/erg-300x199.png\" alt=\"\" width=\"422\" height=\"280\" srcset=\"https:\/\/reteitalianaism.it\/reteism\/wp-content\/uploads\/2024\/05\/erg-300x199.png 300w, https:\/\/reteitalianaism.it\/reteism\/wp-content\/uploads\/2024\/05\/erg-768x509.png 768w, https:\/\/reteitalianaism.it\/reteism\/wp-content\/uploads\/2024\/05\/erg.png 774w\" sizes=\"auto, (max-width: 422px) 100vw, 422px\" \/><\/a><p id=\"caption-attachment-20471\" class=\"wp-caption-text\">Accampamento studentesco a sostegno di Gaza nel campus del City College di New York. Credito: David Dee Delgado\/Reuters.<\/p><\/div>\n<p>Dalla Palestina alla Freedom Flotilla agli accampamenti universitari, la resistenza sta crescendo: un comunicato dell\u2019ISM<\/p>\n<p>*********<br \/>\n<span class=\"jCAhz ChMk0b\"><span class=\"ryNqvb\">Al difensore dei diritti umani, Bassam Tamini, sono stati assegnati altri sei mesi di detenzione amministrativa, unendosi a centinaia di palestinesi detenuti a tempo indeterminato senza alcuna accusa.<\/span><\/span> <span class=\"jCAhz ChMk0b\"><span class=\"ryNqvb\">Tamini e sua figlia Ahed sono stati forti critici della violenza dei coloni in Cisgiordania.<\/span><\/span> <span class=\"jCAhz ChMk0b\"><span class=\"ryNqvb\">Questa recente estensione \u00e8 solo un\u2019altra tattica per reprimere il dissenso e mettere a tacere la difesa di Bassam a favore dei palestinesi nei territori occupati.<\/span><\/span> <!--more--><span class=\"jCAhz ChMk0b\"><span class=\"ryNqvb\">Osservando la brutalit\u00e0 con cui la polizia ha risposto agli accampamenti dei college, ci viene ricordato che la repressione \u00e8 ovunque.<\/span><\/span> <span class=\"jCAhz ChMk0b\"><span class=\"ryNqvb\">E mentre osserviamo attivisti palestinesi come la famiglia Tamini resistere, i palestinesi fanno il tifo per i giovani dall\u2019altra parte del mondo che denunciano la complicit\u00e0 del loro governo nel genocidio e il rifiuto dei loro college di unirsi al movimento BDS per disinvestire da Israele.<\/span><\/span><\/p>\n<p><span class=\"jCAhz ChMk0b\"><span class=\"ryNqvb\">L\u2019International Solidarity Movement (ISM) \u00e8 al fianco di questi studenti che rischiano il loro futuro accademico, e talvolta la loro vita, per chiedere una Palestina libera.<\/span><\/span> <span class=\"jCAhz ChMk0b\"><span class=\"ryNqvb\">Proprio come sosteniamo i giusti sforzi della Freedom Flotilla per portare centinaia di medici, insegnanti, avvocati e difensori internazionali dei diritti umani da oltre 40 paesi a rompere l\u2019assedio di Gaza attraversando il Mediterraneo con 5.500 tonnellate di aiuti umanitari di cui c\u2019\u00e8 disperatamente bisogno.<\/span><\/span><\/p>\n<p><strong>Abbiamo il diritto di stare dalla parte dei palestinesi che resistono all\u2019estinzione per terra e per mare.<\/strong><\/p>\n<p class=\"lRu31\" dir=\"ltr\"><span class=\"HwtZe\" lang=\"it\"><span class=\"jCAhz ChMk0b\"><span class=\"ryNqvb\">L&#8217;International Solidarity Movement continua a ospitare attivisti nei territori occupati per fungere da presenza protettiva \u2013 come sostenitori e testimoni \u2013 contro la violenza del colonialismo.<\/span><\/span>\u00a0<span class=\"jCAhz ChMk0b\"><span class=\"ryNqvb\">A causa di questo lavoro siamo spesso considerati incendiari.<\/span><\/span> <\/span><\/p>\n<p class=\"lRu31\" dir=\"ltr\"><span class=\"HwtZe\" lang=\"it\"><span class=\"jCAhz ChMk0b\"><span class=\"ryNqvb\">Allo stesso modo, il presidente Biden ha rilasciato una dichiarazione in cui afferma che gli accampamenti studenteschi sono violenti e distruttivi e i giornali israeliani hanno pubblicato i nomi dei partecipanti alla Flotilla, dipingendoli come terroristi.<\/span><\/span> <\/span><span class=\"HwtZe\" lang=\"it\"><span class=\"jCAhz ChMk0b\"><span class=\"ryNqvb\">Ma ci uniamo attraverso una variet\u00e0 di tattiche basate sulla libert\u00e0 e sulla resilienza che raggiungono i continenti e le acque internazionali per il bene della nostra umanit\u00e0&#8230; e della vostra.<\/span><\/span><\/span><\/p>\n<p class=\"lRu31\" dir=\"ltr\"><span class=\"HwtZe\" lang=\"it\"> <span class=\"jCAhz ChMk0b\"><span class=\"ryNqvb\">Consideratelo un invito formale agli studenti coinvolti negli accampamenti, alle centinaia di attivisti della flottiglia che salpano e a tutti coloro che lavorano per una pace giusta in Palestina.<\/span><\/span> <span class=\"jCAhz ChMk0b\"><span class=\"ryNqvb\">Siamo tutti coinvolti in questa situazione e non c&#8217;\u00e8 niente di meglio che essere qui sul campo, quindi, con l&#8217;arrivo dell&#8217;estate, considera di trascorrere un po&#8217; di tempo in Cisgiordania con noi.<\/span><\/span> <span class=\"jCAhz ChMk0b\"><span class=\"ryNqvb\">Promettiamo che \u00e8 un&#8217;istruzione che non riceverai nel campus.<\/span><\/span><\/span><\/p>\n<div class=\"OvtS8d\"><\/div>\n<div id=\"ow1603\"><\/div>\n<div class=\"UdTY9 WdefRb\" aria-hidden=\"true\" data-location=\"2\"><\/div>\n","protected":false},"excerpt":{"rendered":"<p>6 maggio 2024 &#8211; International Solidarity Movement The Right to Resist Genocide by Land and By Sea \u2013 International Solidarity Movement (palsolidarity.org) Dalla Palestina alla Freedom Flotilla agli accampamenti universitari, la resistenza sta crescendo: un comunicato dell\u2019ISM ********* Al difensore &hellip; <a href=\"https:\/\/reteitalianaism.it\/reteism\/index.php\/2024\/05\/08\/il-diritto-di-resistere-al-genocidio-via-terra-e-via-mare\/\">Continue reading <span class=\"meta-nav\">&rarr;<\/span><\/a><\/p>\n","protected":false},"author":6,"featured_media":0,"comment_status":"open","ping_status":"open","sticky":false,"template":"","format":"standard","meta":{"footnotes":""},"categories":[2,3],"tags":[553,179,528,42],"class_list":["post-20470","post","type-post","status-publish","format-standard","hentry","category-gaza-2","category-info","tag-cessate-il-fuoco","tag-genocidio","tag-genocidio-di-gaza","tag-resistenza"],"_links":{"self":[{"href":"https:\/\/reteitalianaism.it\/reteism\/index.php\/wp-json\/wp\/v2\/posts\/20470","targetHints":{"allow":["GET"]}}],"collection":[{"href":"https:\/\/reteitalianaism.it\/reteism\/index.php\/wp-json\/wp\/v2\/posts"}],"about":[{"href":"https:\/\/reteitalianaism.it\/reteism\/index.php\/wp-json\/wp\/v2\/types\/post"}],"author":[{"embeddable":true,"href":"https:\/\/reteitalianaism.it\/reteism\/index.php\/wp-json\/wp\/v2\/users\/6"}],"replies":[{"embeddable":true,"href":"https:\/\/reteitalianaism.it\/reteism\/index.php\/wp-json\/wp\/v2\/comments?post=20470"}],"version-history":[{"count":1,"href":"https:\/\/reteitalianaism.it\/reteism\/index.php\/wp-json\/wp\/v2\/posts\/20470\/revisions"}],"predecessor-version":[{"id":20472,"href":"https:\/\/reteitalianaism.it\/reteism\/index.php\/wp-json\/wp\/v2\/posts\/20470\/revisions\/20472"}],"wp:attachment":[{"href":"https:\/\/reteitalianaism.it\/reteism\/index.php\/wp-json\/wp\/v2\/media?parent=20470"}],"wp:term":[{"taxonomy":"category","embeddable":true,"href":"https:\/\/reteitalianaism.it\/reteism\/index.php\/wp-json\/wp\/v2\/categories?post=20470"},{"taxonomy":"post_tag","embeddable":true,"href":"https:\/\/reteitalianaism.it\/reteism\/index.php\/wp-json\/wp\/v2\/tags?post=20470"}],"curies":[{"name":"wp","href":"https:\/\/api.w.org\/{rel}","templated":true}]}}