{"id":20613,"date":"2024-05-29T09:38:43","date_gmt":"2024-05-29T07:38:43","guid":{"rendered":"http:\/\/reteitalianaism.it\/reteism\/?p=20613"},"modified":"2024-05-29T09:38:47","modified_gmt":"2024-05-29T07:38:47","slug":"possono-i-palestinesi-immaginare-un-futuro-con-gli-israeliani-dopo-questa-guerra","status":"publish","type":"post","link":"https:\/\/reteitalianaism.it\/reteism\/index.php\/2024\/05\/29\/possono-i-palestinesi-immaginare-un-futuro-con-gli-israeliani-dopo-questa-guerra\/","title":{"rendered":"Possono i palestinesi immaginare un futuro con gli israeliani dopo questa guerra?"},"content":{"rendered":"<p>27 maggio 2024 di <a href=\"https:\/\/www.972mag.com\/writer\/mahmoud-mushtaha\/\">Mahmoud Mustaha<\/a><\/p>\n<p><a href=\"https:\/\/www.972mag.com\/israeli-palestinian-reconciliation-post-gaza\/\">Can Palestinians imagine a future with Israelis after this war? (972mag.com)<\/a><\/p>\n<p class=\"lRu31\" dir=\"ltr\"><em><span class=\"HwtZe\" lang=\"it\"><span class=\"jCAhz JxVs2d ChMk0b\"><span class=\"ryNqvb\">Mio nonno ricorda i rapporti di vicinato con gli ebrei prima del 1948. Per i palestinesi di oggi, una simile prospettiva sembra quasi impossibile.<\/span><\/span><\/span><\/em><\/p>\n<div id=\"ow1406\"><\/div>\n<div id=\"attachment_20614\" style=\"width: 532px\" class=\"wp-caption aligncenter\"><a href=\"http:\/\/reteitalianaism.it\/reteism\/wp-content\/uploads\/2024\/05\/F240424ARK006-1200x802-1.jpg\"><img loading=\"lazy\" decoding=\"async\" aria-describedby=\"caption-attachment-20614\" class=\" wp-image-20614\" src=\"http:\/\/reteitalianaism.it\/reteism\/wp-content\/uploads\/2024\/05\/F240424ARK006-1200x802-1-300x201.jpg\" alt=\"\" width=\"522\" height=\"350\" srcset=\"https:\/\/reteitalianaism.it\/reteism\/wp-content\/uploads\/2024\/05\/F240424ARK006-1200x802-1-300x201.jpg 300w, https:\/\/reteitalianaism.it\/reteism\/wp-content\/uploads\/2024\/05\/F240424ARK006-1200x802-1-1024x684.jpg 1024w, https:\/\/reteitalianaism.it\/reteism\/wp-content\/uploads\/2024\/05\/F240424ARK006-1200x802-1-768x513.jpg 768w, https:\/\/reteitalianaism.it\/reteism\/wp-content\/uploads\/2024\/05\/F240424ARK006-1200x802-1.jpg 1200w\" sizes=\"auto, (max-width: 522px) 100vw, 522px\" \/><\/a><p id=\"caption-attachment-20614\" class=\"wp-caption-text\">Palestinesi ispezionano una casa distrutta da un attacco aereo israeliano, nella citt\u00e0 di Rafah, nel sud della Striscia di Gaza, il 24 aprile 2024. (Abed Rahim Khatib\/Flash90)<\/p><\/div>\n<p class=\"lRu31\" dir=\"ltr\"><span class=\"HwtZe\" lang=\"it\"><span class=\"jCAhz JxVs2d ChMk0b\"><span class=\"ryNqvb\">\u201cEravamo liberi.<\/span><\/span> <span class=\"jCAhz JxVs2d\"><span class=\"ryNqvb\">Era la vita pi\u00f9 bella.<\/span><\/span> <span class=\"jCAhz JxVs2d\"><span class=\"ryNqvb\">Avevamo tutto: la nostra eredit\u00e0, il nostro commercio e il nostro mare\u201d.<\/span><\/span> <span class=\"jCAhz JxVs2d\"><span class=\"ryNqvb\">Mio nonno, che ora ha 85 anni, ricorda ancora la vita in Palestina prima del 1948. Non c\u2019erano restrizioni sui viaggi, posti di blocco, assedi e coprifuoco.<\/span><\/span> <span class=\"jCAhz JxVs2d\"><span class=\"ryNqvb\">\u00c8 cresciuto in un piccolo villaggio a Giaffa, dove la vita era piena di attivit\u00e0 durante il giorno e piena di incontri sociali di notte.<\/span><\/span> <\/span><span class=\"HwtZe\" lang=\"it\"><span class=\"jCAhz JxVs2d\"><span class=\"ryNqvb\">La sua era una comunit\u00e0 ricca di cultura e connessione. <\/span><\/span><\/span><\/p>\n<p class=\"lRu31\" dir=\"ltr\"><span class=\"HwtZe\" lang=\"it\"><span class=\"jCAhz JxVs2d ChMk0b\"><span class=\"ryNqvb\">Ma questa vita venne improvvisamente sconvolta dagli eventi della Nakba.<\/span><\/span> <span class=\"jCAhz JxVs2d ChMk0b\"><span class=\"ryNqvb\">Necessaria conseguenza del sionismo, la Nakba del 1948 segn\u00f2 l\u2019inizio di una ferita non rimarginata che da allora ha continuato ad approfondirsi.<\/span><\/span> <span class=\"jCAhz JxVs2d ChMk0b\"><span class=\"ryNqvb\">Il profondo senso di perdita e il dolore duraturo dello sfollamento sono sentimenti che molti palestinesi, come mio nonno, continuano a sopportare \u2013 un dolore che ora viene inflitto in modo orribile a una nuova generazione. <\/span><\/span><\/span><\/p>\n<p class=\"lRu31\" dir=\"ltr\"><span class=\"HwtZe\" lang=\"it\"><span class=\"jCAhz JxVs2d ChMk0b\"><span class=\"ryNqvb\">Insieme a decine di migliaia di altri palestinesi, i miei nonni furono costretti a lasciare Giaffa nel 1948. Inizialmente andarono a Hebron, sperando di tornare presto a casa.<\/span><\/span> <span class=\"jCAhz JxVs2d ChMk0b\"><span class=\"ryNqvb\">Nel giro di una settimana, tuttavia, divenne chiaro che un ritorno cos\u00ec rapido sarebbe stato impossibile.<\/span><\/span> <span class=\"jCAhz JxVs2d ChMk0b\"><span class=\"ryNqvb\">Si trasferirono invece a Gaza, dove il fratello di mio nonno lavorava nel commercio.<\/span><\/span> <span class=\"jCAhz JxVs2d ChMk0b\"><span class=\"ryNqvb\">Da allora vivono l\u00ec.<\/span><\/span><\/span><!--more--><span class=\"jCAhz JxVs2d ChMk0b\"><span class=\"ryNqvb\">Durante la guerra israeliana in corso contro Gaza, mio \u200b\u200bnonno ha ripensato alla sua infanzia.<\/span><\/span> <span class=\"jCAhz JxVs2d ChMk0b\"><span class=\"ryNqvb\">Gli echi della Nakba sono inconfondibili, ma ha pensato anche alla vita in Palestina prima del 1948. Ricordando la piccola casa della sua famiglia a Giaffa, menziona spesso le famiglie palestinesi del suo quartiere.<\/span><\/span> <span class=\"jCAhz JxVs2d ChMk0b\"><span class=\"ryNqvb\">Alcune, come le famiglie Masoud, Husseini e Khalidi, si trasferirono a Gaza nel 1948. Altre, come le famiglie Dajani, Muzafar e Levan, non hanno pi\u00f9 avuto contatti con mio nonno per 76 anni, eppure lui le ricorda con affetto. <\/span><\/span><\/p>\n<p class=\"lRu31\" dir=\"ltr\"><span class=\"jCAhz JxVs2d ChMk0b\"><span class=\"ryNqvb\">La famiglia Levan, con il suo cognome non arabo, ha attirato la mia attenzione.<\/span><\/span> <span class=\"jCAhz JxVs2d\"><span class=\"ryNqvb\">&#8220;Erano una famiglia ebrea&#8221;, ha spiegato mio nonno.<\/span><\/span> <span class=\"jCAhz JxVs2d ChMk0b\"><span class=\"ryNqvb\">\u201cErano i nostri vicini di casa a Giaffa e le nostre madri erano molto amiche\u201d.<\/span><\/span> <span class=\"jCAhz JxVs2d ChMk0b\"><span class=\"ryNqvb\">Le madri palestinesi condividevano cos\u00ec tanto cibo con i loro vicini ebrei che la signora Levan scherzava sul fatto di non avere mai l\u2019opportunit\u00e0 di cucinare.<\/span><\/span><\/p>\n<div id=\"attachment_20615\" style=\"width: 404px\" class=\"wp-caption aligncenter\"><a href=\"http:\/\/reteitalianaism.it\/reteism\/wp-content\/uploads\/2024\/05\/Crowded_entrance_to_Jaffa_train_station_NINO_F_Scholten_Jaffa_20_702-1280x931-1.jpg\"><img loading=\"lazy\" decoding=\"async\" aria-describedby=\"caption-attachment-20615\" class=\" wp-image-20615\" src=\"http:\/\/reteitalianaism.it\/reteism\/wp-content\/uploads\/2024\/05\/Crowded_entrance_to_Jaffa_train_station_NINO_F_Scholten_Jaffa_20_702-1280x931-1-300x218.jpg\" alt=\"\" width=\"394\" height=\"286\" srcset=\"https:\/\/reteitalianaism.it\/reteism\/wp-content\/uploads\/2024\/05\/Crowded_entrance_to_Jaffa_train_station_NINO_F_Scholten_Jaffa_20_702-1280x931-1-300x218.jpg 300w, https:\/\/reteitalianaism.it\/reteism\/wp-content\/uploads\/2024\/05\/Crowded_entrance_to_Jaffa_train_station_NINO_F_Scholten_Jaffa_20_702-1280x931-1-1024x745.jpg 1024w, https:\/\/reteitalianaism.it\/reteism\/wp-content\/uploads\/2024\/05\/Crowded_entrance_to_Jaffa_train_station_NINO_F_Scholten_Jaffa_20_702-1280x931-1-768x559.jpg 768w, https:\/\/reteitalianaism.it\/reteism\/wp-content\/uploads\/2024\/05\/Crowded_entrance_to_Jaffa_train_station_NINO_F_Scholten_Jaffa_20_702-1280x931-1.jpg 1280w\" sizes=\"auto, (max-width: 394px) 100vw, 394px\" \/><\/a><p id=\"caption-attachment-20615\" class=\"wp-caption-text\">Ingresso alla stazione ferroviaria di Jaffa, primi anni &#8217;20 (Frank Scholten\/Wikimedia Commons)<\/p><\/div>\n<p><span class=\"jCAhz JxVs2d ChMk0b\"><span class=\"ryNqvb\">\u201cA quei tempi\u201d, continu\u00f2, \u201cnon importava chi eri, da dove venivi o quale fosse la tua religione.<\/span><\/span> <span class=\"jCAhz JxVs2d\"><span class=\"ryNqvb\">L&#8217;importante era amarsi.<\/span><\/span> <span class=\"jCAhz JxVs2d ChMk0b\"><span class=\"ryNqvb\">La famiglia Levan ha festeggiato con noi le nostre feste e noi abbiamo fatto lo stesso con le loro\u201d.<\/span><\/span> <span class=\"jCAhz JxVs2d ChMk0b\"><span class=\"ryNqvb\">Erano scorci dei vecchi tempi, quando la vita era pi\u00f9 stabile su questa terra e le persone potevano accettarsi pi\u00f9 facilmente a vicenda, fossero essi musulmani, cristiani o ebrei \u2013 scorci di un tempo prima che tragici eventi politici rompessero questi legami.<\/span><\/span><\/p>\n<p><strong>\u201cIl soldato \u00e8 colui che uccide e opprime\u201d<br \/>\n<\/strong><span class=\"jCAhz JxVs2d ChMk0b\"><span class=\"ryNqvb\">Riflettendo sulle storie di mio nonno, spesso mi ritrovo a chiedermi quando finir\u00e0 la nostra lotta.<\/span><\/span> <span class=\"jCAhz JxVs2d ChMk0b\"><span class=\"ryNqvb\">Per quanto tempo questa terra, sacra per musulmani, cristiani ed ebrei, continuer\u00e0 ad essere intrisa di sangue? <\/span><\/span><span class=\"jCAhz JxVs2d ChMk0b\"><span class=\"ryNqvb\">Molte persone, soprattutto giovani palestinesi, vedono la sanguinosa storia del conflitto e si chiedono: \u201cCome possiamo vivere con loro dopo tutto quello che ci hanno fatto?\u201d<\/span><\/span> <span class=\"jCAhz JxVs2d\"><span class=\"ryNqvb\">Questo \u00e8 un sentimento che quasi certamente sta crescendo di fronte all\u2019attuale assalto. <\/span><\/span><\/p>\n<p><span class=\"jCAhz JxVs2d ChMk0b\"><span class=\"ryNqvb\">Non sono molti i palestinesi che ricordano una vita diversa.<\/span><\/span> <span class=\"jCAhz JxVs2d ChMk0b\"><span class=\"ryNqvb\">La maggior parte di noi ha vissuto solo le ingiustizie degli ultimi 76 anni: una crisi di rifugiati durata decenni, l\u2019occupazione, le guerre, l\u2019assedio, l\u2019apartheid, l\u2019ingiustizia e la privazione dei diritti fondamentali.<\/span><\/span> <span class=\"jCAhz JxVs2d ChMk0b\"><span class=\"ryNqvb\">Queste forme di oppressione fanno sembrare impossibile l\u2019idea della riconciliazione, della condivisione della terra o della convivenza in pace. <\/span><\/span><\/p>\n<p><span class=\"jCAhz JxVs2d ChMk0b\"><span class=\"ryNqvb\">Eppure \u00e8 anche vero che ci sono stati piccoli momenti che rivelano la possibilit\u00e0 di riconciliazione, a patto che la violenza e la disuguaglianza vengano messe da parte.<\/span><\/span> <span class=\"jCAhz JxVs2d ChMk0b\"><span class=\"ryNqvb\">Mio zio, ad esempio, \u00e8 un forte sostenitore della resistenza.<\/span><\/span> <span class=\"jCAhz JxVs2d ChMk0b\"><span class=\"ryNqvb\">Nonostante i suoi 66 anni, crede ancora che un giorno torner\u00e0 nella terra da cui suo padre \u00e8 stato sfollato con la forza.<\/span><\/span> <span class=\"jCAhz JxVs2d ChMk0b\"><span class=\"ryNqvb\">Mi raccontava storie sulla Palestina negli anni \u201990 e \u201980, sulle citt\u00e0 occupate e sulla Cisgiordania, dove una volta lavorava per un capo israeliano.<\/span><\/span> <span class=\"jCAhz JxVs2d ChMk0b\"><span class=\"ryNqvb\">Gli ho chiesto come poteva lavorare in una fabbrica israeliana dopo essere stato arrestato e torturato per aver lanciato pietre contro le jeep militari israeliane \u2013 e mentre i soldati israeliani continuavano a molestarlo ai posti di blocco.<\/span><\/span><\/p>\n<div id=\"attachment_20616\" style=\"width: 507px\" class=\"wp-caption aligncenter\"><a href=\"http:\/\/reteitalianaism.it\/reteism\/wp-content\/uploads\/2024\/05\/main_image46295_DrOWooN1Ui-1280x853-1.jpg\"><img loading=\"lazy\" decoding=\"async\" aria-describedby=\"caption-attachment-20616\" class=\" wp-image-20616\" src=\"http:\/\/reteitalianaism.it\/reteism\/wp-content\/uploads\/2024\/05\/main_image46295_DrOWooN1Ui-1280x853-1-300x200.jpg\" alt=\"\" width=\"497\" height=\"331\" srcset=\"https:\/\/reteitalianaism.it\/reteism\/wp-content\/uploads\/2024\/05\/main_image46295_DrOWooN1Ui-1280x853-1-300x200.jpg 300w, https:\/\/reteitalianaism.it\/reteism\/wp-content\/uploads\/2024\/05\/main_image46295_DrOWooN1Ui-1280x853-1-1024x682.jpg 1024w, https:\/\/reteitalianaism.it\/reteism\/wp-content\/uploads\/2024\/05\/main_image46295_DrOWooN1Ui-1280x853-1-768x512.jpg 768w, https:\/\/reteitalianaism.it\/reteism\/wp-content\/uploads\/2024\/05\/main_image46295_DrOWooN1Ui-1280x853-1.jpg 1280w\" sizes=\"auto, (max-width: 497px) 100vw, 497px\" \/><\/a><p id=\"caption-attachment-20616\" class=\"wp-caption-text\">I lavoratori palestinesi attraversano il checkpoint di Eyal a Qalqilya nelle prime ore del mattino per raggiungere i loro luoghi di lavoro oltre la linea verde, Cisgiordania occupata, 10 gennaio 2021. (Keren Manor\/Activestills)<\/p><\/div>\n<p><span class=\"jCAhz JxVs2d ChMk0b\"><span class=\"ryNqvb\">\u201cHo lavorato l\u00ec perch\u00e9 il governo israeliano faceva pressioni economiche sui palestinesi, quindi ho dovuto guadagnare soldi e lavorare con un capo israeliano.<\/span><\/span> <span class=\"jCAhz JxVs2d ChMk0b\"><span class=\"ryNqvb\">Il nostro rapporto era quello tra datore di lavoro e dipendente.<\/span><\/span> <span class=\"jCAhz JxVs2d ChMk0b\"><span class=\"ryNqvb\">Ma con i soldati israeliani il rapporto era tra oppressore e oppresso\u201d, ha spiegato.<\/span><\/span> <span class=\"jCAhz JxVs2d\"><span class=\"ryNqvb\">\u201cI soldati sono occupanti;<\/span><\/span> <span class=\"jCAhz JxVs2d ChMk0b\"><span class=\"ryNqvb\">c\u2019\u00e8 una grande differenza.\u201d <\/span><\/span><span class=\"jCAhz JxVs2d ChMk0b\"><span class=\"ryNqvb\">\u201cDurante le intifada\u201d, ha continuato, \u201cla maggior parte dei palestinesi che hanno combattuto i soldati israeliani, anche quelli disposti a sacrificarsi, lavoravano anche sotto i capi israeliani \u2013 perch\u00e9 il soldato [a differenza del capo] \u00e8 colui che uccide e opprime\u201d.<\/span><\/span><\/p>\n<p><strong>Verso una \u201cmentalit\u00e0 dell\u2019infinito\u201d<br \/>\n<\/strong><span class=\"jCAhz JxVs2d ChMk0b\"><span class=\"ryNqvb\">Io stesso ho molti amici ebrei israeliani che rifiutano la politica sempre pi\u00f9 di estrema destra del governo israeliano e di conseguenza la maggior parte di loro ha lasciato il Paese.<\/span><\/span> <span class=\"jCAhz JxVs2d ChMk0b\"><span class=\"ryNqvb\">Uno di questi amici \u00e8 un ebreo britannico di origine israeliana, soprannominato Gelleh, che ho incontrato attraverso il nostro lavoro a We Are Not Numbers, un progetto che promuove la narrativa palestinese.<\/span><\/span><\/p>\n<p><span class=\"jCAhz JxVs2d ChMk0b\"><span class=\"ryNqvb\">Abbiamo parlato di quanto sia strano che noi, israeliano e palestinese, parliamo amabilmente, mentre altrove gli israeliani commettono crimini di guerra contro i palestinesi semplicemente perch\u00e9 non riescono ad accettare la loro esistenza come popolo. <\/span><\/span><span class=\"jCAhz JxVs2d ChMk0b\"><span class=\"ryNqvb\">Gelleh e la sua famiglia hanno lasciato Israele-Palestina nel 2002 a causa della Seconda Intifada, e le ho chiesto se palestinesi e israeliani avrebbero mai potuto vivere insieme sulla stessa terra.<\/span><\/span> <span class=\"jCAhz JxVs2d ChMk0b\"><span class=\"ryNqvb\">&#8220;So cosa voglio rispondere: voglio rispondere di s\u00ec&#8221;, rifletteva.<\/span><\/span> <span class=\"jCAhz JxVs2d ChMk0b\"><span class=\"ryNqvb\">\u201cMa la realt\u00e0 ora cambia la mia risposta.\u201d<\/span><\/span> <span class=\"jCAhz JxVs2d ChMk0b\"><span class=\"ryNqvb\">Abbiamo concordato che dobbiamo dare priorit\u00e0 alla crescita di generazioni di bambini che non subiranno traumi diretti prima di poter pensare alla convivenza. <\/span><\/span><\/p>\n<p><span class=\"jCAhz JxVs2d ChMk0b\"><span class=\"ryNqvb\">Gelleh ha parlato anche dello scetticismo che gran parte della sua comunit\u00e0 prova di fronte alla prospettiva della riconciliazione.<\/span><\/span> <span class=\"jCAhz JxVs2d ChMk0b\"><span class=\"ryNqvb\">\u201cLa riconciliazione non sar\u00e0 raggiunta esclusivamente attraverso un cambiamento politico, come una soluzione a uno o due Stati.<\/span><\/span> <span class=\"jCAhz JxVs2d ChMk0b\"><span class=\"ryNqvb\">Da parte della mia comunit\u00e0, \u00e8 necessario trasformare la nostra mentalit\u00e0 di scarsit\u00e0 \u2013 che ci sono poche persone al mondo che ci accettano come ebrei e solo una piccola terra dove possiamo vivere liberamente \u2013 in una mentalit\u00e0 di infinito, che l\u2019amore e la paura che abbiamo<\/span><\/span> <span class=\"jCAhz JxVs2d ChMk0b\"><span class=\"ryNqvb\">che abbiamo per la nostra comunit\u00e0 possono essere esteri a tutti coloro che sono oppressi\u201d. <\/span><\/span><\/p>\n<p><span class=\"jCAhz JxVs2d ChMk0b\"><span class=\"ryNqvb\">Questa trasformazione, ha affermato, \u00e8 un prerequisito per il cambiamento politico: \u201cIl riconoscimento che la vera libert\u00e0 arriver\u00e0 solo con la libert\u00e0 di tutti \u00e8 una trasformazione che porter\u00e0 cambiamento sostenibile e giustizia nel paese\u201d.<\/span><\/span><\/p>\n<div id=\"attachment_20617\" style=\"width: 442px\" class=\"wp-caption aligncenter\"><a href=\"http:\/\/reteitalianaism.it\/reteism\/wp-content\/uploads\/2024\/05\/448A0454-1280x854-1.jpg\"><img loading=\"lazy\" decoding=\"async\" aria-describedby=\"caption-attachment-20617\" class=\" wp-image-20617\" src=\"http:\/\/reteitalianaism.it\/reteism\/wp-content\/uploads\/2024\/05\/448A0454-1280x854-1-300x200.jpg\" alt=\"\" width=\"432\" height=\"288\" srcset=\"https:\/\/reteitalianaism.it\/reteism\/wp-content\/uploads\/2024\/05\/448A0454-1280x854-1-300x200.jpg 300w, https:\/\/reteitalianaism.it\/reteism\/wp-content\/uploads\/2024\/05\/448A0454-1280x854-1-1024x683.jpg 1024w, https:\/\/reteitalianaism.it\/reteism\/wp-content\/uploads\/2024\/05\/448A0454-1280x854-1-768x512.jpg 768w, https:\/\/reteitalianaism.it\/reteism\/wp-content\/uploads\/2024\/05\/448A0454-1280x854-1.jpg 1280w\" sizes=\"auto, (max-width: 432px) 100vw, 432px\" \/><\/a><p id=\"caption-attachment-20617\" class=\"wp-caption-text\">Diverse centinaia di attivisti ebrei e palestinesi protestano contro l\u2019assalto israeliano a Gaza, Haifa, 20 gennaio 2024. (Oren Ziv)<\/p><\/div>\n<p><span class=\"jCAhz JxVs2d ChMk0b\"><span class=\"ryNqvb\">In quanto attivista per i diritti umani sono costantemente impegnato in conversazioni sulla convivenza e la riconciliazione.<\/span><\/span> <span class=\"jCAhz JxVs2d\"><span class=\"ryNqvb\">Ma le azioni di Israele contro i palestinesi minano costantemente ci\u00f2 che sto sostenendo.<\/span><\/span> <span class=\"jCAhz JxVs2d ChMk0b\"><span class=\"ryNqvb\">Come posso convincere le persone di Gaza \u2013 che sono vissute e cresciute sotto un brutale assedio israeliano \u2013 a vivere insieme alle stesse persone responsabili della loro sofferenza?<\/span><\/span> <span class=\"jCAhz JxVs2d ChMk0b\"><span class=\"ryNqvb\">Come posso convincere un bambino che ha perso ogni membro della sua famiglia ad accettare l&#8217;assassino come vicino?<\/span><\/span> <span class=\"jCAhz JxVs2d\"><span class=\"ryNqvb\">Come posso convincere la mia generazione, umiliata e molestata dai soldati israeliani, ad accettarli come amici?<\/span><\/span> <span class=\"jCAhz JxVs2d ChMk0b\"><span class=\"ryNqvb\">Come convincere i giovani della Cisgiordania, uccisi dai soldati israeliani ai posti di blocco, ad accettare la convivenza? <\/span><\/span><\/p>\n<p><span class=\"jCAhz JxVs2d ChMk0b\"><span class=\"ryNqvb\">Abbiamo appena celebrato il 76\u00b0 anniversario della Nakba, una triste pietra miliare avvenuta mentre le forze israeliane stavano commettendo quella che gli stessi membri del loro governo hanno definito una \u201cSeconda Nakba\u201d a Gaza.<\/span><\/span> <span class=\"jCAhz JxVs2d ChMk0b\"><span class=\"ryNqvb\">I territori palestinesi rimangono divisi e pienamente controllati dall\u2019esercito israeliano.<\/span><\/span> <span class=\"jCAhz JxVs2d ChMk0b\"><span class=\"ryNqvb\">Il muro di separazione della Cisgiordania \u2013 che si estende per 440 miglia e raggiunge un\u2019altezza di 25 piedi \u2013 penetra e confisca le terre palestinesi.<\/span><\/span> <span class=\"jCAhz JxVs2d\"><span class=\"ryNqvb\">Nessuno entra o esce senza il permesso israeliano.<\/span><\/span><\/p>\n<p><span class=\"jCAhz JxVs2d ChMk0b\"><span class=\"ryNqvb\">Questa realt\u00e0 equivale al rifiuto da parte di Israele della riconciliazione e della coesistenza e fornisce un terreno fertile per l\u2019odio, il risentimento, il lavaggio del cervello e la paura dell\u2019\u201daltro\u201d \u2013 tutti fattori che oggi non fanno altro che intensificarsi.<\/span><\/span> <span class=\"jCAhz JxVs2d\"><span class=\"ryNqvb\">I politici israeliani lo sanno e lo sfruttano a proprio vantaggio, prolungando l\u2019occupazione e mantenendo Israele-Palestina come uno stato razzialmente segregato che discrimina chiunque non sia ebreo. <\/span><\/span><\/p>\n<p><span class=\"jCAhz JxVs2d\"><span class=\"ryNqvb\">Ebrei e palestinesi possono davvero coesistere nella Palestina storica?<\/span><\/span> <span class=\"jCAhz JxVs2d ChMk0b\"><span class=\"ryNqvb\">Questa \u00e8 la domanda al centro del conflitto israelo-palestinese, la domanda che attraversa la nostra storia e il nostro presente.<\/span><\/span> <span class=\"jCAhz JxVs2d ChMk0b\"><span class=\"ryNqvb\">Nonostante i formidabili ostacoli e le divisioni radicate, esiste una strada da percorrere verso un futuro di riconciliazione pacifica?<\/span><\/span> <span class=\"jCAhz JxVs2d\"><span class=\"ryNqvb\">Sotto l\u2019occupazione militare, la discriminazione, la pulizia etnica e l\u2019apartheid, la risposta \u00e8 no. <\/span><\/span><\/p>\n<p><span class=\"jCAhz JxVs2d\"><span class=\"ryNqvb\">L\u2019unico modo per raggiungere la riconciliazione \u00e8 affrontare le cause profonde del conflitto.<\/span><\/span> <span class=\"jCAhz JxVs2d ChMk0b\"><span class=\"ryNqvb\">Affinch\u00e9 una pace giusta possa essere raggiunta, Israele deve aderire al diritto internazionale e alle risoluzioni delle Nazioni Unite \u2013 in particolare la Risoluzione 242 del Consiglio di Sicurezza delle Nazioni Unite, che chiede la fine dell\u2019occupazione, e la Risoluzione 194 dell\u2019Assemblea Generale delle Nazioni Unite, che riconosce il diritto al ritorno dei palestinesi.<\/span><\/span><\/p>\n<p><span class=\"jCAhz JxVs2d ChMk0b\"><span class=\"ryNqvb\">Le politiche e le azioni del governo israeliano sono la causa principale del conflitto;<\/span><\/span> <span class=\"jCAhz JxVs2d ChMk0b\"><span class=\"ryNqvb\">un&#8217;esistenza condivisa richiede il loro capovolgimento.<\/span><\/span> <span class=\"jCAhz JxVs2d ChMk0b\"><span class=\"ryNqvb\">\u00c8 l\u2019unico percorso che pu\u00f2 condurci a una vita che ricorda i ricordi custoditi dai nostri nonni \u2013 una vita di relativa pace.<\/span><\/span><\/p>\n","protected":false},"excerpt":{"rendered":"<p>27 maggio 2024 di Mahmoud Mustaha Can Palestinians imagine a future with Israelis after this war? (972mag.com) Mio nonno ricorda i rapporti di vicinato con gli ebrei prima del 1948. Per i palestinesi di oggi, una simile prospettiva sembra quasi &hellip; <a href=\"https:\/\/reteitalianaism.it\/reteism\/index.php\/2024\/05\/29\/possono-i-palestinesi-immaginare-un-futuro-con-gli-israeliani-dopo-questa-guerra\/\">Continue reading <span class=\"meta-nav\">&rarr;<\/span><\/a><\/p>\n","protected":false},"author":6,"featured_media":0,"comment_status":"open","ping_status":"open","sticky":false,"template":"","format":"standard","meta":{"footnotes":""},"categories":[2,3],"tags":[9,25,179,37],"class_list":["post-20613","post","type-post","status-publish","format-standard","hentry","category-gaza-2","category-info","tag-apartheid","tag-gaza","tag-genocidio","tag-occupazione"],"_links":{"self":[{"href":"https:\/\/reteitalianaism.it\/reteism\/index.php\/wp-json\/wp\/v2\/posts\/20613","targetHints":{"allow":["GET"]}}],"collection":[{"href":"https:\/\/reteitalianaism.it\/reteism\/index.php\/wp-json\/wp\/v2\/posts"}],"about":[{"href":"https:\/\/reteitalianaism.it\/reteism\/index.php\/wp-json\/wp\/v2\/types\/post"}],"author":[{"embeddable":true,"href":"https:\/\/reteitalianaism.it\/reteism\/index.php\/wp-json\/wp\/v2\/users\/6"}],"replies":[{"embeddable":true,"href":"https:\/\/reteitalianaism.it\/reteism\/index.php\/wp-json\/wp\/v2\/comments?post=20613"}],"version-history":[{"count":1,"href":"https:\/\/reteitalianaism.it\/reteism\/index.php\/wp-json\/wp\/v2\/posts\/20613\/revisions"}],"predecessor-version":[{"id":20618,"href":"https:\/\/reteitalianaism.it\/reteism\/index.php\/wp-json\/wp\/v2\/posts\/20613\/revisions\/20618"}],"wp:attachment":[{"href":"https:\/\/reteitalianaism.it\/reteism\/index.php\/wp-json\/wp\/v2\/media?parent=20613"}],"wp:term":[{"taxonomy":"category","embeddable":true,"href":"https:\/\/reteitalianaism.it\/reteism\/index.php\/wp-json\/wp\/v2\/categories?post=20613"},{"taxonomy":"post_tag","embeddable":true,"href":"https:\/\/reteitalianaism.it\/reteism\/index.php\/wp-json\/wp\/v2\/tags?post=20613"}],"curies":[{"name":"wp","href":"https:\/\/api.w.org\/{rel}","templated":true}]}}