{"id":20708,"date":"2024-06-21T08:35:38","date_gmt":"2024-06-21T06:35:38","guid":{"rendered":"http:\/\/reteitalianaism.it\/reteism\/?p=20708"},"modified":"2024-06-21T08:36:00","modified_gmt":"2024-06-21T06:36:00","slug":"intel-sospende-linvestimento-da-25-miliardi-di-dollari-nelleconomia-israeliana-in-difficolta","status":"publish","type":"post","link":"https:\/\/reteitalianaism.it\/reteism\/index.php\/2024\/06\/21\/intel-sospende-linvestimento-da-25-miliardi-di-dollari-nelleconomia-israeliana-in-difficolta\/","title":{"rendered":"Intel sospende l\u2019investimento da 25 miliardi di dollari nell\u2019economia israeliana in difficolt\u00e0"},"content":{"rendered":"<p>19 giugno 2024 \/ <a href=\"https:\/\/bdsmovement.net\/news-listing-author\/%20Palestinian%20BDS%20National%20Committee%20(BNC)\">Palestinian BDS National Committee (BNC)<\/a><\/p>\n<p><a href=\"https:\/\/bdsmovement.net\/news\/Intel-Halts-25b-Investment-Israels-Sinking-Economy\">| (bdsmovement.net)<\/a><\/p>\n<p><em>Intel rimane profondamente complice nell\u2019alimentare il bottino di guerra genocida di Israele, quindi intensifichiamo la nostra campagna #BoycottIntel per far s\u00ec che cessi questa complicit\u00e0.<\/em><\/p>\n<div id=\"attachment_20709\" style=\"width: 494px\" class=\"wp-caption aligncenter\"><a href=\"http:\/\/reteitalianaism.it\/reteism\/wp-content\/uploads\/2024\/06\/1-7.png\"><img loading=\"lazy\" decoding=\"async\" aria-describedby=\"caption-attachment-20709\" class=\" wp-image-20709\" src=\"http:\/\/reteitalianaism.it\/reteism\/wp-content\/uploads\/2024\/06\/1-7-300x170.png\" alt=\"\" width=\"484\" height=\"274\" srcset=\"https:\/\/reteitalianaism.it\/reteism\/wp-content\/uploads\/2024\/06\/1-7-300x170.png 300w, https:\/\/reteitalianaism.it\/reteism\/wp-content\/uploads\/2024\/06\/1-7-768x435.png 768w, https:\/\/reteitalianaism.it\/reteism\/wp-content\/uploads\/2024\/06\/1-7.png 825w\" sizes=\"auto, (max-width: 484px) 100vw, 484px\" \/><\/a><p id=\"caption-attachment-20709\" class=\"wp-caption-text\">dal sito bdsmovement.net<\/p><\/div>\n<p><span class=\"jCAhz JxVs2d ChMk0b\"><span class=\"ryNqvb\">La pressione del BDS funziona!<\/span><\/span> <span class=\"jCAhz JxVs2d ChMk0b\"><span class=\"ryNqvb\">Il gigante della tecnologia Intel ha bloccato la costruzione di una nuova fabbrica da 25 miliardi di dollari in Israele, secondo fonti dei media finanziari israeliani, scatenando speculazioni sul fatto che la fabbrica sia &#8220;in pericolo di essere cancellata&#8221;.<\/span><\/span><\/p>\n<p><span class=\"jCAhz JxVs2d ChMk0b\"><span class=\"ryNqvb\">Intel rimane ancora profondamente complice nell&#8217;alimentare il forziere di guerra genocida di Israele, quindi intensifichiamo la nostra campagna #BoycottIntel per farla cessare.<\/span><\/span><\/p>\n<p><span class=\"jCAhz JxVs2d ChMk0b\"><span class=\"ryNqvb\">La notizia coincide con indicatori persistenti di un calo scioccante dell&#8217;economia israeliana.<\/span><\/span><span class=\"jCAhz JxVs2d ChMk0b\"><span class=\"ryNqvb\"> Gi\u00e0 a febbraio, Moody&#8217;s ha declassato il rating di credito di Israele per la prima volta nella sua storia.<\/span><\/span> <span class=\"jCAhz JxVs2d ChMk0b\"><span class=\"ryNqvb\">Anche le prospettive di rating di Israele sono state modificate in &#8220;negative&#8221;, riflettendo il suo crescente debito, il deficit di bilancio e i problemi economici strutturali.<\/span><\/span><!--more--><\/p>\n<p><span class=\"jCAhz JxVs2d ChMk0b\"><span class=\"ryNqvb\">Dall&#8217;inizio del #GenocidioDiGaza da parte Israele, &#8220;gli investitori stranieri hanno ritirato pi\u00f9 di [9 miliardi di $] dal mercato azionario in Israele&#8221;, con quasi 4 miliardi di $ ritirati dai Bond Israeliani.<\/span><\/span> <span class=\"jCAhz JxVs2d\"><span class=\"ryNqvb\">Un banchiere israeliano conferma: &#8220;Stiamo gi\u00e0 subendo un boicottaggio economico e stiamo diventando dei paria in alcuni paesi&#8221;.<\/span><\/span><\/p>\n<p><span class=\"jCAhz JxVs2d\"><span class=\"ryNqvb\">Ben prima del suo genocidio, Israele stava affrontando sfide economiche sismiche, con gli investimenti internazionali nel suo settore high-tech (che rappresenta la met\u00e0 di tutte le esportazioni israeliane), in picchiata.<\/span><\/span><\/p>\n<p><span class=\"jCAhz JxVs2d\"><span class=\"ryNqvb\">La decisione di Intel \u00e8 in parte dovuta a una crescente perdita di fiducia nell&#8217;economia israeliana, anche tra i leader aziendali israeliani.<\/span><\/span> <span class=\"jCAhz JxVs2d\"><span class=\"ryNqvb\">Ma il ritiro di Intel non \u00e8 solo un effetto del declino economico di Israele, si prevede che causer\u00e0 un &#8220;duro colpo&#8221; all'&#8221;economia gi\u00e0 danneggiata&#8221; di Israele.<\/span><\/span><\/p>\n<p><span class=\"jCAhz JxVs2d\"><span class=\"ryNqvb\">Nel 2022, le esportazioni di Intel Israel costituivano l&#8217;1,75% dell&#8217;intero PIL di Israele.<\/span><\/span><span class=\"jCAhz JxVs2d\"><span class=\"ryNqvb\"> La campagna #BoycottIntel del movimento #BDS e dei suoi alleati negli Stati Uniti (tra cui i Portland Democratic Socialists of America) ha cercato di annullare questo massiccio investimento Intel, annunciato nel dicembre 2023, nel mezzo del genocidio in corso di Israele contro 2,3 milioni di palestinesi.<\/span><\/span><\/p>\n<p><span class=\"jCAhz JxVs2d\"><span class=\"ryNqvb\">La principale fabbrica israeliana di Intel a Kiryat Gat \u00e8 costruita sulle rovine di un villaggio palestinese etnicamente ripulito.<\/span><\/span><span class=\"jCAhz JxVs2d\"><span class=\"ryNqvb\"> L&#8217;investimento di Intel in Israele, una &#8220;zona di guerra&#8221;, \u00e8 chiaramente ideologico e irresponsabile.<\/span><\/span> <span class=\"jCAhz JxVs2d\"><span class=\"ryNqvb\">La sua fabbrica pianificata, a 16 miglia dalla Gaza occupata, affronterebbe rischi finanziari e di sicurezza eccezionalmente elevati.<\/span><\/span><\/p>\n<p><span class=\"jCAhz JxVs2d\"><span class=\"ryNqvb\">Questa parte del messaggio della campagna BDS, pi\u00f9 di ogni altra cosa, sembra aver irritato gli investitori Intel, secondo fonti interne di Intel.<\/span><\/span> <span class=\"jCAhz JxVs2d\"><span class=\"ryNqvb\">Ora Intel sta citando la &#8220;gestione responsabile del capitale&#8221; per spiegare la sua inversione di tendenza.<\/span><\/span><span class=\"jCAhz JxVs2d\"><span class=\"ryNqvb\"> Fonti dei media israeliani hanno riferito che diversi alti funzionari di Intel Israel si sono trasferiti in Ohio, come parte del programma statunitense per incoraggiare l&#8217;istituzione di fabbriche di chip nel paese.<\/span><\/span><\/p>\n<p>I<span class=\"jCAhz JxVs2d\"><span class=\"ryNqvb\">l movimento BDS aveva sottolineato l&#8217;ironia del fatto che Intel abbia portato via posti di lavoro dagli Stati Uniti all&#8217;Israele dell&#8217;apartheid.<\/span><\/span><span class=\"jCAhz JxVs2d\"><span class=\"ryNqvb\"> Dal 7 ottobre, oltre l&#8217;80% delle start-up israeliane ha subito danni, con oltre il 50% delle start-up rimaste con meno di 6 mesi di liquidit\u00e0.<\/span><\/span> <span class=\"jCAhz JxVs2d ChMk0b\"><span class=\"ryNqvb\">Il numero di &#8220;investitori informali&#8221; \u00e8 sceso del 75% nel 2023 e gli investimenti di capitale di crescita nelle aziende israeliane sono diminuiti del 32% anno su anno nel primo trimestre del 2024, secondo l&#8217;amministratore delegato della principale societ\u00e0 di investimenti finanziari aziendali di Israele.<\/span><\/span> <span class=\"jCAhz JxVs2d\"><span class=\"ryNqvb\">Ha concluso: &#8220;La cosa pi\u00f9 sionista che puoi fare in questo momento \u00e8 portare denaro in Israele da investitori stranieri&#8221;.<\/span><\/span><\/p>\n<p><span class=\"jCAhz JxVs2d ChMk0b\"><span class=\"ryNqvb\">L&#8217;alta tecnologia di Israele \u00e8 in gran parte collegata alla &#8220;conoscenza che proviene dalle unit\u00e0 tecnologiche militari&#8221;.<\/span><\/span> <span class=\"jCAhz JxVs2d ChMk0b\"><span class=\"ryNqvb\">L&#8217;Autorit\u00e0 per l&#8217;innovazione di Israele documenta due tendenze che affliggono le aziende tecnologiche: <\/span><\/span><\/p>\n<p><span class=\"jCAhz JxVs2d ChMk0b\"><span class=\"ryNqvb\">a.<\/span><\/span> <span class=\"jCAhz JxVs2d\"><span class=\"ryNqvb\">gravi problemi nel reperire fondi e <\/span><\/span><\/p>\n<p><span class=\"jCAhz JxVs2d\"><span class=\"ryNqvb\">b.<\/span><\/span> <span class=\"jCAhz JxVs2d ChMk0b\"><span class=\"ryNqvb\">assunzioni principalmente all&#8217;estero.<\/span><\/span><\/p>\n<p><span class=\"jCAhz JxVs2d ChMk0b\"><span class=\"ryNqvb\">Data la sua centralit\u00e0, i problemi del settore tecnologico significano problemi per l&#8217;intera economia di Israele.<\/span><\/span><span class=\"jCAhz JxVs2d ChMk0b\"><span class=\"ryNqvb\"> Uno studio legale pubblicato di recente dimostra che aziende come Intel rischiano di essere complici del genocidio di Israele anche continuando a fare affari come al solito e pagando le tasse a uno stato che la Corte internazionale di giustizia ha deciso possa plausibilmente commettere un genocidio, tra gli altri crimini internazionali.<\/span><\/span><\/p>\n<p><span class=\"jCAhz JxVs2d ChMk0b\"><span class=\"ryNqvb\">Con l&#8217;economia israeliana in declino, investire in essa non \u00e8 solo immorale e illegale.<\/span><\/span> <span class=\"jCAhz JxVs2d ChMk0b\"><span class=\"ryNqvb\">\u00c8 anche finanziariamente irresponsabile, come molte aziende stanno scoprendo a proprie spese.<\/span><\/span> <span class=\"jCAhz JxVs2d ChMk0b\"><span class=\"ryNqvb\">Nonostante l&#8217;impegno fanatico sionista del suo CEO a investire in Israele, persino Intel sta iniziando ad affrontare questa verit\u00e0.<\/span><\/span> <span class=\"jCAhz JxVs2d ChMk0b\"><span class=\"ryNqvb\">Tuttavia, rimane il pi\u00f9 grande investitore nell&#8217;economia di apartheid e genocidio di Israele, il che significa che la nostra campagna #BoycottIntel continuer\u00e0.<\/span><\/span><\/p>\n<p>&nbsp;<\/p>\n","protected":false},"excerpt":{"rendered":"<p>19 giugno 2024 \/ Palestinian BDS National Committee (BNC) | (bdsmovement.net) Intel rimane profondamente complice nell\u2019alimentare il bottino di guerra genocida di Israele, quindi intensifichiamo la nostra campagna #BoycottIntel per far s\u00ec che cessi questa complicit\u00e0. La pressione del BDS &hellip; <a href=\"https:\/\/reteitalianaism.it\/reteism\/index.php\/2024\/06\/21\/intel-sospende-linvestimento-da-25-miliardi-di-dollari-nelleconomia-israeliana-in-difficolta\/\">Continue reading <span class=\"meta-nav\">&rarr;<\/span><\/a><\/p>\n","protected":false},"author":6,"featured_media":0,"comment_status":"open","ping_status":"open","sticky":false,"template":"","format":"standard","meta":{"footnotes":""},"categories":[3],"tags":[76,768,253,693,767,16,179,314,299,337],"class_list":["post-20708","post","type-post","status-publish","format-standard","hentry","category-info","tag-bds","tag-bnc","tag-boicottaggio","tag-boycott-intel","tag-boycottintel","tag-campagna-bds","tag-genocidio","tag-movimento-bds","tag-solidarieta","tag-solidarieta-internazionale"],"_links":{"self":[{"href":"https:\/\/reteitalianaism.it\/reteism\/index.php\/wp-json\/wp\/v2\/posts\/20708","targetHints":{"allow":["GET"]}}],"collection":[{"href":"https:\/\/reteitalianaism.it\/reteism\/index.php\/wp-json\/wp\/v2\/posts"}],"about":[{"href":"https:\/\/reteitalianaism.it\/reteism\/index.php\/wp-json\/wp\/v2\/types\/post"}],"author":[{"embeddable":true,"href":"https:\/\/reteitalianaism.it\/reteism\/index.php\/wp-json\/wp\/v2\/users\/6"}],"replies":[{"embeddable":true,"href":"https:\/\/reteitalianaism.it\/reteism\/index.php\/wp-json\/wp\/v2\/comments?post=20708"}],"version-history":[{"count":1,"href":"https:\/\/reteitalianaism.it\/reteism\/index.php\/wp-json\/wp\/v2\/posts\/20708\/revisions"}],"predecessor-version":[{"id":20710,"href":"https:\/\/reteitalianaism.it\/reteism\/index.php\/wp-json\/wp\/v2\/posts\/20708\/revisions\/20710"}],"wp:attachment":[{"href":"https:\/\/reteitalianaism.it\/reteism\/index.php\/wp-json\/wp\/v2\/media?parent=20708"}],"wp:term":[{"taxonomy":"category","embeddable":true,"href":"https:\/\/reteitalianaism.it\/reteism\/index.php\/wp-json\/wp\/v2\/categories?post=20708"},{"taxonomy":"post_tag","embeddable":true,"href":"https:\/\/reteitalianaism.it\/reteism\/index.php\/wp-json\/wp\/v2\/tags?post=20708"}],"curies":[{"name":"wp","href":"https:\/\/api.w.org\/{rel}","templated":true}]}}