{"id":20720,"date":"2024-06-24T15:45:02","date_gmt":"2024-06-24T13:45:02","guid":{"rendered":"http:\/\/reteitalianaism.it\/reteism\/?p=20720"},"modified":"2024-06-27T19:45:10","modified_gmt":"2024-06-27T17:45:10","slug":"le-forze-israeliane-riarrestano-un-ex-prigioniero-malato-di-cancro-aggiornamento-sulla-cisgiordania","status":"publish","type":"post","link":"https:\/\/reteitalianaism.it\/reteism\/index.php\/2024\/06\/24\/le-forze-israeliane-riarrestano-un-ex-prigioniero-malato-di-cancro-aggiornamento-sulla-cisgiordania\/","title":{"rendered":"Le forze israeliane riarrestano un ex prigioniero malato di cancro \u2013 Aggiornamento sulla Cisgiordania"},"content":{"rendered":"<p style=\"text-align: justify;\"><a href=\"https:\/\/www.palestinechronicle.com\/israeli-forces-re-detain-cancer-stricken-former-prisoner-west-bank-update\/\">https:\/\/www.palestinechronicle.com\/<\/a><br \/>\n<strong>24 giugno 2024\u00a0<\/strong><\/p>\n<p style=\"text-align: justify;\">Mohammed Zayed Khdairat \u00e8 stato arrestato il 1\u00b0 giugno a seguito di un raid militare nella sua casa per presunto incitamento ai social media.<br \/>\nLe forze di occupazione israeliane hanno riarrestato alcuni prigionieri palestinesi, tra cui un detenuto malato di cancro che ha urgente bisogno di cure.<\/p>\n<div id=\"attachment_20721\" style=\"width: 509px\" class=\"wp-caption aligncenter\"><a href=\"http:\/\/reteitalianaism.it\/reteism\/wp-content\/uploads\/2024\/06\/Khdairat_Cancer_WAFA.png\"><img loading=\"lazy\" decoding=\"async\" aria-describedby=\"caption-attachment-20721\" class=\"wp-image-20721\" src=\"http:\/\/reteitalianaism.it\/reteism\/wp-content\/uploads\/2024\/06\/Khdairat_Cancer_WAFA-300x201.png\" alt=\"\" width=\"499\" height=\"334\" srcset=\"https:\/\/reteitalianaism.it\/reteism\/wp-content\/uploads\/2024\/06\/Khdairat_Cancer_WAFA-300x201.png 300w, https:\/\/reteitalianaism.it\/reteism\/wp-content\/uploads\/2024\/06\/Khdairat_Cancer_WAFA.png 678w\" sizes=\"auto, (max-width: 499px) 100vw, 499px\" \/><\/a><p id=\"caption-attachment-20721\" class=\"wp-caption-text\">Detenuto malato di cancro, Mohammad Zayed Khdairat. (Foto: tramite WAFA)<\/p><\/div>\n<p style=\"text-align: justify;\">Mohammed Zayed Khdairat \u00e8 stato nuovamente arrestato domenica, il giorno del suo rilascio programmato, nonostante la decisione di un tribunale israeliano secondo cui avrebbe potuto essere liberato dopo aver pagato una multa, hanno detto le organizzazioni dei prigionieri palestinesi, secondo l&#8217;agenzia di stampa ufficiale palestinese WAFA.<\/p>\n<p style=\"text-align: justify;\">In una dichiarazione congiunta, la Commissione per gli affari dei detenuti e degli ex detenuti e la Societ\u00e0 dei prigionieri palestinesi (PPS) hanno affermato che la famiglia di Khdairat \u00e8 andata a prenderlo il giorno del suo rilascio ed \u00e8 rimasta sorpresa dall&#8217;ordine arbitrario di nuova detenzione, senza accusa o processo, fino al 30 novembre.<!--more--><\/p>\n<p style=\"text-align: justify;\">Le organizzazioni hanno criticato l&#8217;ordinanza di detenzione amministrativa nei confronti del detenuto \u201ccome un crimine finalizzato alla sua uccisione lenta e sistematica; proprio come ha fatto l\u2019occupazione israeliana con molti altri detenuti malati sotto la sua custodia.<\/p>\n<p style=\"text-align: justify;\">Khdairat soffre di linfoma fin dall&#8217;infanzia. Dopo un programma di remissione e trattamento a lungo termine, al detenuto \u00e8 stato nuovamente diagnosticato un cancro un anno fa e ha ancora urgente bisogno di completare il trattamento, ha riferito WAFA.<\/p>\n<p style=\"text-align: justify;\"><strong>Trattamento negato<\/strong><br \/>\nAvrebbe dovuto ricevere altre 12 dosi di cure, secondo un protocollo prescritto dall&#8217;ospedale An-Najah di Jenin, dove era in cura prima della sua detenzione.<\/p>\n<p style=\"text-align: justify;\">Khdairat \u00e8 stato arrestato il 1\u00b0 giugno a seguito di un raid militare nella sua casa per presunto incitamento ai social media, ha affermato WAFA. La dichiarazione critica il pretesto di incitamento utilizzato dall\u2019occupazione contro i palestinesi come un\u2019altra faccia della detenzione amministrativa.<\/p>\n<p style=\"text-align: justify;\">Khdairat non ha ricevuto alcuna cura dal momento della sua detenzione; n\u00e9 gli \u00e8 stato permesso di assumere i farmaci necessari prescritti.<\/p>\n<p><a href=\"https:\/\/www.palestinechronicle.com\/brutal-and-retaliatory-israel-re-arrests-palestinian-legislative-council-chairman\/\">https:\/\/www.palestinechronicle.com\/brutal-and-retaliatory-israel-re-arrests-palestinian-legislative-council-chairman\/<\/a><\/p>\n<p style=\"text-align: justify;\">Gioved\u00ec scorso, il detenuto ha implorato suo padre, tramite una chiamata Zoom, dicendo: \u201cPap\u00e0, sto morendo\u201d.<\/p>\n<p style=\"text-align: justify;\">Le organizzazioni dei prigionieri affermano che la politica di negligenza medica contro i detenuti palestinesi \u00e8 notevolmente aumentata dall&#8217;ottobre dello scorso anno, diventando un fattore chiave nella morte di molti detenuti, insieme al crimine di tortura e maltrattamenti.<\/p>\n<p style=\"text-align: justify;\">Secondo la dichiarazione, ci sono almeno 30 detenuti in detenzione israeliana che sono malati di cancro.<\/p>\n<p style=\"text-align: justify;\"><strong>Vicepresidente nuovamente detenuto<\/strong><br \/>\nLe forze israeliane hanno arrestato nuovamente il deputato del Consiglio legislativo palestinese, dottor Azzam Salhab, dalla sua casa nell&#8217;area occupata di Hebron (Al-Khalil) solo due settimane dopo il suo rilascio.<\/p>\n<p style=\"text-align: justify;\">La settimana scorsa, le forze israeliane hanno arrestato nuovamente il dottor Aziz Dweik, presidente del Consiglio legislativo palestinese, pochi giorni dopo il suo rilascio.<\/p>\n<blockquote class=\"twitter-tweet\" data-width=\"550\" data-dnt=\"true\">\n<p lang=\"en\" dir=\"ltr\">Israeli forces re-arrested Sheikh Dr. Azzam Salhab from the city of Al Khalil (Hebron), only two weeks after his release. <\/p>\n<p>Sheikh Dr. Azzam Salhab is an elected MP who had a drastic change in his appearance after he was detained on October 12 of last year. <a href=\"https:\/\/t.co\/w1bsBN54sS\">pic.twitter.com\/w1bsBN54sS<\/a><\/p>\n<p>&mdash; The Palestine Chronicle (@PalestineChron) <a href=\"https:\/\/twitter.com\/PalestineChron\/status\/1805155320571756786?ref_src=twsrc%5Etfw\">June 24, 2024<\/a><\/p><\/blockquote>\n<p><script async src=\"https:\/\/platform.twitter.com\/widgets.js\" charset=\"utf-8\"><\/script><\/p>\n<p style=\"text-align: justify;\">\nIl dottor Dweik, 75 anni, \u00e8 stato rilasciato gioved\u00ec scorso dopo otto mesi di detenzione amministrativa. E&#8217; tornato dalla sua famiglia in condizioni miserabili, avendo perso molto peso e apparendo magro, con una lunga barba e capelli bianchi. \u00c8 stato rilasciato gioved\u00ec sera.<\/p>\n<p style=\"text-align: justify;\"><strong>Colpito e ferito<\/strong><br \/>\nLuned\u00ec mattina, un uomo palestinese \u00e8 stato colpito e ferito dalle forze di occupazione israeliane a ovest della citt\u00e0 di Zeita, a nord di Tulkarem, ha riferito WAFA. Le forze di occupazione hanno sparato proiettili pesanti nei pressi del Muro dell&#8217;Apartheid, a ovest di Zeita, provocando la morte del giovane. Anche veicoli militari israeliani hanno preso d&#8217;assalto la citt\u00e0 e si sono fermati nel quartiere occidentale.<\/p>\n<p style=\"text-align: justify;\">Altrove, un ragazzo palestinese di 13 anni \u00e8 stato ferito da proiettili israeliani nella citt\u00e0 di Arraba, a sud di Jenin, nella Cisgiordania occupata, domenica, a seguito di un raid delle forze di occupazione, ha riferito WAFA.<\/p>\n<blockquote class=\"twitter-tweet\" data-width=\"550\" data-dnt=\"true\">\n<p lang=\"en\" dir=\"ltr\">West Bank |  More than 40 Palestinians were held under administrative detention after the lsraeli occupation forces launched a massive arrest campaign in the town of Silwad, Northeast of Ramallah. <a href=\"https:\/\/t.co\/TJwYwk47Pa\">pic.twitter.com\/TJwYwk47Pa<\/a><\/p>\n<p>&mdash; TIMES OF GAZA (@Timesofgaza) <a href=\"https:\/\/twitter.com\/Timesofgaza\/status\/1805072304658907392?ref_src=twsrc%5Etfw\">June 24, 2024<\/a><\/p><\/blockquote>\n<p><script async src=\"https:\/\/platform.twitter.com\/widgets.js\" charset=\"utf-8\"><\/script><\/p>\n<p style=\"text-align: justify;\">\n<strong>Arresti di massa<\/strong><br \/>\nLuned\u00ec, secondo WAFA, le forze di occupazione israeliane hanno lanciato una massiccia campagna di detenzione durante i raid nelle citt\u00e0 di Silwad, a est di Ramallah, e Kafr Nimah, a ovest, in Cisgiordania, e hanno arrestato almeno 59 palestinesi.<\/p>\n<p style=\"text-align: justify;\">Testimoni hanno riferito che le forze israeliane hanno preso d\u2019assalto la citt\u00e0 di Silwad, a est, e hanno arrestato 29 cittadini durante un raid e una perquisizione nelle case delle loro famiglie.<\/p>\n<p style=\"text-align: justify;\">Il rapporto afferma che le truppe hanno arrestato dozzine di giovani e li hanno interrogati prima di essere rilasciati.<\/p>\n<p style=\"text-align: justify;\">Le forze di occupazione hanno anche preso d\u2019assalto Kafr Ni\u2019ma a ovest e hanno arrestato pi\u00f9 di 30 palestinesi.<\/p>\n<p style=\"text-align: justify;\"><strong>Case demolite<\/strong><br \/>\nLuned\u00ec mattina le forze di occupazione israeliane hanno preso d&#8217;assalto la citt\u00e0 beduina di Bir Hadaj nel deserto del Negev e hanno demolito le case palestinesi nella zona, ha riferito WAFA.<\/p>\n<p><a href=\"https:\/\/twitter.com\/Kuffiyateam\/status\/1804967452066869503?ref_src=twsrc%5Etfw%7Ctwcamp%5Etweetembed%7Ctwterm%5E1804967452066869503%7Ctwgr%5Ee093c87b7ed6e7bdc804758b4570cb2466790c18%7Ctwcon%5Es1_c10&#038;ref_url=https%3A%2F%2Fwww.palestinechronicle.com%2Fisraeli-forces-re-detain-cancer-stricken-former-prisoner-west-bank-update%2F\">https:\/\/twitter.com\/Kuffiyateam\/status\/1804967452066869503?ref_src=twsrc%5Etfw%7Ctwcamp%5Etweetembed%7Ctwterm%5E1804967452066869503%7Ctwgr%5Ee093c87b7ed6e7bdc804758b4570cb2466790c18%7Ctwcon%5Es1_c10&amp;ref_url=https%3A%2F%2Fwww.palestinechronicle.com%2Fisraeli-forces-re-detain-cancer-stricken-former-prisoner-west-bank-update%2F<\/a><\/p>\n<p style=\"text-align: justify;\">\n<strong>Attacchi dei coloni<\/strong><br \/>\nLuned\u00ec coloni ebrei illegali, sotto la protezione delle forze israeliane, hanno aggredito brutalmente un uomo anziano a Masafer Yatta, a sud di Hebron.<\/p>\n<p style=\"text-align: justify;\">Ahmed Barghouti al-Shawaheen \u00e8 stato aggredito mentre stava pascolando il suo bestiame a Wadi al-Juwaiya a Masafer Yatta.<\/p>\n<p style=\"text-align: justify;\">Al-Shawaheen \u00e8 stato portato d&#8217;urgenza all&#8217;ospedale Yatta con diverse ferite.<\/p>\n<p style=\"text-align: justify;\">I coloni della colonia illegale di Bani Hefer hanno anche aggredito un giovane nel villaggio di Al-Buwaib, a est di Yatta.<\/p>\n<p style=\"text-align: justify;\">Altrove, i coloni hanno inseguito i pastori palestinesi a Khallet al-Adra e hanno impedito loro di far pascolare il bestiame nelle loro terre.<\/p>\n<p><a href=\"https:\/\/www.palestinechronicle.com\/israel-uses-official-practices-settler-violence-to-drive-palestinian-pastoral-communities-off-land-btselem\/\">https:\/\/www.palestinechronicle.com\/israel-uses-official-practices-settler-violence-to-drive-palestinian-pastoral-communities-off-land-btselem\/<\/a><\/p>\n<p style=\"text-align: justify;\"><strong>Accesso limitato alla terra<\/strong><br \/>\nDomenica, i coloni hanno attaccato i contadini palestinesi mentre si prendevano cura della loro terra situata nel mezzo della colonia di Betar Illit. L&#8217;avamposto \u00e8 stato stabilito illegalmente su terre palestinesi nel villaggio di Husan, a ovest di Betlemme, ha riferito WAFA.<\/p>\n<p style=\"text-align: justify;\">Uno degli agricoltori, Mashhour Hamamreh, ha affermato che l\u2019occupazione ha concesso a un numero limitato di agricoltori l\u2019accesso alle loro terre dopo un divieto di ingresso durato pi\u00f9 di otto mesi.<\/p>\n<p style=\"text-align: justify;\">Il contadino ha detto di essere stato sorpreso da pi\u00f9 di 20 coloni, inclusi alcuni armati quando hanno raggiunto la terra. I coloni hanno attaccato i contadini e li hanno colpiti con pietre al loro arrivo.<\/p>\n<p style=\"text-align: justify;\"><strong>Citt\u00e0 presa d&#8217;assalto<\/strong><br \/>\nLuned\u00ec un gruppo di coloni ha preso d&#8217;assalto anche il sito archeologico di Sebastia, a nord della citt\u00e0 di Nablus, ha riferito WAFA.<\/p>\n<p style=\"text-align: justify;\">Il sindaco di Sebastia, Mohammad Azzem, ha detto che decine di coloni hanno preso d&#8217;assalto il sito archeologico della citt\u00e0, sotto la pesante protezione dell&#8217;esercito israeliano.<\/p>\n<p style=\"text-align: justify;\">Situata 11 chilometri a nord-ovest di Nablus, Sebastia \u00e8 una piccola citt\u00e0 storica situata su una collina con vista panoramica sulla Cisgiordania e ha una popolazione di circa 3.000 palestinesi.<\/p>\n<p><a href=\"https:\/\/www.palestinechronicle.com\/everything-is-on-the-table-smotrich-says-annexation-plan-for-west-bank-is-not-secret\/\">https:\/\/www.palestinechronicle.com\/everything-is-on-the-table-smotrich-says-annexation-plan-for-west-bank-is-not-secret\/<\/a><\/p>\n<p style=\"text-align: justify;\">Azzem ha detto che la citt\u00e0 e il suo sito archeologico sono stati presi di mira dall&#8217;esercito di occupazione e dai coloni in un apparente preludio alla presa del territorio, secondo WAFA.<\/p>\n<p style=\"text-align: justify;\">Luned\u00ec le autorit\u00e0 israeliane hanno chiuso tutte le strade che portano ai villaggi e alle citt\u00e0 di Gerusalemme Est occupata, in particolare le aree di Hizma, Anata, Jaba e Al-Ram.<\/p>\n<p style=\"text-align: justify;\">L&#8217;improvvisa chiusura delle strade ha causato ingorghi in diverse parti di queste citt\u00e0, nonch\u00e9 agli ingressi e ai posti di blocco che portano alla citt\u00e0 di Gerusalemme, ha riferito WAFA.<\/p>\n","protected":false},"excerpt":{"rendered":"<p>https:\/\/www.palestinechronicle.com\/ 24 giugno 2024\u00a0 Mohammed Zayed Khdairat \u00e8 stato arrestato il 1\u00b0 giugno a seguito di un raid militare nella sua casa per presunto incitamento ai social media. Le forze di occupazione israeliane hanno riarrestato alcuni prigionieri palestinesi, tra cui &hellip; <a href=\"https:\/\/reteitalianaism.it\/reteism\/index.php\/2024\/06\/24\/le-forze-israeliane-riarrestano-un-ex-prigioniero-malato-di-cancro-aggiornamento-sulla-cisgiordania\/\">Continue reading <span class=\"meta-nav\">&rarr;<\/span><\/a><\/p>\n","protected":false},"author":2,"featured_media":0,"comment_status":"open","ping_status":"open","sticky":false,"template":"","format":"standard","meta":{"footnotes":""},"categories":[3,67],"tags":[70,22,23,155],"class_list":["post-20720","post","type-post","status-publish","format-standard","hentry","category-info","category-prigionieri","tag-detenzione-amministrativa","tag-diritti-prigionieri","tag-diritti-umani","tag-west-bank-occupata"],"_links":{"self":[{"href":"https:\/\/reteitalianaism.it\/reteism\/index.php\/wp-json\/wp\/v2\/posts\/20720","targetHints":{"allow":["GET"]}}],"collection":[{"href":"https:\/\/reteitalianaism.it\/reteism\/index.php\/wp-json\/wp\/v2\/posts"}],"about":[{"href":"https:\/\/reteitalianaism.it\/reteism\/index.php\/wp-json\/wp\/v2\/types\/post"}],"author":[{"embeddable":true,"href":"https:\/\/reteitalianaism.it\/reteism\/index.php\/wp-json\/wp\/v2\/users\/2"}],"replies":[{"embeddable":true,"href":"https:\/\/reteitalianaism.it\/reteism\/index.php\/wp-json\/wp\/v2\/comments?post=20720"}],"version-history":[{"count":1,"href":"https:\/\/reteitalianaism.it\/reteism\/index.php\/wp-json\/wp\/v2\/posts\/20720\/revisions"}],"predecessor-version":[{"id":20722,"href":"https:\/\/reteitalianaism.it\/reteism\/index.php\/wp-json\/wp\/v2\/posts\/20720\/revisions\/20722"}],"wp:attachment":[{"href":"https:\/\/reteitalianaism.it\/reteism\/index.php\/wp-json\/wp\/v2\/media?parent=20720"}],"wp:term":[{"taxonomy":"category","embeddable":true,"href":"https:\/\/reteitalianaism.it\/reteism\/index.php\/wp-json\/wp\/v2\/categories?post=20720"},{"taxonomy":"post_tag","embeddable":true,"href":"https:\/\/reteitalianaism.it\/reteism\/index.php\/wp-json\/wp\/v2\/tags?post=20720"}],"curies":[{"name":"wp","href":"https:\/\/api.w.org\/{rel}","templated":true}]}}