{"id":20840,"date":"2024-07-11T08:53:45","date_gmt":"2024-07-11T06:53:45","guid":{"rendered":"http:\/\/reteitalianaism.it\/reteism\/?p=20840"},"modified":"2024-07-11T08:53:55","modified_gmt":"2024-07-11T06:53:55","slug":"la-censura-continua-meta-limita-luso-di-unaltra-parola","status":"publish","type":"post","link":"https:\/\/reteitalianaism.it\/reteism\/index.php\/2024\/07\/11\/la-censura-continua-meta-limita-luso-di-unaltra-parola\/","title":{"rendered":"La censura continua \u2013 Meta limita l\u2019uso di un\u2019altra parola"},"content":{"rendered":"<p>10 luglio 2024 &#8211; <a href=\"https:\/\/www.palestinechronicle.com\/writers\/palestine-chronicle-staff\/\">Palestine Chronicle\u00a0<\/a><\/p>\n<p><a href=\"https:\/\/www.palestinechronicle.com\/censorship-continues-meta-restricts-use-of-another-word\/\">Censorship Continues &#8211; Meta Restricts Use of Another Word &#8211; Palestine Chronicle<\/a><\/p>\n<div id=\"attachment_20841\" style=\"width: 462px\" class=\"wp-caption aligncenter\"><a href=\"http:\/\/reteitalianaism.it\/reteism\/wp-content\/uploads\/2024\/07\/Censorship-FB-678x455-1.png\"><img loading=\"lazy\" decoding=\"async\" aria-describedby=\"caption-attachment-20841\" class=\" wp-image-20841\" src=\"http:\/\/reteitalianaism.it\/reteism\/wp-content\/uploads\/2024\/07\/Censorship-FB-678x455-1-300x201.png\" alt=\"\" width=\"452\" height=\"303\" srcset=\"https:\/\/reteitalianaism.it\/reteism\/wp-content\/uploads\/2024\/07\/Censorship-FB-678x455-1-300x201.png 300w, https:\/\/reteitalianaism.it\/reteism\/wp-content\/uploads\/2024\/07\/Censorship-FB-678x455-1.png 678w\" sizes=\"auto, (max-width: 452px) 100vw, 452px\" \/><\/a><p id=\"caption-attachment-20841\" class=\"wp-caption-text\">Una campagna contro la censura di Facebook sui contenuti pro-Palestina. (Foto: Archivio)<\/p><\/div>\n<p><em>Meta ha annunciato marted\u00ec che limiter\u00e0 l&#8217;uso del termine &#8220;sionisti&#8221; quando si riferisce agli israeliani.<\/em><\/p>\n<p><span class=\"jCAhz JxVs2d ChMk0b\"><span class=\"ryNqvb\">L&#8217;azienda ha dichiarato in un post del blog che prender\u00e0 di mira specificamente i contenuti che attaccano i &#8220;sionisti&#8221; quando non riguardano chiaramente il movimento politico.<\/span><\/span><span class=\"jCAhz JxVs2d ChMk0b\"><span class=\"ryNqvb\"> La parola &#8220;sionista&#8221;, secondo Meta, &#8220;ha strati di significato basati sulle sue origini e sul suo utilizzo odierno, e pu\u00f2 anche dipendere molto dal contesto&#8221;.<\/span><\/span><span class=\"jCAhz JxVs2d ChMk0b\"><span class=\"ryNqvb\"> Il post spiega che, secondo Meta, in base alla loro &#8220;ricerca, impegno e indagine sulla piattaforma&#8221;, il termine \u00e8 utilizzato come &#8220;un termine proxy per gli ebrei e gli israeliani in relazione a certi tipi di attacchi d&#8217;odio&#8221;.<\/span><\/span><!--more--><\/p>\n<div id=\"attachment_20842\" style=\"width: 430px\" class=\"wp-caption aligncenter\"><a href=\"http:\/\/reteitalianaism.it\/reteism\/wp-content\/uploads\/2024\/07\/2.png\"><img loading=\"lazy\" decoding=\"async\" aria-describedby=\"caption-attachment-20842\" class=\" wp-image-20842\" src=\"http:\/\/reteitalianaism.it\/reteism\/wp-content\/uploads\/2024\/07\/2-300x145.png\" alt=\"\" width=\"420\" height=\"203\" srcset=\"https:\/\/reteitalianaism.it\/reteism\/wp-content\/uploads\/2024\/07\/2-300x145.png 300w, https:\/\/reteitalianaism.it\/reteism\/wp-content\/uploads\/2024\/07\/2.png 719w\" sizes=\"auto, (max-width: 420px) 100vw, 420px\" \/><\/a><p id=\"caption-attachment-20842\" class=\"wp-caption-text\">dal sito www.palestinechronicle.com<\/p><\/div>\n<p><span class=\"jCAhz JxVs2d ChMk0b\"><span class=\"ryNqvb\">Il quotidiano britannico The Guardian ha citato il sostenitore dei diritti digitali e imprenditore sociale Nadim Nashif, il quale ha affermato che &#8220;Lo shadow-banning \u00e8 solo uno dei tanti modi in cui abbiamo visto contenuti palestinesi messi a tacere e censurati nell&#8217;ultima settimana&#8221;.<\/span><\/span><span class=\"jCAhz JxVs2d ChMk0b\"><span class=\"ryNqvb\"> Gli utenti di Instagram hanno accusato la piattaforma di censurare i post che supportano la Palestina, sollevando ulteriori preoccupazioni sulla moderazione dei contenuti.<\/span><\/span><span class=\"jCAhz JxVs2d ChMk0b\"><span class=\"ryNqvb\"> L&#8217;aggiornamento della politica arriva presumibilmente dopo consultazioni con 145 stakeholder della societ\u00e0 civile e del mondo accademico in tutto il mondo e nel mezzo del genocidio israeliano a Gaza.<\/span><\/span><span class=\"jCAhz JxVs2d ChMk0b\"><span class=\"ryNqvb\"> Il gigante dei social media ha dovuto affrontare critiche di lunga data per la sua gestione dei contenuti relativi alla Palestina.<\/span><\/span><\/p>\n<div id=\"attachment_20843\" style=\"width: 467px\" class=\"wp-caption aligncenter\"><a href=\"http:\/\/reteitalianaism.it\/reteism\/wp-content\/uploads\/2024\/07\/3.png\"><img loading=\"lazy\" decoding=\"async\" aria-describedby=\"caption-attachment-20843\" class=\" wp-image-20843\" src=\"http:\/\/reteitalianaism.it\/reteism\/wp-content\/uploads\/2024\/07\/3-300x128.png\" alt=\"\" width=\"457\" height=\"195\" srcset=\"https:\/\/reteitalianaism.it\/reteism\/wp-content\/uploads\/2024\/07\/3-300x128.png 300w, https:\/\/reteitalianaism.it\/reteism\/wp-content\/uploads\/2024\/07\/3.png 729w\" sizes=\"auto, (max-width: 457px) 100vw, 457px\" \/><\/a><p id=\"caption-attachment-20843\" class=\"wp-caption-text\">dal sito www.palestinechronicle.com<\/p><\/div>\n<p><span class=\"jCAhz JxVs2d ChMk0b\"><span class=\"ryNqvb\">Queste critiche si sono intensificate dall&#8217;inizio della guerra, con gruppi per i diritti umani che accusano Meta di sopprimere contenuti pro-palestinesi su Facebook e Instagram.<\/span><\/span><span class=\"jCAhz JxVs2d ChMk0b\"><span class=\"ryNqvb\"> &#8220;Le politiche e i sistemi di moderazione dei contenuti di Meta hanno sempre pi\u00f9 messo a tacere le voci a sostegno della Palestina su Instagram e Facebook sulla scia delle ostilit\u00e0 tra le forze israeliane e i gruppi armati palestinesi&#8221;, ha affermato Human Rights Watch in un rapporto lo scorso dicembre.<\/span><\/span><span class=\"jCAhz JxVs2d ChMk0b\"><span class=\"ryNqvb\"> &#8220;Human Rights Watch ha identificato sei modelli chiave di censura, ciascuno ricorrente in almeno 100 casi&#8221;, ha aggiunto il rapporto, elencandoli come &#8220;rimozione di contenuti, sospensione o eliminazione di account, incapacit\u00e0 di interagire con i contenuti, incapacit\u00e0 di seguire o taggare account, restrizioni all&#8217;uso di funzionalit\u00e0 come Instagram\/Facebook Live e &#8216;shadow banning&#8217;, un termine che denota una significativa diminuzione della visibilit\u00e0 dei post, delle storie o dell&#8217;account di un individuo senza notifica&#8221;.<\/span><\/span><\/p>\n","protected":false},"excerpt":{"rendered":"<p>10 luglio 2024 &#8211; Palestine Chronicle\u00a0 Censorship Continues &#8211; Meta Restricts Use of Another Word &#8211; Palestine Chronicle Meta ha annunciato marted\u00ec che limiter\u00e0 l&#8217;uso del termine &#8220;sionisti&#8221; quando si riferisce agli israeliani. L&#8217;azienda ha dichiarato in un post del &hellip; <a href=\"https:\/\/reteitalianaism.it\/reteism\/index.php\/2024\/07\/11\/la-censura-continua-meta-limita-luso-di-unaltra-parola\/\">Continue reading <span class=\"meta-nav\">&rarr;<\/span><\/a><\/p>\n","protected":false},"author":6,"featured_media":0,"comment_status":"open","ping_status":"open","sticky":false,"template":"","format":"standard","meta":{"footnotes":""},"categories":[3],"tags":[9,18,179,210],"class_list":["post-20840","post","type-post","status-publish","format-standard","hentry","category-info","tag-apartheid","tag-censura","tag-genocidio","tag-palestina"],"_links":{"self":[{"href":"https:\/\/reteitalianaism.it\/reteism\/index.php\/wp-json\/wp\/v2\/posts\/20840","targetHints":{"allow":["GET"]}}],"collection":[{"href":"https:\/\/reteitalianaism.it\/reteism\/index.php\/wp-json\/wp\/v2\/posts"}],"about":[{"href":"https:\/\/reteitalianaism.it\/reteism\/index.php\/wp-json\/wp\/v2\/types\/post"}],"author":[{"embeddable":true,"href":"https:\/\/reteitalianaism.it\/reteism\/index.php\/wp-json\/wp\/v2\/users\/6"}],"replies":[{"embeddable":true,"href":"https:\/\/reteitalianaism.it\/reteism\/index.php\/wp-json\/wp\/v2\/comments?post=20840"}],"version-history":[{"count":1,"href":"https:\/\/reteitalianaism.it\/reteism\/index.php\/wp-json\/wp\/v2\/posts\/20840\/revisions"}],"predecessor-version":[{"id":20844,"href":"https:\/\/reteitalianaism.it\/reteism\/index.php\/wp-json\/wp\/v2\/posts\/20840\/revisions\/20844"}],"wp:attachment":[{"href":"https:\/\/reteitalianaism.it\/reteism\/index.php\/wp-json\/wp\/v2\/media?parent=20840"}],"wp:term":[{"taxonomy":"category","embeddable":true,"href":"https:\/\/reteitalianaism.it\/reteism\/index.php\/wp-json\/wp\/v2\/categories?post=20840"},{"taxonomy":"post_tag","embeddable":true,"href":"https:\/\/reteitalianaism.it\/reteism\/index.php\/wp-json\/wp\/v2\/tags?post=20840"}],"curies":[{"name":"wp","href":"https:\/\/api.w.org\/{rel}","templated":true}]}}