{"id":20923,"date":"2024-07-27T22:46:23","date_gmt":"2024-07-27T20:46:23","guid":{"rendered":"http:\/\/reteitalianaism.it\/reteism\/?p=20923"},"modified":"2024-07-27T22:46:23","modified_gmt":"2024-07-27T20:46:23","slug":"celebrare-la-resilienza-il-festival-degli-aquiloni-di-burin","status":"publish","type":"post","link":"https:\/\/reteitalianaism.it\/reteism\/index.php\/2024\/07\/27\/celebrare-la-resilienza-il-festival-degli-aquiloni-di-burin\/","title":{"rendered":"Celebrare la resilienza: il festival degli aquiloni di Burin"},"content":{"rendered":"<p><a href=\"https:\/\/palsolidarity.org\/2024\/07\/celebrating-resilience-the-burin-kite-festival\/\">https:\/\/palsolidarity.org\/<\/a><br \/>\n<strong>\u00a025 luglio 2024<\/strong><\/p>\n<p style=\"text-align: justify;\">19 giugno \u2013 Una volta all&#8217;anno, i cieli di Burin si animano con uno smagliante spettacolo di colori e resilienza. Il festival degli aquiloni, organizzato da residenti e attivisti, riunisce la comunit\u00e0 in una gioiosa celebrazione di resistenza e gioia incrollabile. Sullo sfondo dell&#8217;occupazione, questo festival \u00e8 diventato un potente simbolo delle lotte quotidiane e dello spirito incrollabile della gente di Burin.<\/p>\n<div id=\"attachment_20924\" style=\"width: 508px\" class=\"wp-caption aligncenter\"><a href=\"http:\/\/reteitalianaism.it\/reteism\/wp-content\/uploads\/2024\/07\/IMG_0937-1536x1024-1.jpg\"><img loading=\"lazy\" decoding=\"async\" aria-describedby=\"caption-attachment-20924\" class=\"wp-image-20924\" src=\"http:\/\/reteitalianaism.it\/reteism\/wp-content\/uploads\/2024\/07\/IMG_0937-1536x1024-1-300x200.jpg\" alt=\"\" width=\"498\" height=\"332\" srcset=\"https:\/\/reteitalianaism.it\/reteism\/wp-content\/uploads\/2024\/07\/IMG_0937-1536x1024-1-300x200.jpg 300w, https:\/\/reteitalianaism.it\/reteism\/wp-content\/uploads\/2024\/07\/IMG_0937-1536x1024-1-1024x683.jpg 1024w, https:\/\/reteitalianaism.it\/reteism\/wp-content\/uploads\/2024\/07\/IMG_0937-1536x1024-1-768x512.jpg 768w, https:\/\/reteitalianaism.it\/reteism\/wp-content\/uploads\/2024\/07\/IMG_0937-1536x1024-1.jpg 1536w\" sizes=\"auto, (max-width: 498px) 100vw, 498px\" \/><\/a><p id=\"caption-attachment-20924\" class=\"wp-caption-text\">Aquiloni che volano sopra Burin.<\/p><\/div>\n<p style=\"text-align: justify;\">Dal 2008, il villaggio di Burin ospita il festival degli aquiloni quasi ogni anno. Questo piccolo villaggio, incastonato tra le dolci colline della Cisgiordania settentrionale, ospita quasi tremila residenti che hanno amato questa terra per secoli. Circondati da tre insediamenti israeliani illegali e oppressivi, gli abitanti di Burin affrontano sfide e aggressioni costanti, ma rimangono saldi nel loro legame con la loro casa e con i bambini di questa citt\u00e0.<!--more--><\/p>\n<p style=\"text-align: justify;\">Sono sfidati a trovare sorrisi e felicit\u00e0 contro la brutalit\u00e0 dell&#8217;occupazione, ma con gelato, giocattoli e il dono della canzone sono trionfanti. Questa affermazione pu\u00f2 sembrare esagerata ad alcuni, ma per la gente di Burin riflette la loro dura realt\u00e0. Le Forze di occupazione israeliane (IOF) invadono regolarmente il villaggio, saccheggiando case, arrestando residenti senza accuse e instillando paura tra le famiglie. Anche i coloni delle colline circostanti rappresentano una minaccia costante, attaccando gli abitanti del villaggio, bruciando ulivi e sconvolgendo la vita quotidiana. Le strade sono spesso bloccate arbitrariamente nel tentativo di torturare psicologicamente questa citt\u00e0.<\/p>\n<div style=\"width: 640px;\" class=\"wp-video\"><!--[if lt IE 9]><script>document.createElement('video');<\/script><![endif]-->\n<video class=\"wp-video-shortcode\" id=\"video-20923-1\" width=\"640\" height=\"360\" preload=\"metadata\" controls=\"controls\"><source type=\"video\/mp4\" src=\"http:\/\/reteitalianaism.it\/reteism\/wp-content\/uploads\/2024\/07\/burin-kyte.mp4?_=1\" \/><a href=\"http:\/\/reteitalianaism.it\/reteism\/wp-content\/uploads\/2024\/07\/burin-kyte.mp4\">http:\/\/reteitalianaism.it\/reteism\/wp-content\/uploads\/2024\/07\/burin-kyte.mp4<\/a><\/video><\/div>\n<p style=\"text-align: justify;\">Di fronte a tali avversit\u00e0, il Festival degli aquiloni \u00e8 un faro di speranza e meraviglia. Bambini e famiglie si riuniscono sul terreno che i loro antenati hanno coltivato per generazioni, facendo volare aquiloni che simboleggiano libert\u00e0 e sfida. La vista degli aquiloni che si librano in alto sopra gli insediamenti e oltre il filo spinato \u00e8 un potente promemoria che Burin rimane resiliente e intatto.<\/p>\n<p style=\"text-align: justify;\">Il festival \u00e8 organizzato dal Bureen Club e da Ghassan Najjar, un residente che si rifiuta di rinunciare alla sua terra o al suo popolo. Mentre il festival celebra il suo 16\u00b0 anno, i residenti riflettono sul suo significato: &#8220;Mentre israeliani e coloni cercano di impedirci di andare nelle nostre terre e le rubano, \u00e8 bello vedere volontari da tutto il mondo che vengono ogni volta per darci la loro solidariet\u00e0 con noi palestinesi che stiamo lottando contro questa occupazione e per riflettere l&#8217;immagine dei palestinesi che siamo un popolo accogliente e che amiamo anche la vita&#8221;, ha affermato Ammar, un ingegnere e residente di Burin<\/p>\n<p style=\"text-align: justify;\">La semplicit\u00e0 del festival smentisce il suo profondo impatto. Ogni aquilone, adornato con la bandiera palestinese, utilizzando plastica riciclata o semplicemente giallo come il sole, invia un messaggio chiaro agli occupanti: questa terra \u00e8 palestinese e lo spirito del suo popolo non si estinguer\u00e0. Nonostante le minacce e le intimidazioni delle IOF, Ghassan e i suoi colleghi organizzatori rimangono ribelli. Non c&#8217;\u00e8 intimidazione nella bellezza e nel sogno degli aquiloni, tuttavia, l&#8217;assurdit\u00e0 dei tentativi dell&#8217;occupazione di reprimere anche gli atti di gioia pi\u00f9 innocenti \u00e8 sempre presente.<\/p>\n<p style=\"text-align: justify;\">Quest&#8217;anno, il festival funge anche da dimostrazione di solidariet\u00e0 per i bambini di Gaza e da memoriale per 3 bambini assassinati dalle IOF:<br \/>\nMuataz Eid (12) &#8211; 22\/11\/2023<br \/>\nAmer Najjar (9) &#8211; 5\/3\/2024<br \/>\nMohammed Eid (19) &#8211; 6\/3\/2024<\/p>\n<p style=\"text-align: justify;\">Membri della loro comunit\u00e0 e famiglia erano presenti mentre l&#8217;intero festival chiedeva anche l&#8217;unit\u00e0 palestinese. In coordinamento con i resilienti di tutto il mondo, gli aquiloni saranno fatti volare simultaneamente in una dimostrazione di solidariet\u00e0. Bambini e famiglie da tutta la Cisgiordania si uniranno al festival, facendo volare i loro aquiloni sopra gli insediamenti, reclamando il cielo con centinaia di bandiere palestinesi.<\/p>\n<p style=\"text-align: justify;\">Il Burin Kite Festival \u00e8 una testimonianza della resilienza e della determinazione del popolo palestinese. Tra musica, qualche danza discreta e le risate gioiose dei bambini, il festival trasmette un messaggio semplice ma profondo: il diritto di sorridere, divertirsi, essere felici e vivere liberamente. Mentre gli aquiloni si librano alti sopra Burin, portano con s\u00e9 le speranze e i sogni di un popolo che si rifiuta di essere messo a tacere.<\/p>\n<p style=\"text-align: justify;\">Lunga vita alla Palestina.<\/p>\n<p style=\"text-align: justify;\"><a href=\"http:\/\/reteitalianaism.it\/reteism\/wp-content\/uploads\/2024\/07\/IMG_0962-1536x1024-1.jpg\"><img loading=\"lazy\" decoding=\"async\" class=\"wp-image-20925 aligncenter\" src=\"http:\/\/reteitalianaism.it\/reteism\/wp-content\/uploads\/2024\/07\/IMG_0962-1536x1024-1-300x200.jpg\" alt=\"\" width=\"498\" height=\"332\" srcset=\"https:\/\/reteitalianaism.it\/reteism\/wp-content\/uploads\/2024\/07\/IMG_0962-1536x1024-1-300x200.jpg 300w, https:\/\/reteitalianaism.it\/reteism\/wp-content\/uploads\/2024\/07\/IMG_0962-1536x1024-1-1024x683.jpg 1024w, https:\/\/reteitalianaism.it\/reteism\/wp-content\/uploads\/2024\/07\/IMG_0962-1536x1024-1-768x512.jpg 768w, https:\/\/reteitalianaism.it\/reteism\/wp-content\/uploads\/2024\/07\/IMG_0962-1536x1024-1.jpg 1536w\" sizes=\"auto, (max-width: 498px) 100vw, 498px\" \/><\/a><\/p>\n<p style=\"text-align: justify;\">\n","protected":false},"excerpt":{"rendered":"<p>https:\/\/palsolidarity.org\/ \u00a025 luglio 2024 19 giugno \u2013 Una volta all&#8217;anno, i cieli di Burin si animano con uno smagliante spettacolo di colori e resilienza. Il festival degli aquiloni, organizzato da residenti e attivisti, riunisce la comunit\u00e0 in una gioiosa celebrazione &hellip; <a href=\"https:\/\/reteitalianaism.it\/reteism\/index.php\/2024\/07\/27\/celebrare-la-resilienza-il-festival-degli-aquiloni-di-burin\/\">Continue reading <span class=\"meta-nav\">&rarr;<\/span><\/a><\/p>\n","protected":false},"author":2,"featured_media":0,"comment_status":"open","ping_status":"open","sticky":false,"template":"","format":"standard","meta":{"footnotes":""},"categories":[3],"tags":[15,806,377],"class_list":["post-20923","post","type-post","status-publish","format-standard","hentry","category-info","tag-burin","tag-festival-aquiloni","tag-resilienza"],"_links":{"self":[{"href":"https:\/\/reteitalianaism.it\/reteism\/index.php\/wp-json\/wp\/v2\/posts\/20923","targetHints":{"allow":["GET"]}}],"collection":[{"href":"https:\/\/reteitalianaism.it\/reteism\/index.php\/wp-json\/wp\/v2\/posts"}],"about":[{"href":"https:\/\/reteitalianaism.it\/reteism\/index.php\/wp-json\/wp\/v2\/types\/post"}],"author":[{"embeddable":true,"href":"https:\/\/reteitalianaism.it\/reteism\/index.php\/wp-json\/wp\/v2\/users\/2"}],"replies":[{"embeddable":true,"href":"https:\/\/reteitalianaism.it\/reteism\/index.php\/wp-json\/wp\/v2\/comments?post=20923"}],"version-history":[{"count":1,"href":"https:\/\/reteitalianaism.it\/reteism\/index.php\/wp-json\/wp\/v2\/posts\/20923\/revisions"}],"predecessor-version":[{"id":20927,"href":"https:\/\/reteitalianaism.it\/reteism\/index.php\/wp-json\/wp\/v2\/posts\/20923\/revisions\/20927"}],"wp:attachment":[{"href":"https:\/\/reteitalianaism.it\/reteism\/index.php\/wp-json\/wp\/v2\/media?parent=20923"}],"wp:term":[{"taxonomy":"category","embeddable":true,"href":"https:\/\/reteitalianaism.it\/reteism\/index.php\/wp-json\/wp\/v2\/categories?post=20923"},{"taxonomy":"post_tag","embeddable":true,"href":"https:\/\/reteitalianaism.it\/reteism\/index.php\/wp-json\/wp\/v2\/tags?post=20923"}],"curies":[{"name":"wp","href":"https:\/\/api.w.org\/{rel}","templated":true}]}}