{"id":20937,"date":"2024-07-30T15:46:36","date_gmt":"2024-07-30T13:46:36","guid":{"rendered":"http:\/\/reteitalianaism.it\/reteism\/?p=20937"},"modified":"2024-07-30T15:49:43","modified_gmt":"2024-07-30T13:49:43","slug":"20937","status":"publish","type":"post","link":"https:\/\/reteitalianaism.it\/reteism\/index.php\/2024\/07\/30\/20937\/","title":{"rendered":"Soldati israeliani sospettati di aver violentato un prigioniero palestinese arrestati, scatenando una rivolta di estrema destra."},"content":{"rendered":"<p><a href=\"https:\/\/www.middleeasteye.net\/news\/sde-teiman-israeli-soldiers-under-arrest-raping-palestinian-prisoner\">https:\/\/www.middleeasteye.net\/<\/a><\/p>\n<p style=\"text-align: justify;\"><strong>29 luglio 2024\u00a0<\/strong><\/p>\n<p style=\"text-align: justify;\">\nIl ministro tra gli israeliani che prendono d&#8217;assalto le basi militari in solidariet\u00e0 con i sospettati.<\/p>\n<div style=\"width: 508px\" class=\"wp-caption aligncenter\"><img loading=\"lazy\" decoding=\"async\" src=\"https:\/\/www.middleeasteye.net\/sites\/default\/files\/styles\/max_2600x2600\/public\/images-story\/sde-teiman-protests-reuters-29july.jpg?itok=40DceYa_\" alt=\"Israeli protesters wave flags outside Sde Teiman detention facility, after Israeli soldiers were arrested on July 29 (Reuters)\" width=\"498\" height=\"280\" \/><p class=\"wp-caption-text\">I manifestanti israeliani sventolano bandiere fuori dal centro di detenzione di Sde Teiman, dopo che dei soldati israeliani sono stati arrestati il \u200b\u200b29 luglio (Reuters)<\/p><\/div>\n<p style=\"text-align: justify;\">Nove soldati israeliani nel famigerato centro di detenzione di Sde Teiman sono stati arrestati luned\u00ec con l&#8217;accusa di aver violentato un detenuto palestinese, scatenando una rivolta in cui attivisti di estrema destra e parlamentari hanno preso d&#8217;assalto la struttura.<\/p>\n<p style=\"text-align: justify;\">La polizia militare israeliana ha fatto irruzione a Sde Teiman, ma ha incontrato la resistenza dei soldati, che si sarebbero barricati nella struttura e avrebbero usato spray al peperoncino per difendersi prima di essere infine presi in custodia.<\/p>\n<p style=\"text-align: justify;\">I soldati erano sospettati di aver abusato di un detenuto palestinese, che secondo Arab48 soffre di &#8220;una grave ferita nella zona del retto&#8221;.<!--more--><\/p>\n<p style=\"text-align: justify;\">Il prigioniero era stato trasferito da Sde Teiman nel deserto del Negev a un ospedale a Beersheba, che si trova anche nel sud di Israele. Haaretz ha affermato che il prigioniero non \u00e8 in grado di camminare.<\/p>\n<p style=\"text-align: justify;\">L&#8217;esercito israeliano ha affermato che \u00e8 in corso un&#8217;indagine.<\/p>\n<p style=\"text-align: justify;\">Gli arresti sono stati accolti con indignazione dagli israeliani di destra, con proteste di solidariet\u00e0 indette in tutto Israele.<\/p>\n<p style=\"text-align: justify;\">Decine di persone, tra cui si dice che ci siano membri del parlamento e il ministro del patrimonio Amichai Eliyahu, si sono radunate fuori da Sde Teiman e hanno preso d&#8217;assalto la struttura di detenzione.<\/p>\n<p style=\"text-align: justify;\">Ore dopo, circa 1.200 rivoltosi si sono radunati fuori dalla base di Beit Lid, dove i nove sospettati sono stati portati per essere interrogati.<\/p>\n<p style=\"text-align: justify;\">Decine di persone hanno fatto irruzione nella base prima di essere disperse dalla polizia, che non ha effettuato arresti sul posto.<\/p>\n<p style=\"text-align: justify;\">Le effrazioni hanno suscitato la condanna del capo di stato maggiore militare Herzi Halevi, che le ha descritte come &#8220;al limite dell&#8217;anarchia&#8221; e ha affermato che hanno danneggiato l&#8217;esercito.<\/p>\n<p style=\"text-align: justify;\">Halevi ha dovuto abbandonare le discussioni su come attaccare il Libano dopo l&#8217;attacco al Golan e ha invece visitato la base di Beit Lid durante le rivolte.<\/p>\n<p style=\"text-align: justify;\">Il primo ministro Benjamin Netanyahu ha condannato l&#8217;assalto a Sde Teiman e ha chiesto &#8220;l&#8217;immediata calma degli animi&#8221;.<\/p>\n<p style=\"text-align: justify;\">Il parlamento israeliano, la Knesset, \u00e8 attualmente in pausa estiva, ma terr\u00e0 una discussione di emergenza marted\u00ec, convocata dai parlamentari che vogliono difendere i soldati, hanno riferito i media israeliani.<\/p>\n<p style=\"text-align: justify;\">Il ministro delle Finanze Bezalel Smotrich ha descritto i sospettati come &#8220;eroici guerrieri&#8221;, mentre il ministro della Sicurezza Nazionale Itamar Ben Gvir, che supervisiona le prigioni in cui sono detenuti i palestinesi, li ha definiti i &#8220;migliori eroi&#8221; e ha descritto gli arresti come &#8220;vergognosi&#8221;.<\/p>\n<p style=\"text-align: justify;\"><strong>&#8220;Agire al di fuori di ogni legge&#8221;<\/strong><br \/>\nI palestinesi hanno da tempo denunciato abusi nelle prigioni, nelle carceri e nei centri di detenzione israeliani, tra cui torture e abusi sessuali.<\/p>\n<p style=\"text-align: justify;\">Tuttavia, dall&#8217;attacco del 7 ottobre guidato da Hamas a Israele e dalla successiva guerra a Gaza, i palestinesi hanno denunciato torture e abusi sistematici e sono stati detenuti in numeri sempre pi\u00f9 alti, spesso senza accusa.<\/p>\n<p style=\"text-align: justify;\">I palestinesi detenuti dalle forze israeliane dall&#8217;inizio della guerra hanno precedentemente raccontato a Middle East Eye di essere stati torturati fisicamente con cani ed elettricit\u00e0, sottoposti a finte esecuzioni e tenuti in condizioni umilianti e degradanti.<\/p>\n<p style=\"text-align: justify;\">Negli ultimi mesi ci sono state varie segnalazioni di prigionieri palestinesi violentati da soldati e guardie carcerarie israeliane che hanno usato sbarre di metallo ed estintori.<\/p>\n<p style=\"text-align: justify;\">Addameer, una ONG che supporta i prigionieri palestinesi nelle carceri israeliane, afferma che ci sono 9.700 prigionieri politici palestinesi detenuti da Israele.<\/p>\n<p style=\"text-align: justify;\">Domenica, Ben Gvir ha confermato che le condizioni all&#8217;interno delle prigioni israeliane &#8220;sono effettivamente peggiorate&#8221;, aggiungendo: &#8220;Ne sono orgoglioso&#8221;.<\/p>\n<p style=\"text-align: justify;\">Il Comitato pubblico contro la tortura in Israele ha condannato il presunto stupro del detenuto palestinese.<\/p>\n<p style=\"text-align: justify;\">&#8220;Dall&#8217;inizio della guerra, abbiamo affermato che Sde Teiman stava operando come un &#8216;ex territorio&#8217; e che i soldati di stanza l\u00ec agivano al di fuori di ogni legge, prima nel trattamento dei detenuti e ora nei confronti degli agenti delle forze dell&#8217;ordine militari&#8221;, ha affermato.<\/p>\n<p style=\"text-align: justify;\">&#8220;Invece di una condanna assoluta, alcuni leader israeliani di estrema destra si sono mobilitati per sostenere i sospettati di abusi, il che \u00e8 emblematico delle cause profonde che consentono a tali abusi di verificarsi in primo luogo&#8221;.<\/p>\n<p style=\"text-align: justify;\">Il 15 luglio, l&#8217;Alta corte israeliana ha emesso un ordine condizionale per chiudere Sde Teiman in risposta alle segnalazioni di abusi.<\/p>\n<p style=\"text-align: justify;\">L&#8217;ordine della corte cerca una spiegazione del &#8220;motivo per cui il centro di detenzione di Sde Teiman non \u00e8 gestito in conformit\u00e0 con le condizioni stabilite dalla legge che disciplina l&#8217;internamento di un \u201ccombattente\u201d.<\/p>\n","protected":false},"excerpt":{"rendered":"<p>https:\/\/www.middleeasteye.net\/ 29 luglio 2024\u00a0 Il ministro tra gli israeliani che prendono d&#8217;assalto le basi militari in solidariet\u00e0 con i sospettati. Nove soldati israeliani nel famigerato centro di detenzione di Sde Teiman sono stati arrestati luned\u00ec con l&#8217;accusa di aver violentato &hellip; <a href=\"https:\/\/reteitalianaism.it\/reteism\/index.php\/2024\/07\/30\/20937\/\">Continue reading <span class=\"meta-nav\">&rarr;<\/span><\/a><\/p>\n","protected":false},"author":2,"featured_media":0,"comment_status":"open","ping_status":"open","sticky":false,"template":"","format":"standard","meta":{"footnotes":""},"categories":[3],"tags":[22,23,150],"class_list":["post-20937","post","type-post","status-publish","format-standard","hentry","category-info","tag-diritti-prigionieri","tag-diritti-umani","tag-violenza-dellesercito"],"_links":{"self":[{"href":"https:\/\/reteitalianaism.it\/reteism\/index.php\/wp-json\/wp\/v2\/posts\/20937","targetHints":{"allow":["GET"]}}],"collection":[{"href":"https:\/\/reteitalianaism.it\/reteism\/index.php\/wp-json\/wp\/v2\/posts"}],"about":[{"href":"https:\/\/reteitalianaism.it\/reteism\/index.php\/wp-json\/wp\/v2\/types\/post"}],"author":[{"embeddable":true,"href":"https:\/\/reteitalianaism.it\/reteism\/index.php\/wp-json\/wp\/v2\/users\/2"}],"replies":[{"embeddable":true,"href":"https:\/\/reteitalianaism.it\/reteism\/index.php\/wp-json\/wp\/v2\/comments?post=20937"}],"version-history":[{"count":2,"href":"https:\/\/reteitalianaism.it\/reteism\/index.php\/wp-json\/wp\/v2\/posts\/20937\/revisions"}],"predecessor-version":[{"id":20939,"href":"https:\/\/reteitalianaism.it\/reteism\/index.php\/wp-json\/wp\/v2\/posts\/20937\/revisions\/20939"}],"wp:attachment":[{"href":"https:\/\/reteitalianaism.it\/reteism\/index.php\/wp-json\/wp\/v2\/media?parent=20937"}],"wp:term":[{"taxonomy":"category","embeddable":true,"href":"https:\/\/reteitalianaism.it\/reteism\/index.php\/wp-json\/wp\/v2\/categories?post=20937"},{"taxonomy":"post_tag","embeddable":true,"href":"https:\/\/reteitalianaism.it\/reteism\/index.php\/wp-json\/wp\/v2\/tags?post=20937"}],"curies":[{"name":"wp","href":"https:\/\/api.w.org\/{rel}","templated":true}]}}