{"id":20955,"date":"2024-08-05T16:39:42","date_gmt":"2024-08-05T14:39:42","guid":{"rendered":"http:\/\/reteitalianaism.it\/reteism\/?p=20955"},"modified":"2024-08-05T16:41:32","modified_gmt":"2024-08-05T14:41:32","slug":"cisgiordania-dove-unaltra-guerra-infuria-anche-senza-bombardieri-agosto-2024","status":"publish","type":"post","link":"https:\/\/reteitalianaism.it\/reteism\/index.php\/2024\/08\/05\/cisgiordania-dove-unaltra-guerra-infuria-anche-senza-bombardieri-agosto-2024\/","title":{"rendered":"Cisgiordania dove un\u2019altra guerra infuria, anche senza bombardieri. Agosto 2024"},"content":{"rendered":"<p style=\"text-align: justify;\"><strong>Da una volontaria in West Bank<\/strong><\/p>\n<p style=\"text-align: justify;\">Siamo ad<strong><b>\u00a0At Twani, il villaggio simbolo della nonviolenza<\/b><\/strong>\u00a0nella regione di <strong><b>Masafer Yatta <\/b><\/strong>a Sud di Hebron che esercito e coloni da anni cercano di svuotare della sua popolazione legittima e originaria palestinese ma dal 7 ottobre questo procede con accelerazione e violenza inaudita, sostenuti pienamente dal governo.<\/p>\n<div id=\"attachment_20956\" style=\"width: 507px\" class=\"wp-caption aligncenter\"><a href=\"http:\/\/reteitalianaism.it\/reteism\/wp-content\/uploads\/2024\/08\/Soldato-e-colono-fermano-un-attivista.jpg\"><img loading=\"lazy\" decoding=\"async\" aria-describedby=\"caption-attachment-20956\" class=\"wp-image-20956\" src=\"http:\/\/reteitalianaism.it\/reteism\/wp-content\/uploads\/2024\/08\/Soldato-e-colono-fermano-un-attivista-300x224.jpg\" alt=\"\" width=\"497\" height=\"371\" srcset=\"https:\/\/reteitalianaism.it\/reteism\/wp-content\/uploads\/2024\/08\/Soldato-e-colono-fermano-un-attivista-300x224.jpg 300w, https:\/\/reteitalianaism.it\/reteism\/wp-content\/uploads\/2024\/08\/Soldato-e-colono-fermano-un-attivista-1024x766.jpg 1024w, https:\/\/reteitalianaism.it\/reteism\/wp-content\/uploads\/2024\/08\/Soldato-e-colono-fermano-un-attivista-768x575.jpg 768w, https:\/\/reteitalianaism.it\/reteism\/wp-content\/uploads\/2024\/08\/Soldato-e-colono-fermano-un-attivista-1536x1149.jpg 1536w, https:\/\/reteitalianaism.it\/reteism\/wp-content\/uploads\/2024\/08\/Soldato-e-colono-fermano-un-attivista.jpg 1600w\" sizes=\"auto, (max-width: 497px) 100vw, 497px\" \/><\/a><p id=\"caption-attachment-20956\" class=\"wp-caption-text\">soldato e colono fermano un attivista<\/p><\/div>\n<p style=\"text-align: justify;\">Giovedi 1 agosto tre coloni sono entrati con violenza in casa di <strong><b>Mosab<\/b><\/strong>, vicino a noi, hanno picchiato 2 bambini e accusato il giovane Wasim, 22 anni, di aver lanciato pietre contro la colonia. Arrivata la polizia, lo ha arrestato sulla parola dei due coloni e, ammanettato e bendato, lo ha portato via rapidamente. In attesa di processo\u2026. Impunit\u00e0 totale per i coloni che uccidono.<\/p>\n<p style=\"text-align: justify;\"><strong><b>La detenzione amministrativa<\/b><\/strong>, ammessa dalla Convenzione di Ginevra solo per brevissimo tempo, \u00e8 pratica ordinaria verso i Palestinesi da sempre: a fine maggio vi erano 3.661 detenuti senza accusa n\u00e9 processo. Viene prolungata per mesi e anni. Sempre a fine maggio vi erano pi\u00f9 di 9.300 palestinesi nelle carceri israeliane \u00a0dei quali 6.220 arrestati dopo il 7 ottobre, tra i quali 70 donne e 200 bambini. (Rapporto al Relatore Speciale ONU). Oggi, ancor di pi\u00f9.<!--more--><\/p>\n<div id=\"attachment_20957\" style=\"width: 507px\" class=\"wp-caption aligncenter\"><a href=\"http:\/\/reteitalianaism.it\/reteism\/wp-content\/uploads\/2024\/08\/Susya-Attivisti-israeliani-a-difesa-di-pastore-impedito-di-pascolare-nella-sua-terra.png\"><img loading=\"lazy\" decoding=\"async\" aria-describedby=\"caption-attachment-20957\" class=\"wp-image-20957\" src=\"http:\/\/reteitalianaism.it\/reteism\/wp-content\/uploads\/2024\/08\/Susya-Attivisti-israeliani-a-difesa-di-pastore-impedito-di-pascolare-nella-sua-terra-249x300.png\" alt=\"\" width=\"497\" height=\"599\" srcset=\"https:\/\/reteitalianaism.it\/reteism\/wp-content\/uploads\/2024\/08\/Susya-Attivisti-israeliani-a-difesa-di-pastore-impedito-di-pascolare-nella-sua-terra-249x300.png 249w, https:\/\/reteitalianaism.it\/reteism\/wp-content\/uploads\/2024\/08\/Susya-Attivisti-israeliani-a-difesa-di-pastore-impedito-di-pascolare-nella-sua-terra.png 353w\" sizes=\"auto, (max-width: 497px) 100vw, 497px\" \/><\/a><p id=\"caption-attachment-20957\" class=\"wp-caption-text\">attivisti israeliani a difesa di un pastore Palestinese<\/p><\/div>\n<p style=\"text-align: justify;\">\u00a0Dalle interviste dei sopravvissuti si sanno quali terribili torture vengono fatte sui civili, soprattutto nella prigione israeliana Negev dove vi \u00e8 un corpo apposito estremamente feroce: i medici palestinesi e israeliani che hanno avuto accesso in quella o altre prigioni, hanno definito le <strong><b>condizioni dei detenuti peggiori di quelle di Abu Graib e Guantanamo<\/b><\/strong>: immobilizzati per giorni con catene a mani e piedi, percossi con catene, ustioni con sigarette e acqua bollente, elettroshock, fame, privazione di cibo e sonno, violenza sessuale su uomini e donne, quest\u2019ultima dichiarata legittima dalla Corte israeliana. \u00a0Ma che paese \u00e8?<\/p>\n<p style=\"text-align: justify;\">Al proposito, cito <strong><b>Muazzaz Abayat<\/b><\/strong>, 37 anni, arrestato 9 mesi fa di notte nella sua casa di Betlemme dov\u2019era con la famiglia: 4 bambini e la moglie incinta di 1 mese. Sportivo, forte, ritornato a casa irriconoscibile e ancora sotto shock. In internet si trova l\u2019intervista fattagli in ospedale e si vede come hanno ridotto un uomo di 110 kg a meno di 50 usando brutalit\u00e0 quotidiane efferate ed umilianti.<\/p>\n<div id=\"attachment_20958\" style=\"width: 434px\" class=\"wp-caption aligncenter\"><a href=\"http:\/\/reteitalianaism.it\/reteism\/wp-content\/uploads\/2024\/08\/Muazzaz-Abayat-9-mesi-di-torture-nelle-prigioni-israeliane.jpg\"><img loading=\"lazy\" decoding=\"async\" aria-describedby=\"caption-attachment-20958\" class=\" wp-image-20958\" src=\"http:\/\/reteitalianaism.it\/reteism\/wp-content\/uploads\/2024\/08\/Muazzaz-Abayat-9-mesi-di-torture-nelle-prigioni-israeliane-180x300.jpg\" alt=\"\" width=\"424\" height=\"707\" srcset=\"https:\/\/reteitalianaism.it\/reteism\/wp-content\/uploads\/2024\/08\/Muazzaz-Abayat-9-mesi-di-torture-nelle-prigioni-israeliane-180x300.jpg 180w, https:\/\/reteitalianaism.it\/reteism\/wp-content\/uploads\/2024\/08\/Muazzaz-Abayat-9-mesi-di-torture-nelle-prigioni-israeliane-614x1024.jpg 614w, https:\/\/reteitalianaism.it\/reteism\/wp-content\/uploads\/2024\/08\/Muazzaz-Abayat-9-mesi-di-torture-nelle-prigioni-israeliane.jpg 720w\" sizes=\"auto, (max-width: 424px) 100vw, 424px\" \/><\/a><p id=\"caption-attachment-20958\" class=\"wp-caption-text\">Nuazzaz Abayat 9 mesi di torture<\/p><\/div>\n<p style=\"text-align: justify;\"><strong><b>Tornando alla regione di Masafer Yatta sotto ordine di demolizione: \u00a0i coloni (di origine russa, ucraina, americana, ecc.<\/b><\/strong>) hanno fatto talmente un bel lavoro di violenze e furti, distruzioni e intimidazioni sempre protetti dai soldati, che diverse famiglie hanno abbandonato le loro propriet\u00e0 dove vivevano da generazioni. Ma <strong><b>tante altre resistono! <\/b><\/strong><\/p>\n<p style=\"text-align: justify;\">Come ad <strong><b>At Twani dove la famiglia Hureini, simbolo, <\/b><\/strong>da decenni, <strong><b>della resistenza nonviolenta<\/b><\/strong>\u00a0alle violenze di coloni ed esercito si \u00e8 vista espropriare molta altra terra e, rispetto all\u2019ottobre scorso, si \u00e8 vista posizionare una brutta torretta con bandiera israeliana sulla sua propriet\u00e0, distruggere con un bulldozer pi\u00f9 volte il giardino di erbe aromatiche che aveva creato e parte del terreno sul quale avevamo lavorato anche io e V.. Nel terreno rimasto e, tra una incursione e l\u2019altra di coloni e soldati, Hafez sta piantando delle viti. L\u2019altro giorno un soldato ha interrotto il lavoro, fotografato ogni volontario, controllato ogni zolla, rifiutato di parlare con Hafez. <strong><b>Per il soldato il lavoro nei campi \u00e8 un atto illegale \u00a0<\/b><\/strong>&#x2639;\u2026 e d\u2019altra parte giorni prima un colono aveva chiamato la polizia accusando Hafez di voler costruire un tunnel!!! Che dire di tanta fantasia malata\u2026<\/p>\n<div id=\"attachment_20959\" style=\"width: 503px\" class=\"wp-caption aligncenter\"><a href=\"http:\/\/reteitalianaism.it\/reteism\/wp-content\/uploads\/2024\/08\/At-Twani-torretta-in-proprieta\u0300-rubata-di-Hafez.jpg\"><img loading=\"lazy\" decoding=\"async\" aria-describedby=\"caption-attachment-20959\" class=\" wp-image-20959\" src=\"http:\/\/reteitalianaism.it\/reteism\/wp-content\/uploads\/2024\/08\/At-Twani-torretta-in-proprieta\u0300-rubata-di-Hafez-300x225.jpg\" alt=\"\" width=\"493\" height=\"370\" srcset=\"https:\/\/reteitalianaism.it\/reteism\/wp-content\/uploads\/2024\/08\/At-Twani-torretta-in-proprieta\u0300-rubata-di-Hafez-300x225.jpg 300w, https:\/\/reteitalianaism.it\/reteism\/wp-content\/uploads\/2024\/08\/At-Twani-torretta-in-proprieta\u0300-rubata-di-Hafez-768x576.jpg 768w, https:\/\/reteitalianaism.it\/reteism\/wp-content\/uploads\/2024\/08\/At-Twani-torretta-in-proprieta\u0300-rubata-di-Hafez.jpg 1000w\" sizes=\"auto, (max-width: 493px) 100vw, 493px\" \/><\/a><p id=\"caption-attachment-20959\" class=\"wp-caption-text\">Una torretta nella terra rubata a Hafez<\/p><\/div>\n<p style=\"text-align: justify;\">Hafez parla in modo fluente l\u2019ebraico, sa bene che il minimo atto di ribellione anche alla peggiore violenza significherebbe l\u2019arresto\u2026 come quando due coloni gli hanno fratturato entrambe le braccia e ad essere arrestato \u00e8 stato solo lui\u2026<br \/>\nContinua a migliorare la sua casa con un bel giardino e muri a difesa anche della Guest House per i volontari che, comunque, \u00a0\u00e8 gi\u00e0 sotto ordine di demolizione.<\/p>\n<div id=\"attachment_20960\" style=\"width: 509px\" class=\"wp-caption aligncenter\"><a href=\"http:\/\/reteitalianaism.it\/reteism\/wp-content\/uploads\/2024\/08\/Hafez-dove-vi-era-il-bel-giardino-aromatico-piantato-e-distrutto-due-volte.jpg\"><img loading=\"lazy\" decoding=\"async\" aria-describedby=\"caption-attachment-20960\" class=\" wp-image-20960\" src=\"http:\/\/reteitalianaism.it\/reteism\/wp-content\/uploads\/2024\/08\/Hafez-dove-vi-era-il-bel-giardino-aromatico-piantato-e-distrutto-due-volte-300x225.jpg\" alt=\"\" width=\"499\" height=\"374\" srcset=\"https:\/\/reteitalianaism.it\/reteism\/wp-content\/uploads\/2024\/08\/Hafez-dove-vi-era-il-bel-giardino-aromatico-piantato-e-distrutto-due-volte-300x225.jpg 300w, https:\/\/reteitalianaism.it\/reteism\/wp-content\/uploads\/2024\/08\/Hafez-dove-vi-era-il-bel-giardino-aromatico-piantato-e-distrutto-due-volte-768x576.jpg 768w, https:\/\/reteitalianaism.it\/reteism\/wp-content\/uploads\/2024\/08\/Hafez-dove-vi-era-il-bel-giardino-aromatico-piantato-e-distrutto-due-volte.jpg 1000w\" sizes=\"auto, (max-width: 499px) 100vw, 499px\" \/><\/a><p id=\"caption-attachment-20960\" class=\"wp-caption-text\">Qui c&#8217;era un bel giardino aromatico, gi\u00e0 ripiantato varie volte<\/p><\/div>\n<p style=\"text-align: justify;\">Abbiamo trascorso diverse notti e giorni<\/p>\n<p style=\"text-align: justify;\">Abbiamo trascorso diverse notti e giorni con una famiglia di<strong><b>\u00a0Um Durit<\/b><\/strong>, dove <strong><b>la presenza \u00e8 assicurata 24h\/24<\/b><\/strong>. Nell\u2019ottobre scorso sub\u00ec un vero e proprio pogrom da parte dei coloni che sono sistemati abusivamente sulla sua collina proprio di fronte: decise di abbandonare la propriet\u00e0 salvando alcuni animali. Quando ritorn\u00f2 a marzo, trov\u00f2 le costruzioni, i contenitori dell\u2019acqua, tutto distrutto. Stanno ricostruendo le case ancora pi\u00f9 belle e da capo ripiantano collocando diverse telecamere. Noi, oltre a tenere d\u2019occhio sempre l\u2019out post, la strada, tutti i movimenti dei coloni, accompagniamo le giovani donne a raccogliere frutta, ad irrigare le piante, attenti anche ai droni lanciati dai coloni per spiare i Palestinesi o disturbare gli animali, attenti al movimento di qualunque mezzo o persona.<\/p>\n<div id=\"attachment_20961\" style=\"width: 394px\" class=\"wp-caption aligncenter\"><a href=\"http:\/\/reteitalianaism.it\/reteism\/wp-content\/uploads\/2024\/08\/Shab-Al-Botum-Solah-una-grande-Donna.jpg\"><img loading=\"lazy\" decoding=\"async\" aria-describedby=\"caption-attachment-20961\" class=\" wp-image-20961\" src=\"http:\/\/reteitalianaism.it\/reteism\/wp-content\/uploads\/2024\/08\/Shab-Al-Botum-Solah-una-grande-Donna-135x300.jpg\" alt=\"\" width=\"384\" height=\"853\" srcset=\"https:\/\/reteitalianaism.it\/reteism\/wp-content\/uploads\/2024\/08\/Shab-Al-Botum-Solah-una-grande-Donna-135x300.jpg 135w, https:\/\/reteitalianaism.it\/reteism\/wp-content\/uploads\/2024\/08\/Shab-Al-Botum-Solah-una-grande-Donna-461x1024.jpg 461w, https:\/\/reteitalianaism.it\/reteism\/wp-content\/uploads\/2024\/08\/Shab-Al-Botum-Solah-una-grande-Donna-768x1706.jpg 768w, https:\/\/reteitalianaism.it\/reteism\/wp-content\/uploads\/2024\/08\/Shab-Al-Botum-Solah-una-grande-Donna-691x1536.jpg 691w, https:\/\/reteitalianaism.it\/reteism\/wp-content\/uploads\/2024\/08\/Shab-Al-Botum-Solah-una-grande-Donna-922x2048.jpg 922w, https:\/\/reteitalianaism.it\/reteism\/wp-content\/uploads\/2024\/08\/Shab-Al-Botum-Solah-una-grande-Donna.jpg 1000w\" sizes=\"auto, (max-width: 384px) 100vw, 384px\" \/><\/a><p id=\"caption-attachment-20961\" class=\"wp-caption-text\">Shab Al Botum- Solah una grande Donna<\/p><\/div>\n<p style=\"text-align: justify;\">Ma \u00e8 vita? \u00a0Vi sono famiglie costrette, con tanto terreno dinanzi a loro, ad acquistare il foraggio, perch\u00e9 troppe volte sono state derubate dei loro animali quando li portavano al pascolo e ora non lo fanno pi\u00f9.<\/p>\n<p style=\"text-align: justify;\"><strong><b>E\u2019 fondamentale esserci<\/b><\/strong>, pronti a filmare e scattare foto per riprendere volti, azioni prepotenti, targhe, perch\u00e9 le denunce degli avvocati abbiano speranza di un esito positivo. Non per altro chiunque \u00e8 minimamente sospettato di essere un attivista, viene rifiutato alla frontiera e pu\u00f2 avere il divieto di ingresso fino a 10 anni! Israele non vuole testimoni.<br \/>\nCos\u00ec come non concede l\u2019ingresso alla Special Rapporteur ONU, sta cercando di eliminare l\u2019UNRWA e cos\u00ec non vuole noi!<\/p>\n<p style=\"text-align: justify;\">Ma noi ci siamo: persone da tutto il mondo che continuano, nonostante i tempi difficili, ad arrivare e se si riesce a garantire la presenza a diverse famiglie che vivono nella costante insicurezza \u00e8 grazie ad un importante <strong><b>Coordinamento tra molte Associazioni, Movimenti Palestinesi, Internazionali e Israeliani<\/b><\/strong>. Segnalo, perch\u00e9 italiana, la collaborazione nata tra la storica <strong><b>Operazione Colomba e Mediterranea, <\/b><\/strong>Ong per i salvataggi in mare che ha deciso di portare il suo impegno anche qui dove la violazione dei DDUU \u00e8 massima.<\/p>\n<p style=\"text-align: justify;\">Giorni fa ho avuto la fortuna di poter conoscere uno dei fondatori di<strong><b>\u00a0Breaking the Silence, <\/b><\/strong>l\u2019Associazione di ex soldati israeliani che, finito il servizio militare obbligatorio, hanno iniziato e continuano a denunciare le efferatezze che l\u2019esercito ha compiuto a Hebron. <strong><b>Miki Kratsman, <\/b><\/strong>che ha lavorato per 12 anni con il grande Gideon Levy per Haaretz, rivista della sinistra israeliana \u00e8 giunto a Um Durit con altri giornalisti per intervistare il fattore e conoscere la sua lotta quotidiana. Con Miki ho parlato anche dei <strong><b>suicidi dei giovani soldati<\/b><\/strong>\u00a0soprattutto dopo il servizio militare. Numeri celati, manipolati, indubbiamente altra vergogna per Israele.<\/p>\n<p style=\"text-align: justify;\">Se Israele cerca di eliminare ogni occhio critico, allora o<strong><b>ccorrono ancor pi\u00f9 volontari, altri occhi che vedano e denuncino.<\/b><\/strong>\u00a0Occorre premere sui governi perch\u00e9 smettano di avere relazioni economiche con paesi genocidari, <strong><b>Occorre che ognuno di noi faccia la sua parte, <\/b><\/strong>ad esempio <strong><b>Boicottando i prodotti Israeliani realizzati con le risorse rubate al popolo palestinese!<\/b><\/strong>\u00a0<strong><b>Ognuno di noi!<\/b><\/strong><br \/>\n<strong><b>Rispettiamo il grande coraggio del popolo palestinese con una nostra azione continua! <\/b><\/strong>\u00a0Non posso che invitarvi a venire. Chiunque tocca con mano la realt\u00e0, non ha dubbi che per costruire la Pace occorre dar vita alla Giustizia.<\/p>\n<p style=\"text-align: justify;\">S.<\/p>\n<p>&nbsp;<\/p>\n","protected":false},"excerpt":{"rendered":"<p>Da una volontaria in West Bank Siamo ad\u00a0At Twani, il villaggio simbolo della nonviolenza\u00a0nella regione di Masafer Yatta a Sud di Hebron che esercito e coloni da anni cercano di svuotare della sua popolazione legittima e originaria palestinese ma dal &hellip; <a href=\"https:\/\/reteitalianaism.it\/reteism\/index.php\/2024\/08\/05\/cisgiordania-dove-unaltra-guerra-infuria-anche-senza-bombardieri-agosto-2024\/\">Continue reading <span class=\"meta-nav\">&rarr;<\/span><\/a><\/p>\n","protected":false},"author":2,"featured_media":0,"comment_status":"open","ping_status":"open","sticky":false,"template":"","format":"standard","meta":{"footnotes":""},"categories":[3],"tags":[19,92,345,41],"class_list":["post-20955","post","type-post","status-publish","format-standard","hentry","category-info","tag-colline-a-sud-di-hebron","tag-diritti-dei-prigionieri","tag-masafer-yatta","tag-pulizia-etnica"],"_links":{"self":[{"href":"https:\/\/reteitalianaism.it\/reteism\/index.php\/wp-json\/wp\/v2\/posts\/20955","targetHints":{"allow":["GET"]}}],"collection":[{"href":"https:\/\/reteitalianaism.it\/reteism\/index.php\/wp-json\/wp\/v2\/posts"}],"about":[{"href":"https:\/\/reteitalianaism.it\/reteism\/index.php\/wp-json\/wp\/v2\/types\/post"}],"author":[{"embeddable":true,"href":"https:\/\/reteitalianaism.it\/reteism\/index.php\/wp-json\/wp\/v2\/users\/2"}],"replies":[{"embeddable":true,"href":"https:\/\/reteitalianaism.it\/reteism\/index.php\/wp-json\/wp\/v2\/comments?post=20955"}],"version-history":[{"count":3,"href":"https:\/\/reteitalianaism.it\/reteism\/index.php\/wp-json\/wp\/v2\/posts\/20955\/revisions"}],"predecessor-version":[{"id":20964,"href":"https:\/\/reteitalianaism.it\/reteism\/index.php\/wp-json\/wp\/v2\/posts\/20955\/revisions\/20964"}],"wp:attachment":[{"href":"https:\/\/reteitalianaism.it\/reteism\/index.php\/wp-json\/wp\/v2\/media?parent=20955"}],"wp:term":[{"taxonomy":"category","embeddable":true,"href":"https:\/\/reteitalianaism.it\/reteism\/index.php\/wp-json\/wp\/v2\/categories?post=20955"},{"taxonomy":"post_tag","embeddable":true,"href":"https:\/\/reteitalianaism.it\/reteism\/index.php\/wp-json\/wp\/v2\/tags?post=20955"}],"curies":[{"name":"wp","href":"https:\/\/api.w.org\/{rel}","templated":true}]}}