{"id":20972,"date":"2024-08-07T16:20:20","date_gmt":"2024-08-07T14:20:20","guid":{"rendered":"http:\/\/reteitalianaism.it\/reteism\/?p=20972"},"modified":"2024-08-07T16:20:26","modified_gmt":"2024-08-07T14:20:26","slug":"tribunale-tedesco-condanna-unattivista-per-aver-guidato-il-coro-from-the-river-to-the-sea","status":"publish","type":"post","link":"https:\/\/reteitalianaism.it\/reteism\/index.php\/2024\/08\/07\/tribunale-tedesco-condanna-unattivista-per-aver-guidato-il-coro-from-the-river-to-the-sea\/","title":{"rendered":"Tribunale tedesco condanna un&#8217;attivista per aver guidato il coro \u201cfrom the river to the sea\u201d"},"content":{"rendered":"<p>6 agosto 2024<\/p>\n<p><a href=\"https:\/\/www.theguardian.com\/world\/article\/2024\/aug\/06\/german-court-due-to-rule-on-from-the-river-to-the-sea-case-in-test-of-free-speech?fbclid=IwY2xjawEgXxJleHRuA2FlbQIxMQABHRa9Dtuv2oSuF3mHt0wYQPwWEz1vsqdTO1JFI9h2k-yH95SKdzOHAxuKuw_aem_DJVeiSw1c0zEFkm4ZWwQZA\">German court convicts activist for leading \u2018from the river to the sea\u2019 chant | Germany | The Guardian<\/a><\/p>\n<p><em>Il giudice afferma che la frase &#8220;nega il diritto di Israele ad esistere&#8221;, ma l&#8217;avvocato della donna afferma che la sentenza \u00e8 una sconfitta per la libert\u00e0 di parola.<\/em><\/p>\n<div id=\"attachment_20973\" style=\"width: 395px\" class=\"wp-caption aligncenter\"><a href=\"http:\/\/reteitalianaism.it\/reteism\/wp-content\/uploads\/2024\/08\/1.png\"><img loading=\"lazy\" decoding=\"async\" aria-describedby=\"caption-attachment-20973\" class=\" wp-image-20973\" src=\"http:\/\/reteitalianaism.it\/reteism\/wp-content\/uploads\/2024\/08\/1-300x186.png\" alt=\"\" width=\"385\" height=\"239\" srcset=\"https:\/\/reteitalianaism.it\/reteism\/wp-content\/uploads\/2024\/08\/1-300x186.png 300w, https:\/\/reteitalianaism.it\/reteism\/wp-content\/uploads\/2024\/08\/1.png 669w\" sizes=\"auto, (max-width: 385px) 100vw, 385px\" \/><\/a><p id=\"caption-attachment-20973\" class=\"wp-caption-text\">L&#8217;imputata \u00e8 stata condannata per aver &#8220;condonato l&#8217;assalto di Hamas&#8221; usando lo slogan &#8220;Dal fiume al mare, la Palestina sar\u00e0 libera&#8221; durante una protesta. Fotografia: Sean Gallup\/Getty Images<\/p><\/div>\n<p><span class=\"jCAhz ChMk0b\"><span class=\"ryNqvb\">Un tribunale di Berlino ha condannato un&#8217;attivista filo-palestinese per aver tollerato un crimine guidando un coro con lo slogan &#8220;from the river to the sea, Palestine will be free&#8221;(dal fiume al mare, la Palestina sar\u00e0 libera) durante una manifestazione nella capitale tedesca quattro giorni dopo gli attacchi di Hamas contro Israele, in quella che il suo team di difesa ha definito una sconfitta per la libert\u00e0 di parola.<\/span><\/span><\/p>\n<p><span class=\"jCAhz ChMk0b\"><span class=\"ryNqvb\">Il giudice presidente, Birgit Balzer, ha ordinato alla ventiduenne cittadina tedesco-iraniana Ava Moayeri di pagare una multa di 600 \u20ac (515 \u00a3) marted\u00ec, respingendo la sua argomentazione secondo cui intendeva solo esprimere sostegno per &#8220;pace e giustizia&#8221; in Medio Oriente pronunciando la frase in una strada trafficata.<\/span><\/span><\/p>\n<p><span class=\"jCAhz ChMk0b\"><span class=\"ryNqvb\">Balzer ha affermato di &#8220;non riuscire a comprendere&#8221; la logica delle precedenti sentenze della corte tedesca che hanno stabilito che il detto era &#8220;ambiguo&#8221;, affermando che per lei era chiaro che &#8220;negava il diritto dello Stato di Israele a esistere&#8221;.<\/span><\/span> <!--more--><\/p>\n<div class=\"lRu31\" dir=\"ltr\">\n<p><span class=\"HwtZe\" lang=\"it\"><span class=\"jCAhz ChMk0b\"><span class=\"ryNqvb\">Ha affermato che questa opinione potrebbe essere coperta dalla libert\u00e0 di espressione in Germania, ma che l&#8217;uso dello slogan deve essere valutato nel contesto del &#8220;pi\u00f9 grande massacro di ebrei dalla Shoah, ovvero l&#8217;elefante nella stanza&#8221;.<\/span><\/span> <\/span><\/p>\n<p><span class=\"HwtZe\" lang=\"it\"><span class=\"jCAhz ChMk0b\"><span class=\"ryNqvb\">Il caso, ascoltato sotto stretta sorveglianza, \u00e8 stato uno dei tanti dopo gli attacchi di Hamas in Israele del 7 ottobre e la successiva distruzione di Gaza che hanno esaminato i rigidi limiti della Germania alle manifestazioni pro-palestinesi.<\/span><\/span> <span class=\"jCAhz\"><span class=\"ryNqvb\">Gli avvocati di Moayeri lo hanno definito il primo processo a Berlino incentrato sull&#8217;uso della frase politicamente carica.<\/span><\/span><span class=\"jCAhz ChMk0b\"><span class=\"ryNqvb\"> Balzer ha affermato che lo slogan era particolarmente controverso in Germania, che considera il sostegno a Israele una questione di Staatsr\u00e4son, o ragione di stato, al centro della sua identit\u00e0 nazionale a causa della sua responsabilit\u00e0 per l&#8217;Olocausto.<\/span><\/span><span class=\"jCAhz ChMk0b\"><span class=\"ryNqvb\"> Ha aggiunto che i tedeschi avevano l&#8217;obbligo di far sentire gli ebrei nel paese &#8220;al sicuro e a loro agio&#8221;, in particolare di fronte a un aumento dei crimini antisemiti dal 7 ottobre.<\/span><\/span> <\/span><\/p>\n<p><span class=\"HwtZe\" lang=\"it\"><span class=\"jCAhz ChMk0b\"><span class=\"ryNqvb\">Circa 100 dimostranti radunati fuori dal tribunale potevano essere uditi cantare &#8220;Libera, libera la Palestina&#8221; mentre veniva letto il verdetto.<\/span><\/span> <span class=\"jCAhz ChMk0b\"><span class=\"ryNqvb\">Moayeri ha sorriso ai 20 sostenitori a cui era stato permesso di assistere all&#8217;udienza, molti dei quali indossavano kefiah, ed \u00e8 stata accolta con applausi quando ha lasciato l&#8217;edificio.<\/span><\/span> <span class=\"jCAhz ChMk0b\"><span class=\"ryNqvb\">Due membri del pubblico hanno gridato &#8220;contro la repressione&#8221; dopo che il giudice ha chiuso il processo.<\/span><\/span><span class=\"jCAhz ChMk0b\"><span class=\"ryNqvb\"> La sentenza per Moayeri, che non aveva precedenti penali e si descriveva come un&#8217;attivista per le cause femministe e dei rifugiati, \u00e8 stata inferiore alla multa di 900 \u20ac richiesta dai procuratori statali, che in seguito hanno affermato che avrebbero preso in considerazione un appello.<\/span><\/span><\/span><\/p>\n<p id=\"ow2359\"><span class=\"jCAhz ChMk0b\"><span class=\"ryNqvb\">Condonare un crimine pu\u00f2 comportare una pena detentiva fino a tre anni.<\/span><\/span><span class=\"jCAhz\"><span class=\"ryNqvb\"> L&#8217;avvocato di Moayeri, Alexander Gorski, ha condannato quella che ha definito una vittoria per &#8220;l&#8217;oppressione statale&#8221; dei manifestanti e ha affermato che avrebbe contestato il verdetto dinnanzi a una corte superiore.<\/span><\/span><\/p>\n<p><span class=\"jCAhz\"><span class=\"ryNqvb\">L&#8217;imputato era una dei co-organizzatori di una protesta l&#8217;11 ottobre nei pressi della Sonnenallee nel quartiere eterogeneo di Neuk\u00f6lln della capitale, un viale trafficato che \u00e8 stato teatro di diverse proteste pro-palestinesi, alcune delle quali violente.<\/span><\/span><span class=\"jCAhz\"><span class=\"ryNqvb\"> Tuttavia, Moayeri ha detto alla corte che la manifestazione in questione, tenutasi in tarda mattinata, era stata organizzata in risposta ai resoconti dei media secondo cui un insegnante aveva picchiato uno studente pro-palestinese e che i manifestanti si erano radunati per condannare &#8220;la violenza nelle scuole&#8221;.<\/span><\/span><\/p>\n<p><span class=\"jCAhz\"><span class=\"ryNqvb\">Due poliziotti che erano stati inviati sulla scena della protesta, vietata dalle autorit\u00e0 di Berlino, hanno contestato tale resoconto in tribunale, affermando che i partecipanti avevano sventolato bandiere palestinesi e indossato kefiah e che nessuno degli slogan scanditi menzionava la sicurezza scolastica.<\/span><\/span><\/p>\n<p><span class=\"jCAhz ChMk0b\"><span class=\"ryNqvb\">Il team legale di Moayeri ha affermato che lo slogan deve essere visto come un&#8217;\u201cespressione centrale del movimento globale di solidariet\u00e0 con la Palestina\u201d con un&#8217;origine storica precedente ad Hamas.<\/span><\/span> <span class=\"jCAhz ChMk0b\"><span class=\"ryNqvb\">Hanno affermato che Moayeri dovrebbe essere creduta sulla parola quando ha respinto \u201cqualsiasi forma di antisemitismo\u201d.<\/span><\/span><span class=\"jCAhz ChMk0b\"><span class=\"ryNqvb\"> \u201cFrom the river to the sea\u201d \u00e8 un frammento di uno slogan utilizzato fin dagli anni &#8217;60 da una serie di attivisti con programmi diversi.<\/span><\/span> <span class=\"jCAhz ChMk0b\"><span class=\"ryNqvb\">Ha una gamma di interpretazioni in tutto il mondo, dal genocida al democratico.<\/span><\/span><\/p>\n<p><span class=\"jCAhz ChMk0b\"><span class=\"ryNqvb\">Il detto completo \u00e8 un riferimento alla terra tra il fiume Giordano a est e il Mar Mediterraneo a ovest, che comprende Israele e i territori palestinesi occupati.<\/span><\/span><span class=\"jCAhz ChMk0b\"><span class=\"ryNqvb\"> Il quadro giuridico tedesco che valuta lo slogan \u00e8 complesso, con tribunali che zigzagano tra interpretazioni pi\u00f9 e meno severe.<\/span><\/span><\/p>\n<p><span class=\"jCAhz ChMk0b\"><span class=\"ryNqvb\">Lo scorso novembre, il ministro degli Interni, Nancy Faeser, ha vietato le attivit\u00e0 di Hamas in Germania, cos\u00ec come &#8220;dal fiume al mare&#8221;, che ha dichiarato essere uno slogan di Hamas.<\/span><\/span><span class=\"jCAhz ChMk0b\"><span class=\"ryNqvb\"> A febbraio, il ministro della Giustizia, Marco Buschmann, ha affermato che la frase potrebbe costituire &#8220;incitamento antisemita&#8221; ed essere intesa come &#8220;condono delle uccisioni commesse in Israele&#8221;.<\/span><\/span><\/p>\n<div class=\"lRu31\" dir=\"ltr\">\n<p><span class=\"HwtZe\" lang=\"it\"><span class=\"jCAhz ChMk0b\"><span class=\"ryNqvb\">La polizia tedesca ha spesso utilizzato il detto come giustificazione per revocare il permesso per le proteste organizzate, o ha reso la sua elusione una condizione per la concessione del permesso.<\/span><\/span><span class=\"jCAhz ChMk0b\"><span class=\"ryNqvb\"> Una corte bavarese ha stabilito a giugno che la frase che si prevedeva di usare in una prossima manifestazione a Monaco non costituiva un reato e non poteva essere vietata del tutto, stabilendo che il &#8220;beneficio del dubbio&#8221; attorno allo slogan deve prevalere.<\/span><\/span><span class=\"jCAhz ChMk0b\"><span class=\"ryNqvb\"> Il Consiglio centrale degli ebrei in Germania, che rappresenta la comunit\u00e0 di circa 200.000 persone, ha criticato quella decisione definendola &#8220;incomprensibile&#8221;.<\/span><\/span><span class=\"jCAhz ChMk0b\"><span class=\"ryNqvb\"> &#8220;<\/span><\/span><\/span><\/p>\n<p><span class=\"HwtZe\" lang=\"it\"><span class=\"jCAhz ChMk0b\"><span class=\"ryNqvb\">Il grido di battaglia di Hamas significa l&#8217;annientamento di Israele e l&#8217;espulsione e la distruzione degli ebrei che vivono l\u00ec&#8221;, ha affermato, aggiungendo che era &#8220;urgente dovere&#8221; dello stato tedesco &#8220;creare chiarezza&#8221; sulla frase.<\/span><\/span><\/span><\/p>\n<p id=\"ow2454\">\n<\/div>\n<div class=\"UdTY9 WdefRb\" aria-hidden=\"true\" data-location=\"2\"><\/div>\n<\/div>\n<div class=\"UdTY9 WdefRb\" aria-hidden=\"true\" data-location=\"2\"><\/div>\n","protected":false},"excerpt":{"rendered":"<p>6 agosto 2024 German court convicts activist for leading \u2018from the river to the sea\u2019 chant | Germany | The Guardian Il giudice afferma che la frase &#8220;nega il diritto di Israele ad esistere&#8221;, ma l&#8217;avvocato della donna afferma che &hellip; <a href=\"https:\/\/reteitalianaism.it\/reteism\/index.php\/2024\/08\/07\/tribunale-tedesco-condanna-unattivista-per-aver-guidato-il-coro-from-the-river-to-the-sea\/\">Continue reading <span class=\"meta-nav\">&rarr;<\/span><\/a><\/p>\n","protected":false},"author":6,"featured_media":0,"comment_status":"open","ping_status":"open","sticky":false,"template":"","format":"standard","meta":{"footnotes":""},"categories":[3],"tags":[9,819,179,410],"class_list":["post-20972","post","type-post","status-publish","format-standard","hentry","category-info","tag-apartheid","tag-from-the-river-to-the-sea","tag-genocidio","tag-liberta"],"_links":{"self":[{"href":"https:\/\/reteitalianaism.it\/reteism\/index.php\/wp-json\/wp\/v2\/posts\/20972","targetHints":{"allow":["GET"]}}],"collection":[{"href":"https:\/\/reteitalianaism.it\/reteism\/index.php\/wp-json\/wp\/v2\/posts"}],"about":[{"href":"https:\/\/reteitalianaism.it\/reteism\/index.php\/wp-json\/wp\/v2\/types\/post"}],"author":[{"embeddable":true,"href":"https:\/\/reteitalianaism.it\/reteism\/index.php\/wp-json\/wp\/v2\/users\/6"}],"replies":[{"embeddable":true,"href":"https:\/\/reteitalianaism.it\/reteism\/index.php\/wp-json\/wp\/v2\/comments?post=20972"}],"version-history":[{"count":2,"href":"https:\/\/reteitalianaism.it\/reteism\/index.php\/wp-json\/wp\/v2\/posts\/20972\/revisions"}],"predecessor-version":[{"id":20975,"href":"https:\/\/reteitalianaism.it\/reteism\/index.php\/wp-json\/wp\/v2\/posts\/20972\/revisions\/20975"}],"wp:attachment":[{"href":"https:\/\/reteitalianaism.it\/reteism\/index.php\/wp-json\/wp\/v2\/media?parent=20972"}],"wp:term":[{"taxonomy":"category","embeddable":true,"href":"https:\/\/reteitalianaism.it\/reteism\/index.php\/wp-json\/wp\/v2\/categories?post=20972"},{"taxonomy":"post_tag","embeddable":true,"href":"https:\/\/reteitalianaism.it\/reteism\/index.php\/wp-json\/wp\/v2\/tags?post=20972"}],"curies":[{"name":"wp","href":"https:\/\/api.w.org\/{rel}","templated":true}]}}