{"id":21070,"date":"2024-08-30T09:36:45","date_gmt":"2024-08-30T07:36:45","guid":{"rendered":"http:\/\/reteitalianaism.it\/reteism\/?p=21070"},"modified":"2024-08-30T09:36:54","modified_gmt":"2024-08-30T07:36:54","slug":"zanuta-storia-di-un-ritorno","status":"publish","type":"post","link":"https:\/\/reteitalianaism.it\/reteism\/index.php\/2024\/08\/30\/zanuta-storia-di-un-ritorno\/","title":{"rendered":"Zanuta: storia di un ritorno"},"content":{"rendered":"<p>30 agosto 2024<\/p>\n<p><a href=\"https:\/\/palsolidarity.org\/2024\/08\/zanuta-a-story-of-return\/\">Zanuta: A Story of Return \u2013 International Solidarity Movement (palsolidarity.org)<\/a><\/p>\n<div id=\"attachment_21071\" style=\"width: 439px\" class=\"wp-caption aligncenter\"><a href=\"http:\/\/reteitalianaism.it\/reteism\/wp-content\/uploads\/2024\/08\/signal-2024-08-25-145724_002.jpg\"><img loading=\"lazy\" decoding=\"async\" aria-describedby=\"caption-attachment-21071\" class=\" wp-image-21071\" src=\"http:\/\/reteitalianaism.it\/reteism\/wp-content\/uploads\/2024\/08\/signal-2024-08-25-145724_002-300x225.jpg\" alt=\"\" width=\"429\" height=\"322\" srcset=\"https:\/\/reteitalianaism.it\/reteism\/wp-content\/uploads\/2024\/08\/signal-2024-08-25-145724_002-300x225.jpg 300w, https:\/\/reteitalianaism.it\/reteism\/wp-content\/uploads\/2024\/08\/signal-2024-08-25-145724_002-1024x768.jpg 1024w, https:\/\/reteitalianaism.it\/reteism\/wp-content\/uploads\/2024\/08\/signal-2024-08-25-145724_002-768x576.jpg 768w, https:\/\/reteitalianaism.it\/reteism\/wp-content\/uploads\/2024\/08\/signal-2024-08-25-145724_002-1536x1152.jpg 1536w, https:\/\/reteitalianaism.it\/reteism\/wp-content\/uploads\/2024\/08\/signal-2024-08-25-145724_002.jpg 2048w\" sizes=\"auto, (max-width: 429px) 100vw, 429px\" \/><\/a><p id=\"caption-attachment-21071\" class=\"wp-caption-text\">famiglie che tornano a Zanuta<\/p><\/div>\n<p>26 agosto 2024 &#8211; International Solidarity Movement, Masafer Yatta<\/p>\n<p>Mercoled\u00ec 21 agosto, a seguito di un ordine del tribunale atteso da tempo, le famiglie di Zanuta, a Masafer Yatta, sono tornate al loro villaggio per la prima volta in 10 mesi dopo essere state sfollate con la forza, determinate a ricostruire la loro casa dalle macerie rimaste del loro villaggio.<!--more--><\/p>\n<div id=\"attachment_21072\" style=\"width: 405px\" class=\"wp-caption aligncenter\"><a href=\"http:\/\/reteitalianaism.it\/reteism\/wp-content\/uploads\/2024\/08\/signal-2024-08-25-145724_003.jpg\"><img loading=\"lazy\" decoding=\"async\" aria-describedby=\"caption-attachment-21072\" class=\" wp-image-21072\" src=\"http:\/\/reteitalianaism.it\/reteism\/wp-content\/uploads\/2024\/08\/signal-2024-08-25-145724_003-300x225.jpg\" alt=\"\" width=\"395\" height=\"296\" srcset=\"https:\/\/reteitalianaism.it\/reteism\/wp-content\/uploads\/2024\/08\/signal-2024-08-25-145724_003-300x225.jpg 300w, https:\/\/reteitalianaism.it\/reteism\/wp-content\/uploads\/2024\/08\/signal-2024-08-25-145724_003-1024x768.jpg 1024w, https:\/\/reteitalianaism.it\/reteism\/wp-content\/uploads\/2024\/08\/signal-2024-08-25-145724_003-768x576.jpg 768w, https:\/\/reteitalianaism.it\/reteism\/wp-content\/uploads\/2024\/08\/signal-2024-08-25-145724_003-1536x1152.jpg 1536w, https:\/\/reteitalianaism.it\/reteism\/wp-content\/uploads\/2024\/08\/signal-2024-08-25-145724_003.jpg 2048w\" sizes=\"auto, (max-width: 395px) 100vw, 395px\" \/><\/a><p id=\"caption-attachment-21072\" class=\"wp-caption-text\">famiglie che tornano a Zanuta<\/p><\/div>\n<p><span class=\"jCAhz ChMk0b\"><span class=\"ryNqvb\">Alla fine di ottobre 2023, i coloni hanno detto ai residenti di Zanuta che se non se ne fossero andati entro 24 ore, li avrebbero uccisi tutti quanti.<\/span><\/span><\/p>\n<p><span class=\"jCAhz ChMk0b\"><span class=\"ryNqvb\">Tutti i residenti di Zanuta, che avevano gi\u00e0 sopportato la violenza senza fine di questi coloni, dall&#8217;impossibilit\u00e0 di portare il bestiame al pascolo, ai danni alla propriet\u00e0, agli attacchi fisici, alle invasioni e alle aggressioni domestiche, sono stati forzatamente sfollati dalle loro terre e dalle loro case.<\/span><\/span><\/p>\n<p><span class=\"jCAhz\"><span class=\"ryNqvb\">Mercoled\u00ec, le famiglie e le greggi sono tornati nelle loro terre.<\/span><\/span> <span class=\"jCAhz\"><span class=\"ryNqvb\">I palestinesi hanno trionfalmente condotto le loro greggi sulle loro terre, si sono accampati tra le rovine delle loro case e hanno puntellato il tetto distrutto della scuola usando pezzi di rottami metallici.<\/span><\/span><\/p>\n<p><span class=\"jCAhz\"><span class=\"ryNqvb\">Dopo che le famiglie hanno lasciato Zanuta a ottobre, i coloni sono entrati nel villaggio e hanno rimosso i tetti degli edifici.<\/span><\/span> <span class=\"jCAhz\"><span class=\"ryNqvb\">Era inverno, quindi era impossibile per le famiglie tornare.<\/span><\/span> <span class=\"jCAhz\"><span class=\"ryNqvb\">A novembre, sono tornati brevemente per cercare di lavorare la loro terra.<\/span><\/span> <span class=\"jCAhz ChMk0b\"><span class=\"ryNqvb\">Quando hanno cercato di ricostruire i tetti, sono stati fermati dall&#8217;esercito che ha detto che si trattava di costruzione non autorizzata.<\/span><\/span><span class=\"jCAhz\"><span class=\"ryNqvb\"> In seguito i coloni sono tornati per distruggere tutto.<\/span><\/span> <span class=\"jCAhz ChMk0b\"><span class=\"ryNqvb\">Le case e la scuola hanno avuto i muri e il contenuto distrutti.<\/span><\/span> <span class=\"jCAhz\"><span class=\"ryNqvb\">Gli alberi sono stati tagliati e i pannelli solari distrutti.<\/span><\/span><\/p>\n<p><span class=\"jCAhz ChMk0b\"><span class=\"ryNqvb\">Sebbene non permettessero ai palestinesi di tornare e prendersi cura delle loro terre, i coloni hanno arato la terra da soli.<\/span><\/span> <span class=\"jCAhz ChMk0b\"><span class=\"ryNqvb\">Arare la terra palestinese rendendo impossibile il ritorno \u00e8 una tattica legale usata dai coloni per aumentare la loro &#8220;rivendicazione&#8221; sulla terra secondo la legge israeliana.<\/span><\/span><\/p>\n<p><span class=\"jCAhz\"><span class=\"ryNqvb\">Un ordine della corte suprema emesso alcune settimane fa afferma che gli abitanti del villaggio possono tornare a Zanuta (e al villaggio pi\u00f9 piccolo di fronte a Zanuta).<\/span><\/span> <span class=\"jCAhz\"><span class=\"ryNqvb\">L&#8217;ordine definisce anche Zanuta come zona di tiro, il che significa che non \u00e8 autorizzata alcuna nuova costruzione.<\/span><\/span> <span class=\"jCAhz ChMk0b\"><span class=\"ryNqvb\">Con questo ordine della corte, l&#8217;esercito israeliano \u00e8 tenuto a supportare il ritorno sicuro degli abitanti del villaggio, tuttavia esercito e polizia hanno fatto solo visite superficiali.<\/span><\/span><\/p>\n<p><span class=\"jCAhz ChMk0b\"><span class=\"ryNqvb\">Zanuta \u00e8 vicina all&#8217;avamposto di Havant Meitarim (&#8220;fattoria di corde&#8221;), i cui coloni Yinon Levi e Ilay Federman (figlio del famoso terrorista kahanista di destra Noam Federman) erano tra quelli sanzionati dagli Stati Uniti.<\/span><\/span><span class=\"jCAhz ChMk0b\"><span class=\"ryNqvb\"> Se sapete qualcosa del 48, sapete che i presunti ordini del tribunale hanno poco o nessun significato nel garantire la sicurezza dei residenti di Zanuta quando tornano a casa.<\/span><\/span><\/p>\n<p><span class=\"jCAhz ChMk0b\"><span class=\"ryNqvb\">Sono ancora legalmente impossibilitati a trasformare Zanuta di nuovo in casa a causa delle restrizioni di &#8220;costruzione non autorizzata&#8221;.<\/span><\/span><span class=\"jCAhz ChMk0b\"><span class=\"ryNqvb\"> Se sapete qualcosa del popolo palestinese, sapete che il &#8220;sumud&#8221; continuer\u00e0 comunque.<\/span><\/span><\/p>\n<div class=\"mceTemp\"><\/div>\n<p><a href=\"http:\/\/reteitalianaism.it\/reteism\/wp-content\/uploads\/2024\/08\/signal-2024-08-23-201458_017.jpg\"><img loading=\"lazy\" decoding=\"async\" class=\" wp-image-21073 aligncenter\" src=\"http:\/\/reteitalianaism.it\/reteism\/wp-content\/uploads\/2024\/08\/signal-2024-08-23-201458_017-225x300.jpg\" alt=\"\" width=\"294\" height=\"392\" srcset=\"https:\/\/reteitalianaism.it\/reteism\/wp-content\/uploads\/2024\/08\/signal-2024-08-23-201458_017-225x300.jpg 225w, https:\/\/reteitalianaism.it\/reteism\/wp-content\/uploads\/2024\/08\/signal-2024-08-23-201458_017-768x1024.jpg 768w, https:\/\/reteitalianaism.it\/reteism\/wp-content\/uploads\/2024\/08\/signal-2024-08-23-201458_017-1152x1536.jpg 1152w, https:\/\/reteitalianaism.it\/reteism\/wp-content\/uploads\/2024\/08\/signal-2024-08-23-201458_017.jpg 1200w\" sizes=\"auto, (max-width: 294px) 100vw, 294px\" \/><\/a><\/p>\n<div id=\"attachment_21074\" style=\"width: 311px\" class=\"wp-caption aligncenter\"><a href=\"http:\/\/reteitalianaism.it\/reteism\/wp-content\/uploads\/2024\/08\/signal-2024-08-23-201458_021.jpg\"><img loading=\"lazy\" decoding=\"async\" aria-describedby=\"caption-attachment-21074\" class=\"wp-image-21074 \" src=\"http:\/\/reteitalianaism.it\/reteism\/wp-content\/uploads\/2024\/08\/signal-2024-08-23-201458_021-225x300.jpg\" alt=\"\" width=\"301\" height=\"401\" srcset=\"https:\/\/reteitalianaism.it\/reteism\/wp-content\/uploads\/2024\/08\/signal-2024-08-23-201458_021-225x300.jpg 225w, https:\/\/reteitalianaism.it\/reteism\/wp-content\/uploads\/2024\/08\/signal-2024-08-23-201458_021-768x1024.jpg 768w, https:\/\/reteitalianaism.it\/reteism\/wp-content\/uploads\/2024\/08\/signal-2024-08-23-201458_021-1152x1536.jpg 1152w, https:\/\/reteitalianaism.it\/reteism\/wp-content\/uploads\/2024\/08\/signal-2024-08-23-201458_021.jpg 1200w\" sizes=\"auto, (max-width: 301px) 100vw, 301px\" \/><\/a><p id=\"caption-attachment-21074\" class=\"wp-caption-text\">la scuola distrutta<\/p><\/div>\n<div id=\"attachment_21075\" style=\"width: 306px\" class=\"wp-caption aligncenter\"><a href=\"http:\/\/reteitalianaism.it\/reteism\/wp-content\/uploads\/2024\/08\/signal-2024-08-23-201458_008.jpg\"><img loading=\"lazy\" decoding=\"async\" aria-describedby=\"caption-attachment-21075\" class=\" wp-image-21075\" src=\"http:\/\/reteitalianaism.it\/reteism\/wp-content\/uploads\/2024\/08\/signal-2024-08-23-201458_008-225x300.jpg\" alt=\"\" width=\"296\" height=\"395\" srcset=\"https:\/\/reteitalianaism.it\/reteism\/wp-content\/uploads\/2024\/08\/signal-2024-08-23-201458_008-225x300.jpg 225w, https:\/\/reteitalianaism.it\/reteism\/wp-content\/uploads\/2024\/08\/signal-2024-08-23-201458_008-768x1024.jpg 768w, https:\/\/reteitalianaism.it\/reteism\/wp-content\/uploads\/2024\/08\/signal-2024-08-23-201458_008-1152x1536.jpg 1152w, https:\/\/reteitalianaism.it\/reteism\/wp-content\/uploads\/2024\/08\/signal-2024-08-23-201458_008.jpg 1200w\" sizes=\"auto, (max-width: 296px) 100vw, 296px\" \/><\/a><p id=\"caption-attachment-21075\" class=\"wp-caption-text\">case distrutte<\/p><\/div>\n<p>&nbsp;<\/p>\n","protected":false},"excerpt":{"rendered":"<p>30 agosto 2024 Zanuta: A Story of Return \u2013 International Solidarity Movement (palsolidarity.org) 26 agosto 2024 &#8211; International Solidarity Movement, Masafer Yatta Mercoled\u00ec 21 agosto, a seguito di un ordine del tribunale atteso da tempo, le famiglie di Zanuta, a &hellip; <a href=\"https:\/\/reteitalianaism.it\/reteism\/index.php\/2024\/08\/30\/zanuta-storia-di-un-ritorno\/\">Continue reading <span class=\"meta-nav\">&rarr;<\/span><\/a><\/p>\n","protected":false},"author":6,"featured_media":0,"comment_status":"open","ping_status":"open","sticky":false,"template":"","format":"standard","meta":{"footnotes":""},"categories":[3],"tags":[9,24,179,345,37,446],"class_list":["post-21070","post","type-post","status-publish","format-standard","hentry","category-info","tag-apartheid","tag-diritto-al-ritorno","tag-genocidio","tag-masafer-yatta","tag-occupazione","tag-sfollamento"],"_links":{"self":[{"href":"https:\/\/reteitalianaism.it\/reteism\/index.php\/wp-json\/wp\/v2\/posts\/21070","targetHints":{"allow":["GET"]}}],"collection":[{"href":"https:\/\/reteitalianaism.it\/reteism\/index.php\/wp-json\/wp\/v2\/posts"}],"about":[{"href":"https:\/\/reteitalianaism.it\/reteism\/index.php\/wp-json\/wp\/v2\/types\/post"}],"author":[{"embeddable":true,"href":"https:\/\/reteitalianaism.it\/reteism\/index.php\/wp-json\/wp\/v2\/users\/6"}],"replies":[{"embeddable":true,"href":"https:\/\/reteitalianaism.it\/reteism\/index.php\/wp-json\/wp\/v2\/comments?post=21070"}],"version-history":[{"count":1,"href":"https:\/\/reteitalianaism.it\/reteism\/index.php\/wp-json\/wp\/v2\/posts\/21070\/revisions"}],"predecessor-version":[{"id":21076,"href":"https:\/\/reteitalianaism.it\/reteism\/index.php\/wp-json\/wp\/v2\/posts\/21070\/revisions\/21076"}],"wp:attachment":[{"href":"https:\/\/reteitalianaism.it\/reteism\/index.php\/wp-json\/wp\/v2\/media?parent=21070"}],"wp:term":[{"taxonomy":"category","embeddable":true,"href":"https:\/\/reteitalianaism.it\/reteism\/index.php\/wp-json\/wp\/v2\/categories?post=21070"},{"taxonomy":"post_tag","embeddable":true,"href":"https:\/\/reteitalianaism.it\/reteism\/index.php\/wp-json\/wp\/v2\/tags?post=21070"}],"curies":[{"name":"wp","href":"https:\/\/api.w.org\/{rel}","templated":true}]}}