{"id":21120,"date":"2024-09-07T14:29:42","date_gmt":"2024-09-07T12:29:42","guid":{"rendered":"http:\/\/reteitalianaism.it\/reteism\/?p=21120"},"modified":"2024-09-07T14:29:47","modified_gmt":"2024-09-07T12:29:47","slug":"lesercito-israeliano-uccide-una-bambina-palestinese-in-cisgiordania-ministero-della-salute","status":"publish","type":"post","link":"https:\/\/reteitalianaism.it\/reteism\/index.php\/2024\/09\/07\/lesercito-israeliano-uccide-una-bambina-palestinese-in-cisgiordania-ministero-della-salute\/","title":{"rendered":"L&#8217;esercito israeliano uccide una bambina palestinese in Cisgiordania: Ministero della Salute"},"content":{"rendered":"<p>7 ottobre 2024<\/p>\n<p><a href=\"https:\/\/www.middleeastmonitor.com\/20240907-israeli-army-kills-palestinian-girl-in-west-bank-health-ministry\/\">https:\/\/www.middleeastmonitor.com\/20240907-israeli-army-kills-palestinian-girl-in-west-bank-health-ministry\/<\/a><\/p>\n<p><div id=\"attachment_21121\" style=\"width: 457px\" class=\"wp-caption aligncenter\"><a href=\"http:\/\/reteitalianaism.it\/reteism\/wp-content\/uploads\/2024\/09\/AA-20240907-35586409-35586394-ISRAELI_ARMY_KILLS_PALESTINIAN_GIRL_IN_WEST_BANK.jpg\"><img loading=\"lazy\" decoding=\"async\" aria-describedby=\"caption-attachment-21121\" class=\" wp-image-21121\" src=\"http:\/\/reteitalianaism.it\/reteism\/wp-content\/uploads\/2024\/09\/AA-20240907-35586409-35586394-ISRAELI_ARMY_KILLS_PALESTINIAN_GIRL_IN_WEST_BANK-300x200.jpg\" alt=\"\" width=\"447\" height=\"298\" srcset=\"https:\/\/reteitalianaism.it\/reteism\/wp-content\/uploads\/2024\/09\/AA-20240907-35586409-35586394-ISRAELI_ARMY_KILLS_PALESTINIAN_GIRL_IN_WEST_BANK-300x200.jpg 300w, https:\/\/reteitalianaism.it\/reteism\/wp-content\/uploads\/2024\/09\/AA-20240907-35586409-35586394-ISRAELI_ARMY_KILLS_PALESTINIAN_GIRL_IN_WEST_BANK-1024x683.jpg 1024w, https:\/\/reteitalianaism.it\/reteism\/wp-content\/uploads\/2024\/09\/AA-20240907-35586409-35586394-ISRAELI_ARMY_KILLS_PALESTINIAN_GIRL_IN_WEST_BANK-768x512.jpg 768w, https:\/\/reteitalianaism.it\/reteism\/wp-content\/uploads\/2024\/09\/AA-20240907-35586409-35586394-ISRAELI_ARMY_KILLS_PALESTINIAN_GIRL_IN_WEST_BANK.jpg 1200w\" sizes=\"auto, (max-width: 447px) 100vw, 447px\" \/><\/a><p id=\"caption-attachment-21121\" class=\"wp-caption-text\">La cerimonia funebre tenutasi per Bana Amjad Bakar Laboum, 13 anni, uccisa dalle forze israeliane con proiettili, a Nablus, Cisgiordania, il 7 settembre 2024. [Nedal Eshtayah \u2013 Anadolu Agency]<\/p><\/div>Una ragazza palestinese \u00e8 stata uccisa venerd\u00ec da colpi d&#8217;arma da fuoco dell&#8217;esercito israeliano nella Cisgiordania settentrionale occupata, riferisce l&#8217;agenzia Anadolu.<br \/>\nLa morte \u00e8 avvenuta poche ore dopo l&#8217;uccisione di un attivista turco-americano.<br \/>\nIl Ministero della Salute palestinese ha riferito della morte di Bana Amjad Bakar Laboum, 13 anni, e ha affermato che \u00e8 stata uccisa dalle forze israeliane a Qaryut, a sud di Nablus.<br \/>\nLa Mezzaluna Rossa palestinese ha confermato che le squadre hanno trasportato Bana, che era stata colpita al petto.<br \/>\nIl paramedico Youssef Dayriah della citt\u00e0 di Aqraba ha detto ad Anadolu che la ragazza \u00e8 stata colpita al cuore mentre guardava fuori da una finestra della casa della sua famiglia.<br \/>\nHa notato che le sue ferite coincidevano con gli attacchi dell&#8217;esercito e dei coloni illegali nel villaggio.<!--more--><\/p>\n<p>Scontri sono scoppiati tra le forze israeliane e i residenti di Qaryut dopo le preghiere del venerd\u00ec, durante le quali l&#8217;esercito ha utilizzato munizioni vere, bombe sonore e gas lacrimogeni.<br \/>\nVenerd\u00ec mattina, l&#8217;attivista turco-americana Aysenur Ezgi Eygi \u00e8 stata uccisa dai soldati israeliani nella citt\u00e0 di Beita, a Nablus.<br \/>\nFouad Nafea, direttrice del Rafidia Government Hospital di Nablus, ha detto ad Anadolu che \u00e8 arrivata alla struttura con una ferita alla testa causata da colpi d&#8217;arma da fuoco. Nonostante gli sforzi per rianimarla, non \u00e8 sopravvissuta.<br \/>\nTestimoni avevano precedentemente riferito ad Anadolu che le forze israeliane avevano sparato proiettili veri contro i palestinesi che partecipavano a una protesta contro l&#8217;espansione degli insediamenti a Beita.<br \/>\nLe tensioni sono aumentate in tutta la Cisgiordania occupata mentre Israele continua l&#8217;assalto alla Striscia di Gaza, che ha ucciso circa 40.900 palestinesi, per lo pi\u00f9 donne e bambini, dal 7 ottobre.<br \/>\nDa allora, almeno 691 vittime sono state uccise e pi\u00f9 di 5.700 sono rimaste ferite dal fuoco israeliano in Cisgiordania, secondo il Ministero della Salute.<\/p>\n","protected":false},"excerpt":{"rendered":"<p>7 ottobre 2024 https:\/\/www.middleeastmonitor.com\/20240907-israeli-army-kills-palestinian-girl-in-west-bank-health-ministry\/ Una ragazza palestinese \u00e8 stata uccisa venerd\u00ec da colpi d&#8217;arma da fuoco dell&#8217;esercito israeliano nella Cisgiordania settentrionale occupata, riferisce l&#8217;agenzia Anadolu. La morte \u00e8 avvenuta poche ore dopo l&#8217;uccisione di un attivista turco-americano. Il Ministero della &hellip; <a href=\"https:\/\/reteitalianaism.it\/reteism\/index.php\/2024\/09\/07\/lesercito-israeliano-uccide-una-bambina-palestinese-in-cisgiordania-ministero-della-salute\/\">Continue reading <span class=\"meta-nav\">&rarr;<\/span><\/a><\/p>\n","protected":false},"author":6,"featured_media":0,"comment_status":"open","ping_status":"open","sticky":false,"template":"","format":"standard","meta":{"footnotes":""},"categories":[3],"tags":[9,183,34,37,140,53],"class_list":["post-21120","post","type-post","status-publish","format-standard","hentry","category-info","tag-apartheid","tag-cisgiordania","tag-nablus","tag-occupazione","tag-uccisioni","tag-west-bank"],"_links":{"self":[{"href":"https:\/\/reteitalianaism.it\/reteism\/index.php\/wp-json\/wp\/v2\/posts\/21120","targetHints":{"allow":["GET"]}}],"collection":[{"href":"https:\/\/reteitalianaism.it\/reteism\/index.php\/wp-json\/wp\/v2\/posts"}],"about":[{"href":"https:\/\/reteitalianaism.it\/reteism\/index.php\/wp-json\/wp\/v2\/types\/post"}],"author":[{"embeddable":true,"href":"https:\/\/reteitalianaism.it\/reteism\/index.php\/wp-json\/wp\/v2\/users\/6"}],"replies":[{"embeddable":true,"href":"https:\/\/reteitalianaism.it\/reteism\/index.php\/wp-json\/wp\/v2\/comments?post=21120"}],"version-history":[{"count":1,"href":"https:\/\/reteitalianaism.it\/reteism\/index.php\/wp-json\/wp\/v2\/posts\/21120\/revisions"}],"predecessor-version":[{"id":21122,"href":"https:\/\/reteitalianaism.it\/reteism\/index.php\/wp-json\/wp\/v2\/posts\/21120\/revisions\/21122"}],"wp:attachment":[{"href":"https:\/\/reteitalianaism.it\/reteism\/index.php\/wp-json\/wp\/v2\/media?parent=21120"}],"wp:term":[{"taxonomy":"category","embeddable":true,"href":"https:\/\/reteitalianaism.it\/reteism\/index.php\/wp-json\/wp\/v2\/categories?post=21120"},{"taxonomy":"post_tag","embeddable":true,"href":"https:\/\/reteitalianaism.it\/reteism\/index.php\/wp-json\/wp\/v2\/tags?post=21120"}],"curies":[{"name":"wp","href":"https:\/\/api.w.org\/{rel}","templated":true}]}}