{"id":21134,"date":"2024-09-10T10:04:04","date_gmt":"2024-09-10T08:04:04","guid":{"rendered":"http:\/\/reteitalianaism.it\/reteism\/?p=21134"},"modified":"2024-09-10T10:04:10","modified_gmt":"2024-09-10T08:04:10","slug":"dichiarazione-rilasciata-dal-comune-di-beita-in-merito-al-martirio-dellattivista-straniera-sul-monte-sabih","status":"publish","type":"post","link":"https:\/\/reteitalianaism.it\/reteism\/index.php\/2024\/09\/10\/dichiarazione-rilasciata-dal-comune-di-beita-in-merito-al-martirio-dellattivista-straniera-sul-monte-sabih\/","title":{"rendered":"Dichiarazione rilasciata dal comune di Beita in merito al martirio dell&#8217;attivista straniera sul monte Sabih"},"content":{"rendered":"<p>7 settembre 2024<\/p>\n<p><a href=\"https:\/\/palsolidarity.org\/2024\/09\/statement-issued-by-beita-municipality-regarding-the-martyrdom-of-the-foreign-solidarity-activist-on-mount-sabih\/\">Statement issued by Beita municipality regarding the martyrdom of the foreign solidarity activist on Mount Sabih &#8211; International Solidarity Movement (palsolidarity.org)<\/a><\/p>\n<p><a href=\"http:\/\/reteitalianaism.it\/reteism\/wp-content\/uploads\/2024\/09\/P1000945.jpg\"><img loading=\"lazy\" decoding=\"async\" class=\" wp-image-21135 aligncenter\" src=\"http:\/\/reteitalianaism.it\/reteism\/wp-content\/uploads\/2024\/09\/P1000945-300x225.jpg\" alt=\"\" width=\"447\" height=\"335\" srcset=\"https:\/\/reteitalianaism.it\/reteism\/wp-content\/uploads\/2024\/09\/P1000945-300x225.jpg 300w, https:\/\/reteitalianaism.it\/reteism\/wp-content\/uploads\/2024\/09\/P1000945.jpg 640w\" sizes=\"auto, (max-width: 447px) 100vw, 447px\" \/><\/a><span class=\"HwtZe\" lang=\"it\"><span class=\"jCAhz ChMk0b\"><span class=\"ryNqvb\">\u200eIl comune di Beita condanna con la massima fermezza l&#8217;esecuzione criminale commessa dalle forze di occupazione contro l&#8217;attivista solidale americana di origine turca, Ay\u015fenur Ezgi Eygi, avvenuta sparandole proiettili veri e colpendola direttamente alla testa. \u00c8 caduta sulla terra della nostra citt\u00e0 di Beita, questo il suo ultimo messaggio di solidariet\u00e0, scritto col sangue, contro l&#8217;ingiustizia e la tirannia. <\/span><\/span><\/span><!--more--><span class=\"HwtZe\" lang=\"it\"><span class=\"jCAhz ChMk0b\"><span class=\"ryNqvb\">La martire Ay\u015fenur \u00e8 morta mentre portava avanti il \u200b\u200bsuo nobile messaggio, in solidariet\u00e0 e sostegno ai legittimi e giusti diritti del popolo palestinese, e mentre fronteggiava i piani dello Stado di occupazione di insediarsi sul monte Sabih, parte autentica della citt\u00e0 di Beita. <\/span><\/span><\/span><\/p>\n<p><span class=\"HwtZe\" lang=\"it\"><span class=\"jCAhz ChMk0b\"><span class=\"ryNqvb\">Il comune di Beita chiede che l&#8217;amministrazione americana in particolare, e la comunit\u00e0 internazionale in generale, esercitino una pressione reale sul governo israeliano affinch\u00e9 rimuova l&#8217;insediamento sul monte Sabih da parte di un gruppo estremista di coloni, che ha portato sin dalla sua fondazione negli ultimi tre anni a un&#8217;esplosione della situazione a Beita e nei suoi dintorni, portando al martirio di quindici cittadini, ultima dei quali la cittadina americana Ay\u015fenur Ezgi Eygi, oltre al ferimento di migliaia di cittadini. <\/span><\/span><\/span><\/p>\n<p><span class=\"HwtZe\" lang=\"it\"><span class=\"jCAhz ChMk0b\"><span class=\"ryNqvb\">Il comune di Beita invita la comunit\u00e0 internazionale e l&#8217;amministrazione americana in particolare ad aprire una commissione d&#8217;inchiesta sull&#8217;assassinio della cittadina americana uccisa dai proiettili americani per mano delle forze di occupazione israeliane, e invita inoltre la comunit\u00e0 internazionale a intervenire urgentemente per fermare i crimini commessi nella nostra citt\u00e0 di Beita e in tutte le aree palestinesi. <\/span><\/span><\/span><\/p>\n<p><span class=\"HwtZe\" lang=\"it\"><span class=\"jCAhz ChMk0b\"><span class=\"ryNqvb\">Il comune di Beita esprime le sue pi\u00f9 sincere condoglianze alla sua famiglia, ai suoi amici e ai suoi cari, e chiediamo a Dio di ispirare loro tutti pazienza e conforto.<\/span><\/span><\/span><\/p>\n<div class=\"OvtS8d\"><\/div>\n<div id=\"ow15\"><\/div>\n<div class=\"UdTY9 WdefRb\" aria-hidden=\"true\" data-location=\"2\"><\/div>\n","protected":false},"excerpt":{"rendered":"<p>7 settembre 2024 Statement issued by Beita municipality regarding the martyrdom of the foreign solidarity activist on Mount Sabih &#8211; International Solidarity Movement (palsolidarity.org) \u200eIl comune di Beita condanna con la massima fermezza l&#8217;esecuzione criminale commessa dalle forze di occupazione &hellip; <a href=\"https:\/\/reteitalianaism.it\/reteism\/index.php\/2024\/09\/10\/dichiarazione-rilasciata-dal-comune-di-beita-in-merito-al-martirio-dellattivista-straniera-sul-monte-sabih\/\">Continue reading <span class=\"meta-nav\">&rarr;<\/span><\/a><\/p>\n","protected":false},"author":6,"featured_media":0,"comment_status":"open","ping_status":"open","sticky":false,"template":"","format":"standard","meta":{"footnotes":""},"categories":[3],"tags":[9,392,179,513,457,299],"class_list":["post-21134","post","type-post","status-publish","format-standard","hentry","category-info","tag-apartheid","tag-beita","tag-genocidio","tag-international-solidarity-movement","tag-martiri","tag-solidarieta"],"_links":{"self":[{"href":"https:\/\/reteitalianaism.it\/reteism\/index.php\/wp-json\/wp\/v2\/posts\/21134","targetHints":{"allow":["GET"]}}],"collection":[{"href":"https:\/\/reteitalianaism.it\/reteism\/index.php\/wp-json\/wp\/v2\/posts"}],"about":[{"href":"https:\/\/reteitalianaism.it\/reteism\/index.php\/wp-json\/wp\/v2\/types\/post"}],"author":[{"embeddable":true,"href":"https:\/\/reteitalianaism.it\/reteism\/index.php\/wp-json\/wp\/v2\/users\/6"}],"replies":[{"embeddable":true,"href":"https:\/\/reteitalianaism.it\/reteism\/index.php\/wp-json\/wp\/v2\/comments?post=21134"}],"version-history":[{"count":1,"href":"https:\/\/reteitalianaism.it\/reteism\/index.php\/wp-json\/wp\/v2\/posts\/21134\/revisions"}],"predecessor-version":[{"id":21136,"href":"https:\/\/reteitalianaism.it\/reteism\/index.php\/wp-json\/wp\/v2\/posts\/21134\/revisions\/21136"}],"wp:attachment":[{"href":"https:\/\/reteitalianaism.it\/reteism\/index.php\/wp-json\/wp\/v2\/media?parent=21134"}],"wp:term":[{"taxonomy":"category","embeddable":true,"href":"https:\/\/reteitalianaism.it\/reteism\/index.php\/wp-json\/wp\/v2\/categories?post=21134"},{"taxonomy":"post_tag","embeddable":true,"href":"https:\/\/reteitalianaism.it\/reteism\/index.php\/wp-json\/wp\/v2\/tags?post=21134"}],"curies":[{"name":"wp","href":"https:\/\/api.w.org\/{rel}","templated":true}]}}