{"id":21213,"date":"2024-09-29T16:30:19","date_gmt":"2024-09-29T14:30:19","guid":{"rendered":"http:\/\/reteitalianaism.it\/reteism\/?p=21213"},"modified":"2024-09-29T16:30:19","modified_gmt":"2024-09-29T14:30:19","slug":"palestina-e-libano-stanno-vivendo-lo-stesso-incubo-ne-usciremo-insieme","status":"publish","type":"post","link":"https:\/\/reteitalianaism.it\/reteism\/index.php\/2024\/09\/29\/palestina-e-libano-stanno-vivendo-lo-stesso-incubo-ne-usciremo-insieme\/","title":{"rendered":"Palestina e Libano stanno vivendo lo stesso incubo. Ne usciremo insieme"},"content":{"rendered":"<p style=\"text-align: justify;\"><a href=\"https:\/\/www.972mag.com\/gaza-lebanon-same-nightmare\/\">https:\/\/www.972mag.com\/<\/a><\/p>\n<p style=\"text-align: justify;\"><strong>29 settembre 2024\u00a0 \u00a0 \u00a0 \u00a0 <\/strong><em>Mohammed R. Mhawish\u00a0<\/em><\/p>\n<p style=\"text-align: justify;\">Il popolo libanese sa che le nostre lotte sono intrecciate; che le bombe che uccidono i loro figli sono le stesse che uccidono i nostri a Gaza.<\/p>\n<div id=\"attachment_21214\" style=\"width: 509px\" class=\"wp-caption aligncenter\"><a href=\"http:\/\/reteitalianaism.it\/reteism\/wp-content\/uploads\/2024\/09\/F240928NI04-1200x802-1.jpg\"><img loading=\"lazy\" decoding=\"async\" aria-describedby=\"caption-attachment-21214\" class=\"wp-image-21214\" src=\"http:\/\/reteitalianaism.it\/reteism\/wp-content\/uploads\/2024\/09\/F240928NI04-1200x802-1-300x201.jpg\" alt=\"\" width=\"499\" height=\"334\" srcset=\"https:\/\/reteitalianaism.it\/reteism\/wp-content\/uploads\/2024\/09\/F240928NI04-1200x802-1-300x201.jpg 300w, https:\/\/reteitalianaism.it\/reteism\/wp-content\/uploads\/2024\/09\/F240928NI04-1200x802-1-1024x684.jpg 1024w, https:\/\/reteitalianaism.it\/reteism\/wp-content\/uploads\/2024\/09\/F240928NI04-1200x802-1-768x513.jpg 768w, https:\/\/reteitalianaism.it\/reteism\/wp-content\/uploads\/2024\/09\/F240928NI04-1200x802-1.jpg 1200w\" sizes=\"auto, (max-width: 499px) 100vw, 499px\" \/><\/a><p id=\"caption-attachment-21214\" class=\"wp-caption-text\">I palestinesi sventolano bandiere libanesi durante una manifestazione contro l&#8217;assassinio di Hassan Nasrallah<\/p><\/div>\n<p style=\"text-align: justify;\">Mentre scrivo, gli attacchi aerei israeliani in Libano hanno ucciso pi\u00f9 di 700 persone la scorsa settimana, tra cui il leader di lunga data di Hezbollah Hassan Nasrallah. Le bombe continuano a piovere senza sosta, radendo al suolo interi quartieri e costringendo pi\u00f9 di un milione di persone a lasciare le proprie case.<\/p>\n<p style=\"text-align: justify;\">Non sono in Libano, ma riesco a immaginare la scena in modo vivido. L&#8217;aria \u00e8 densa di polvere e il fragore assordante delle esplosioni \u00e8 coperto solo dall&#8217;incessante lamento delle sirene. Le strade sono piene di persone che corrono per salvarsi la vita, ma non c&#8217;\u00e8 un posto sicuro dove andare. Le ambulanze, sopraffatte e incapaci di raggiungere i feriti, sono impotenti mentre i bombardamenti distruggono i quartieri. Le squadre della Protezione civile si affannano per salvare i sopravvissuti, ma l&#8217;intensit\u00e0 dei bombardamenti rende vani i loro sforzi.<!--more--><\/p>\n<p style=\"text-align: justify;\">Posso immaginare tutto questo perch\u00e9 le scene che si svolgono oggi in Libano mi sono\u00a0 familiari in modo straziante come giornalista palestinese di Gaza. Riecheggiano ci\u00f2 che la mia citt\u00e0 natale ha vissuto per generazioni, incluso l&#8217;ultimo anno di genocidio israeliano. Conosco il terrore che attanaglia quelle strade. So cosa significa svegliarsi al suono delle bombe, lottare per mettersi in salvo senza un posto dove andare, tenere stretto tuo figlio e chiedersi se vivrai abbastanza per vedere il domani.<\/p>\n<p style=\"text-align: justify;\">Ma in mezzo alla devastazione, qualcosa di straordinario ha attirato la mia attenzione. Anche se fuggono per salvarsi la vita e seppelliscono i loro morti, le persone in Libano continuano a esprimere una solidariet\u00e0 incrollabile con la Palestina. Parlano di Gaza, amplificando le voci di coloro che sopportano lo stesso terrore oltre confine e dichiarando che il loro legame \u00e8 pi\u00f9 forte della paura che li attanaglia sotto i bombardamenti israeliani.<\/p>\n<p style=\"text-align: justify;\">Nonostante le bombe, il dolore dello sfollamento e la minaccia pervasiva della morte, rimangono imperturbabili nei loro appelli per porre fine alla guerra a Gaza. Questa \u00e8 una solidariet\u00e0 che va oltre le parole: un&#8217;unit\u00e0 forgiata nel sangue e nella sofferenza condivisa.<\/p>\n<div id=\"attachment_21215\" style=\"width: 508px\" class=\"wp-caption aligncenter\"><a href=\"http:\/\/reteitalianaism.it\/reteism\/wp-content\/uploads\/2024\/09\/F240923DC65-1280x853-1.jpg\"><img loading=\"lazy\" decoding=\"async\" aria-describedby=\"caption-attachment-21215\" class=\"wp-image-21215\" src=\"http:\/\/reteitalianaism.it\/reteism\/wp-content\/uploads\/2024\/09\/F240923DC65-1280x853-1-300x200.jpg\" alt=\"\" width=\"498\" height=\"332\" srcset=\"https:\/\/reteitalianaism.it\/reteism\/wp-content\/uploads\/2024\/09\/F240923DC65-1280x853-1-300x200.jpg 300w, https:\/\/reteitalianaism.it\/reteism\/wp-content\/uploads\/2024\/09\/F240923DC65-1280x853-1-1024x682.jpg 1024w, https:\/\/reteitalianaism.it\/reteism\/wp-content\/uploads\/2024\/09\/F240923DC65-1280x853-1-768x512.jpg 768w, https:\/\/reteitalianaism.it\/reteism\/wp-content\/uploads\/2024\/09\/F240923DC65-1280x853-1.jpg 1280w\" sizes=\"auto, (max-width: 498px) 100vw, 498px\" \/><\/a><p id=\"caption-attachment-21215\" class=\"wp-caption-text\">Il fumo si alza dopo un attacco aereo israeliano nel Libano meridionale, visto dal lato israeliano del confine, 23 settembre 2024. (David Cohen\/Flash90)<\/p><\/div>\n<p style=\"text-align: justify;\">Un&#8217;amica libanese, appena scappata con i suoi due figli dopo che un missile aveva distrutto la loro casa, mi ha detto: &#8220;Siamo con te. Saremo sempre con te. Non importa cosa ci faranno, i nostri cuori sono a Gaza&#8221;. La sua voce si incrinava per la stanchezza e il dolore, ma c&#8217;era anche una forza ribelle e incrollabile.<\/p>\n<p style=\"text-align: justify;\">Per la gente del Libano, Gaza non \u00e8 una causa lontana; \u00e8 uno specchio della loro stessa sofferenza. Capiscono fin troppo bene la sensazione di essere abbandonati dal mondo, l&#8217;attesa infinita di un aiuto che non arriva mai. Conoscono il dolore di vedere i propri figli crescere all&#8217;ombra della guerra, crescere una famiglia tra le rovine di ci\u00f2 che una volta c&#8217;era. E anche ora, con le bombe che esplodono intorno a loro, sono con noi, proprio come hanno sempre fatto.<\/p>\n<p style=\"text-align: justify;\">Nel caos, ho ricevuto altri messaggi da amici l\u00ec. Parlavano di terrore e impotenza, di vedere le loro case crollare e i loro vicini scomparire sotto le macerie. &#8220;Non c&#8217;\u00e8 pi\u00f9 nessun posto dove scappare&#8221;, mi ha scritto uno, le sue parole cariche di disperazione. &#8220;Ma non resteremo in silenzio. Siamo con Gaza tanto quanto lo siamo con il nostro Paese. Siamo con voi&#8221;.<\/p>\n<p style=\"text-align: justify;\">Ho sentito un altro amico, padre di tre figli, che mi ha parlato con il respiro spezzato, con la voce tremante mentre descriveva il panico. &#8220;Siamo scappati tutta la mattina. Abbiamo cercato di raggiungere un rifugio, ma era gi\u00e0 pieno. Ora ci nascondiamo nel seminterrato di un edificio distrutto, ma non so per quanto tempo potremo restare qui. Le bombe sono troppo vicine&#8221;. I suoi figli, mi ha detto, piangevano, chiedendo se sarebbero morti oggi.<\/p>\n<p style=\"text-align: justify;\">\u00c8 una scena insopportabile, a cui nessun genitore dovrebbe mai assistere. Eppure, le loro voci sono diventate sempre pi\u00f9 forti nel loro sostegno al mio popolo. Sui social media e nelle strade, gridano per la Palestina, per Gaza. Sanno, proprio come noi, che le nostre lotte sono intrecciate, che le bombe che uccidono i loro figli sono le stesse che uccidono i nostri.<\/p>\n<div id=\"attachment_21216\" style=\"width: 507px\" class=\"wp-caption aligncenter\"><a href=\"http:\/\/reteitalianaism.it\/reteism\/wp-content\/uploads\/2024\/09\/F240928STR02-1280x854-1.jpg\"><img loading=\"lazy\" decoding=\"async\" aria-describedby=\"caption-attachment-21216\" class=\"wp-image-21216\" src=\"http:\/\/reteitalianaism.it\/reteism\/wp-content\/uploads\/2024\/09\/F240928STR02-1280x854-1-300x200.jpg\" alt=\"\" width=\"497\" height=\"331\" srcset=\"https:\/\/reteitalianaism.it\/reteism\/wp-content\/uploads\/2024\/09\/F240928STR02-1280x854-1-300x200.jpg 300w, https:\/\/reteitalianaism.it\/reteism\/wp-content\/uploads\/2024\/09\/F240928STR02-1280x854-1-1024x683.jpg 1024w, https:\/\/reteitalianaism.it\/reteism\/wp-content\/uploads\/2024\/09\/F240928STR02-1280x854-1-768x512.jpg 768w, https:\/\/reteitalianaism.it\/reteism\/wp-content\/uploads\/2024\/09\/F240928STR02-1280x854-1.jpg 1280w\" sizes=\"auto, (max-width: 497px) 100vw, 497px\" \/><\/a><p id=\"caption-attachment-21216\" class=\"wp-caption-text\">Palestinesi sventolano bandiere libanesi durante una manifestazione contro l&#8217;assassinio di Hassan Nasrallah da parte di Israele, Ramallah, Cisgiordania occupata, 28 settembre 2024. (Flash90<\/p><\/div>\n<p style=\"text-align: justify;\">\nCi\u00f2 che il Libano sta vivendo \u00e8 pi\u00f9 di un altro giorno di aggressione; \u00e8 la continuazione della storia che viviamo da decenni come palestinesi e libanesi. \u00c8 una narrazione condivisa di sfollamento, di famiglie distrutte, di lotta infinita per la sopravvivenza.<\/p>\n<p style=\"text-align: justify;\">Il popolo libanese sta parlando al mondo nella stessa lingua che parliamo da tempo: una lingua di perdita, resistenza e volont\u00e0 incrollabile di libert\u00e0. Hanno ripetutamente sventolato le nostre bandiere insieme alle loro e scandito i nostri nomi nelle loro proteste. E oggi, mentre il loro mondo cade a pezzi, stanno ancora sventolando quelle bandiere. Continuano a scandire i nostri nomi.<\/p>\n<p style=\"text-align: justify;\">Come noi abitanti di Gaza, il popolo del Libano meridionale, e tutto il Libano, \u00e8 pi\u00f9 vicino alla tomba che alla libert\u00e0. Eppure, persino nel momento pi\u00f9 buio, non ci hanno voltato le spalle. I volti che vedo oggi non sono poi cos\u00ec diversi da quelli che ho visto a Gaza durante tutto l&#8217;anno scorso: madri che stringono forte i loro figli, padri che cercano di proteggere le loro famiglie dall&#8217;indicibile, bambini divisi tra confusione e terrore.<\/p>\n","protected":false},"excerpt":{"rendered":"<p>https:\/\/www.972mag.com\/ 29 settembre 2024\u00a0 \u00a0 \u00a0 \u00a0 Mohammed R. Mhawish\u00a0 Il popolo libanese sa che le nostre lotte sono intrecciate; che le bombe che uccidono i loro figli sono le stesse che uccidono i nostri a Gaza. Mentre scrivo, gli &hellip; <a href=\"https:\/\/reteitalianaism.it\/reteism\/index.php\/2024\/09\/29\/palestina-e-libano-stanno-vivendo-lo-stesso-incubo-ne-usciremo-insieme\/\">Continue reading <span class=\"meta-nav\">&rarr;<\/span><\/a><\/p>\n","protected":false},"author":2,"featured_media":0,"comment_status":"open","ping_status":"open","sticky":false,"template":"","format":"standard","meta":{"footnotes":""},"categories":[3,68],"tags":[6,14,434,299],"class_list":["post-21213","post","type-post","status-publish","format-standard","hentry","category-info","category-opinioni","tag-aggressioni","tag-bombardamento","tag-hezbollah","tag-solidarieta"],"_links":{"self":[{"href":"https:\/\/reteitalianaism.it\/reteism\/index.php\/wp-json\/wp\/v2\/posts\/21213","targetHints":{"allow":["GET"]}}],"collection":[{"href":"https:\/\/reteitalianaism.it\/reteism\/index.php\/wp-json\/wp\/v2\/posts"}],"about":[{"href":"https:\/\/reteitalianaism.it\/reteism\/index.php\/wp-json\/wp\/v2\/types\/post"}],"author":[{"embeddable":true,"href":"https:\/\/reteitalianaism.it\/reteism\/index.php\/wp-json\/wp\/v2\/users\/2"}],"replies":[{"embeddable":true,"href":"https:\/\/reteitalianaism.it\/reteism\/index.php\/wp-json\/wp\/v2\/comments?post=21213"}],"version-history":[{"count":1,"href":"https:\/\/reteitalianaism.it\/reteism\/index.php\/wp-json\/wp\/v2\/posts\/21213\/revisions"}],"predecessor-version":[{"id":21217,"href":"https:\/\/reteitalianaism.it\/reteism\/index.php\/wp-json\/wp\/v2\/posts\/21213\/revisions\/21217"}],"wp:attachment":[{"href":"https:\/\/reteitalianaism.it\/reteism\/index.php\/wp-json\/wp\/v2\/media?parent=21213"}],"wp:term":[{"taxonomy":"category","embeddable":true,"href":"https:\/\/reteitalianaism.it\/reteism\/index.php\/wp-json\/wp\/v2\/categories?post=21213"},{"taxonomy":"post_tag","embeddable":true,"href":"https:\/\/reteitalianaism.it\/reteism\/index.php\/wp-json\/wp\/v2\/tags?post=21213"}],"curies":[{"name":"wp","href":"https:\/\/api.w.org\/{rel}","templated":true}]}}