{"id":21249,"date":"2024-10-07T14:31:49","date_gmt":"2024-10-07T12:31:49","guid":{"rendered":"http:\/\/reteitalianaism.it\/reteism\/?p=21249"},"modified":"2024-10-07T14:33:22","modified_gmt":"2024-10-07T12:33:22","slug":"18-martiri-e-decine-di-feriti-nel-bombardamento-israeliano-sul-campo-di-tulkarem","status":"publish","type":"post","link":"https:\/\/reteitalianaism.it\/reteism\/index.php\/2024\/10\/07\/18-martiri-e-decine-di-feriti-nel-bombardamento-israeliano-sul-campo-di-tulkarem\/","title":{"rendered":"18 martiri e decine di feriti nel bombardamento israeliano sul campo di Tulkarem"},"content":{"rendered":"<p>6 ottobre 2024<\/p>\n<p><a href=\"https:\/\/palsolidarity.org\/2024\/10\/18-martyrs-and-dozens-injured-in-israeli-shelling-on-tulkarm-camp\/\">18 Martyrs and Dozens Injured in Israeli Shelling on Tulkarm Camp &#8211; International Solidarity Movement (palsolidarity.org)<\/a><\/p>\n<p><a href=\"http:\/\/reteitalianaism.it\/reteism\/wp-content\/uploads\/2024\/10\/signal-2024-10-06-120817_003-825x510-1.jpg\"><img loading=\"lazy\" decoding=\"async\" class=\" wp-image-21250 aligncenter\" src=\"http:\/\/reteitalianaism.it\/reteism\/wp-content\/uploads\/2024\/10\/signal-2024-10-06-120817_003-825x510-1-300x185.jpg\" alt=\"\" width=\"483\" height=\"298\" srcset=\"https:\/\/reteitalianaism.it\/reteism\/wp-content\/uploads\/2024\/10\/signal-2024-10-06-120817_003-825x510-1-300x185.jpg 300w, https:\/\/reteitalianaism.it\/reteism\/wp-content\/uploads\/2024\/10\/signal-2024-10-06-120817_003-825x510-1-768x475.jpg 768w, https:\/\/reteitalianaism.it\/reteism\/wp-content\/uploads\/2024\/10\/signal-2024-10-06-120817_003-825x510-1.jpg 825w\" sizes=\"auto, (max-width: 483px) 100vw, 483px\" \/><\/a><a href=\"http:\/\/reteitalianaism.it\/reteism\/wp-content\/uploads\/2024\/10\/signal-2024-10-05-203058_003-600x400-1.jpg\"><img loading=\"lazy\" decoding=\"async\" class=\"wp-image-21251 aligncenter\" src=\"http:\/\/reteitalianaism.it\/reteism\/wp-content\/uploads\/2024\/10\/signal-2024-10-05-203058_003-600x400-1-300x200.jpg\" alt=\"\" width=\"485\" height=\"324\" srcset=\"https:\/\/reteitalianaism.it\/reteism\/wp-content\/uploads\/2024\/10\/signal-2024-10-05-203058_003-600x400-1-300x200.jpg 300w, https:\/\/reteitalianaism.it\/reteism\/wp-content\/uploads\/2024\/10\/signal-2024-10-05-203058_003-600x400-1.jpg 600w\" sizes=\"auto, (max-width: 485px) 100vw, 485px\" \/><\/a><span class=\"jCAhz ChMk0b\"><span class=\"ryNqvb\">Gioved\u00ec 3 ottobre, in serata, l&#8217;esercito israeliano ha bombardato il campo profughi di Tulkarm, nel nord-est della Cisgiordania, uccidendo almeno 18 palestinesi in un&#8217;unica esplosione.<\/span><\/span><\/p>\n<p><span class=\"jCAhz ChMk0b\"><span class=\"ryNqvb\">L&#8217;attacco ha preso di mira un famoso bar locale nel quartiere di al-Hamam, distruggendo anche gli appartamenti soprastanti e uccidendo la famiglia di quattro persone che vi viveva, tra cui due bambini piccoli.<\/span><\/span><\/p>\n<p><span class=\"jCAhz ChMk0b\"><span class=\"ryNqvb\">Il bombardamento \u00e8 stato effettuato da un jet F16, un aereo da guerra in grado di volare molto velocemente e cogliere di sorpresa il bersaglio, il che ha anche permesso all&#8217;esercito di usare un missile di grandi dimensioni, distruggendo all&#8217;istante l&#8217;area e seppellendo le vittime sotto pesanti macerie, oltre a smembrare i corpi.<\/span><\/span><!--more--><\/p>\n<p><a href=\"http:\/\/reteitalianaism.it\/reteism\/wp-content\/uploads\/2024\/10\/signal-2024-10-05-203058_006-600x400-1.jpg\"><img loading=\"lazy\" decoding=\"async\" class=\" wp-image-21252 aligncenter\" src=\"http:\/\/reteitalianaism.it\/reteism\/wp-content\/uploads\/2024\/10\/signal-2024-10-05-203058_006-600x400-1-300x200.jpg\" alt=\"\" width=\"413\" height=\"275\" srcset=\"https:\/\/reteitalianaism.it\/reteism\/wp-content\/uploads\/2024\/10\/signal-2024-10-05-203058_006-600x400-1-300x200.jpg 300w, https:\/\/reteitalianaism.it\/reteism\/wp-content\/uploads\/2024\/10\/signal-2024-10-05-203058_006-600x400-1.jpg 600w\" sizes=\"auto, (max-width: 413px) 100vw, 413px\" \/><\/a><\/p>\n<p><a href=\"http:\/\/reteitalianaism.it\/reteism\/wp-content\/uploads\/2024\/10\/signal-2024-10-05-203058_005-600x400-1.jpg\"><img loading=\"lazy\" decoding=\"async\" class=\" wp-image-21253 aligncenter\" src=\"http:\/\/reteitalianaism.it\/reteism\/wp-content\/uploads\/2024\/10\/signal-2024-10-05-203058_005-600x400-1-300x200.jpg\" alt=\"\" width=\"410\" height=\"273\" srcset=\"https:\/\/reteitalianaism.it\/reteism\/wp-content\/uploads\/2024\/10\/signal-2024-10-05-203058_005-600x400-1-300x200.jpg 300w, https:\/\/reteitalianaism.it\/reteism\/wp-content\/uploads\/2024\/10\/signal-2024-10-05-203058_005-600x400-1.jpg 600w\" sizes=\"auto, (max-width: 410px) 100vw, 410px\" \/><\/a><span class=\"jCAhz ChMk0b\"><span class=\"ryNqvb\">I soccorritori del Civil Defense Team e le squadre mediche palestinesi hanno riferito di aver avuto difficolt\u00e0 a cercare sopravvissuti sotto le macerie e di aver trovato molte parti del corpo non identificabili che sono state trasferite in scatole all&#8217;ospedale.<\/span><\/span><\/p>\n<p><span class=\"jCAhz ChMk0b\"><span class=\"ryNqvb\">In pochi giorni, i palestinesi stavano gi\u00e0 pianificando di commemorare il massacro del campo profughi di Nour Shams avvenuto a Tulkarem il 22 ottobre dell&#8217;anno scorso, in cui sono stati uccisi 12 palestinesi, ma non sapevano che l&#8217;occupazione israeliana avrebbe commesso un nuovo massacro con tale orrore poco prima.<\/span><\/span><\/p>\n<p><span class=\"jCAhz ChMk0b\"><span class=\"ryNqvb\">Un attivista americano che attualmente lavora in Cisgiordania ha commentato: &#8220;Le scene ricordavano il genocidio che infuria ancora a Gaza. In un video pubblicato subito dopo il bombardamento, si vede il corpo senza vita di un uomo appeso all&#8217;edificio. Il mio gruppo avrebbe dovuto andare a Nour Shams domani [sabato] per distribuire aiuti al campo, ma ora non possiamo perch\u00e9 la situazione \u00e8 troppo pericolosa per noi. Questo attacco \u00e8 stato devastante&#8221;.<\/span><\/span><\/p>\n<p><span class=\"jCAhz ChMk0b\"><span class=\"ryNqvb\">Sebbene gli attacchi da parte sia dell&#8217;esercito israeliano che dei coloni israeliani siano stati costanti nella zona fin dall&#8217;anno scorso e anche prima, questo massacro segna una svolta preoccupante in quanto \u00e8 il primo bombardamento effettuato da un aereo da caccia in Cisgiordania dalla Seconda Intifada, durata dal 2002 al 2005, nonch\u00e9 l&#8217;attacco pi\u00f9 mortale degli ultimi vent&#8217;anni.<\/span><\/span><\/p>\n<p><a href=\"http:\/\/reteitalianaism.it\/reteism\/wp-content\/uploads\/2024\/10\/signal-2024-10-05-203058_004-600x400-1.jpg\"><img loading=\"lazy\" decoding=\"async\" class=\" wp-image-21255 aligncenter\" src=\"http:\/\/reteitalianaism.it\/reteism\/wp-content\/uploads\/2024\/10\/signal-2024-10-05-203058_004-600x400-1-300x200.jpg\" alt=\"\" width=\"356\" height=\"237\" srcset=\"https:\/\/reteitalianaism.it\/reteism\/wp-content\/uploads\/2024\/10\/signal-2024-10-05-203058_004-600x400-1-300x200.jpg 300w, https:\/\/reteitalianaism.it\/reteism\/wp-content\/uploads\/2024\/10\/signal-2024-10-05-203058_004-600x400-1.jpg 600w\" sizes=\"auto, (max-width: 356px) 100vw, 356px\" \/><\/a><span class=\"jCAhz ChMk0b\"><span class=\"ryNqvb\">Ci\u00f2 avviene dopo mesi di molestie israeliane che hanno preso di mira il campo profughi di Tulkarem con incursioni, attacchi e assedi, intensificatisi in particolare nel mese di agosto, che ha visto un&#8217;operazione militare su larga scala che ha preso di mira sia Tulkarem che Jenin.<\/span><\/span><\/p>\n<p><span class=\"jCAhz\"><span class=\"ryNqvb\">Gli attacchi a Tulkarem tendono a essere particolarmente omicidi, poich\u00e9 questo campo ospita 25.000 rifugiati palestinesi.<\/span><\/span><span class=\"jCAhz\"><span class=\"ryNqvb\"> Gli aerei F16 sono centrali nel genocidio che Israele sta conducendo a Gaza, dove scene come quella vista a Tulkarem gioved\u00ec sono all&#8217;ordine del giorno.<\/span><\/span><\/p>\n<p><span class=\"jCAhz ChMk0b\"><span class=\"ryNqvb\">A Gaza, come in Cisgiordania, i campi profughi sono i principali obiettivi delle incursioni israeliane il cui obiettivo primario \u00e8 annientare i palestinesi e rendere la loro terra inabitabile.<\/span><\/span> <span class=\"jCAhz\"><span class=\"ryNqvb\">La strategia israeliana rimane quella della distruzione totale come preambolo all&#8217;espansione coloniale su terre rubate.<\/span><\/span><\/p>\n<p><span class=\"jCAhz ChMk0b\"><span class=\"ryNqvb\">Ci sono gi\u00e0 state almeno 701 vittime palestinesi in Cisgiordania dal 7 ottobre 2023, per lo pi\u00f9 causate dall&#8217;esercito israeliano, il resto dai coloni che sono spesso assistiti e protetti direttamente da loro.<\/span><\/span> <span class=\"jCAhz ChMk0b\"><span class=\"ryNqvb\">Se Israele continua ad aumentare gli attacchi in queste aree, \u00e8 probabile che questo numero aumenti esponenzialmente nei prossimi mesi, aggravando il genocidio totale dei palestinesi sia a Gaza che in Cisgiordania.<\/span><\/span><\/p>\n<p><a href=\"http:\/\/reteitalianaism.it\/reteism\/wp-content\/uploads\/2024\/10\/signal-2024-10-05-203058_002-600x400-2.jpg\"><img loading=\"lazy\" decoding=\"async\" class=\" wp-image-21256 aligncenter\" src=\"http:\/\/reteitalianaism.it\/reteism\/wp-content\/uploads\/2024\/10\/signal-2024-10-05-203058_002-600x400-2-300x200.jpg\" alt=\"\" width=\"393\" height=\"262\" srcset=\"https:\/\/reteitalianaism.it\/reteism\/wp-content\/uploads\/2024\/10\/signal-2024-10-05-203058_002-600x400-2-300x200.jpg 300w, https:\/\/reteitalianaism.it\/reteism\/wp-content\/uploads\/2024\/10\/signal-2024-10-05-203058_002-600x400-2.jpg 600w\" sizes=\"auto, (max-width: 393px) 100vw, 393px\" \/><\/a><a href=\"http:\/\/reteitalianaism.it\/reteism\/wp-content\/uploads\/2024\/10\/signal-2024-10-06-120817_002-600x400-1.jpg\"><img loading=\"lazy\" decoding=\"async\" class=\" wp-image-21257 aligncenter\" src=\"http:\/\/reteitalianaism.it\/reteism\/wp-content\/uploads\/2024\/10\/signal-2024-10-06-120817_002-600x400-1-300x200.jpg\" alt=\"\" width=\"386\" height=\"257\" srcset=\"https:\/\/reteitalianaism.it\/reteism\/wp-content\/uploads\/2024\/10\/signal-2024-10-06-120817_002-600x400-1-300x200.jpg 300w, https:\/\/reteitalianaism.it\/reteism\/wp-content\/uploads\/2024\/10\/signal-2024-10-06-120817_002-600x400-1.jpg 600w\" sizes=\"auto, (max-width: 386px) 100vw, 386px\" \/><\/a>Foto dal sito: <a href=\"https:\/\/palsolidarity.org\/\">International Solidarity Movement &#8211; Nonviolence. Justice. Freedom. (palsolidarity.org)<\/a><\/p>\n","protected":false},"excerpt":{"rendered":"<p>6 ottobre 2024 18 Martyrs and Dozens Injured in Israeli Shelling on Tulkarm Camp &#8211; International Solidarity Movement (palsolidarity.org) Gioved\u00ec 3 ottobre, in serata, l&#8217;esercito israeliano ha bombardato il campo profughi di Tulkarm, nel nord-est della Cisgiordania, uccidendo almeno 18 &hellip; <a href=\"https:\/\/reteitalianaism.it\/reteism\/index.php\/2024\/10\/07\/18-martiri-e-decine-di-feriti-nel-bombardamento-israeliano-sul-campo-di-tulkarem\/\">Continue reading <span class=\"meta-nav\">&rarr;<\/span><\/a><\/p>\n","protected":false},"author":6,"featured_media":0,"comment_status":"open","ping_status":"open","sticky":false,"template":"","format":"standard","meta":{"footnotes":""},"categories":[3],"tags":[75,179,777,66],"class_list":["post-21249","post","type-post","status-publish","format-standard","hentry","category-info","tag-bombardamenti","tag-genocidio","tag-nur-shams","tag-tulkarem"],"_links":{"self":[{"href":"https:\/\/reteitalianaism.it\/reteism\/index.php\/wp-json\/wp\/v2\/posts\/21249","targetHints":{"allow":["GET"]}}],"collection":[{"href":"https:\/\/reteitalianaism.it\/reteism\/index.php\/wp-json\/wp\/v2\/posts"}],"about":[{"href":"https:\/\/reteitalianaism.it\/reteism\/index.php\/wp-json\/wp\/v2\/types\/post"}],"author":[{"embeddable":true,"href":"https:\/\/reteitalianaism.it\/reteism\/index.php\/wp-json\/wp\/v2\/users\/6"}],"replies":[{"embeddable":true,"href":"https:\/\/reteitalianaism.it\/reteism\/index.php\/wp-json\/wp\/v2\/comments?post=21249"}],"version-history":[{"count":1,"href":"https:\/\/reteitalianaism.it\/reteism\/index.php\/wp-json\/wp\/v2\/posts\/21249\/revisions"}],"predecessor-version":[{"id":21259,"href":"https:\/\/reteitalianaism.it\/reteism\/index.php\/wp-json\/wp\/v2\/posts\/21249\/revisions\/21259"}],"wp:attachment":[{"href":"https:\/\/reteitalianaism.it\/reteism\/index.php\/wp-json\/wp\/v2\/media?parent=21249"}],"wp:term":[{"taxonomy":"category","embeddable":true,"href":"https:\/\/reteitalianaism.it\/reteism\/index.php\/wp-json\/wp\/v2\/categories?post=21249"},{"taxonomy":"post_tag","embeddable":true,"href":"https:\/\/reteitalianaism.it\/reteism\/index.php\/wp-json\/wp\/v2\/tags?post=21249"}],"curies":[{"name":"wp","href":"https:\/\/api.w.org\/{rel}","templated":true}]}}