{"id":21283,"date":"2024-10-14T21:47:18","date_gmt":"2024-10-14T19:47:18","guid":{"rendered":"http:\/\/reteitalianaism.it\/reteism\/?p=21283"},"modified":"2024-10-14T21:47:18","modified_gmt":"2024-10-14T19:47:18","slug":"coloro-che-combattono-per-la-pace-a-gaza-avrebbero-dovuto-vincere-premio-nobel-per-la-pace","status":"publish","type":"post","link":"https:\/\/reteitalianaism.it\/reteism\/index.php\/2024\/10\/14\/coloro-che-combattono-per-la-pace-a-gaza-avrebbero-dovuto-vincere-premio-nobel-per-la-pace\/","title":{"rendered":"&#8220;Coloro che combattono per la pace a Gaza&#8221; avrebbero dovuto vincere &#8211; Premio Nobel per la pace"},"content":{"rendered":"<p><a href=\"https:\/\/www.palestinechronicle.com\/those-fighting-for-peace-in-gaza-should-have-won-nobel-peace-prize-winner\/\">https:\/\/www.palestinechronicle.com\/<\/a><br \/>\n<strong>14 ottobre 2024<\/strong><\/p>\n<p style=\"text-align: justify;\">&#8220;Le immagini dei bambini di Gaza coperti di sangue tenuti in braccio dai genitori mi ricordano il Giappone di 80 anni fa&#8221;.<br \/>\nIl co-presidente di un movimento giapponese anti-armi nucleari, a cui \u00e8 stato assegnato il premio Nobel per la pace, ha espresso sorpresa per il fatto che l&#8217;organizzazione abbia vinto al posto di &#8220;coloro che combattono duramente per la pace a Gaza&#8221;.<\/p>\n<div id=\"attachment_21284\" style=\"width: 507px\" class=\"wp-caption aligncenter\"><a href=\"http:\/\/reteitalianaism.it\/reteism\/wp-content\/uploads\/2024\/10\/Japan_Nobel_video.png\"><img loading=\"lazy\" decoding=\"async\" aria-describedby=\"caption-attachment-21284\" class=\"wp-image-21284 \" src=\"http:\/\/reteitalianaism.it\/reteism\/wp-content\/uploads\/2024\/10\/Japan_Nobel_video-300x201.png\" alt=\"\" width=\"497\" height=\"333\" srcset=\"https:\/\/reteitalianaism.it\/reteism\/wp-content\/uploads\/2024\/10\/Japan_Nobel_video-300x201.png 300w, https:\/\/reteitalianaism.it\/reteism\/wp-content\/uploads\/2024\/10\/Japan_Nobel_video.png 678w\" sizes=\"auto, (max-width: 497px) 100vw, 497px\" \/><\/a><p id=\"caption-attachment-21284\" class=\"wp-caption-text\">Il militante anti-nucleare giapponese Toshiyuki Miyamaki. (Foto: video grab)<\/p><\/div>\n<p style=\"text-align: justify;\">&#8220;Non avrei mai pensato che potesse succedere. Hanno scelto Nihon Hidankyo?&#8221;, ha dichiarato Toshiyuki Mimaki in una conferenza stampa venerd\u00ec. &#8220;Pensavo che coloro che combattono duramente per la pace a Gaza se lo meritassero&#8221;.<\/p>\n<p style=\"text-align: justify;\">Il movimento popolare dei sopravvissuti alla bomba atomica di Hiroshima e Nagasaki, noto anche come Hibakusha, ha ricevuto il Premio per la Pace &#8220;per i suoi sforzi per realizzare un mondo libero dalle armi nucleari e per aver dimostrato attraverso le testimonianze che le armi nucleari non devono mai pi\u00f9 essere utilizzate&#8221;, ha affermato la Fondazione Nobel in una dichiarazione.<!--more--><\/p>\n<p style=\"text-align: justify;\">&#8220;Le immagini dei bambini di Gaza coperti di sangue tenuti in braccio dai loro genitori mi ricordano il Giappone di 80 anni fa&#8221;, ha affermato Mimaki, trattenendo a stento le lacrime.<\/p>\n<p style=\"text-align: justify;\">&#8220;(I bambini) hanno perso i loro padri in guerra e hanno perso le loro madri con la bomba nucleare.<\/p>\n<p style=\"text-align: justify;\">Sono diventati orfani&#8221;, ha aggiunto l&#8217;attivista, che \u00e8 un sopravvissuto al bombardamento di Hiroshima.<\/p>\n<p style=\"text-align: justify;\"><strong>&#8220;Tab\u00f9 nucleare&#8221;<\/strong><br \/>\nIl movimento globale Nihon Hidankyo \u00e8 nato in risposta ai due attacchi atomici americani nel 1945 che hanno ucciso pi\u00f9 di 200.000 abitanti delle citt\u00e0 giapponesi di Hiroshima e Nagasaki. \u00c8 stato formato dai sopravvissuti agli attacchi, noti come Hibakusha.<\/p>\n<p style=\"text-align: justify;\">Il Comitato norvegese per il Nobel ha affermato che gli &#8220;straordinari sforzi di Nihon Hidankyo e di altri rappresentanti degli Hibakusha hanno contribuito notevolmente all&#8217;istituzione del tab\u00f9 nucleare&#8221;.<\/p>\n<p style=\"text-align: justify;\">&#8220;\u00c8 quindi allarmante che oggi questo tab\u00f9 contro l&#8217;uso delle armi nucleari sia sotto pressione&#8221;.<\/p>\n<p style=\"text-align: justify;\">L&#8217;anno prossimo saranno 80 anni dagli attacchi, ha affermato il Comitato, sottolineando che &#8220;le armi nucleari odierne hanno un potere distruttivo molto maggiore. Possono uccidere milioni di persone e avrebbero un impatto catastrofico sul clima. Una guerra nucleare potrebbe distruggere la nostra civilt\u00e0&#8221;.<\/p>\n<p style=\"text-align: justify;\"><strong>Nessun invito per i funzionari israeliani<\/strong><br \/>\nAd agosto, la storica citt\u00e0 di Nagasaki ha deciso di non invitare i funzionari israeliani al suo evento commemorativo per ricordare i bombardamenti atomici.<\/p>\n<p style=\"text-align: justify;\">Gli ambasciatori degli Stati Uniti e della Gran Bretagna hanno successivamente rifiutato di partecipare alla cerimonia.<\/p>\n<p style=\"text-align: justify;\">Il sindaco di Nagasaki, Shiro Suzuki, avrebbe affermato che la decisione \u00e8 stata presa per evitare possibili proteste legate a Gaza.<\/p>\n<p style=\"text-align: justify;\">&#8220;Abbiamo preso una decisione globale non per ragioni politiche. Vogliamo condurre una cerimonia senza intoppi in un ambiente pacifico e solenne&#8221;, ha affermato.<\/p>\n<p style=\"text-align: justify;\">&#8220;Colpire i siti nucleari&#8221; &#8211; Funzionari israeliani<br \/>\nAll&#8217;inizio di questo mese, ex e attuali funzionari israeliani hanno esortato il governo di Benjamin Netanyahu a colpire i siti petroliferi e nucleari iraniani.<\/p>\n<p style=\"text-align: justify;\">L&#8217;ex primo ministro israeliano Naftali Bennett l&#8217;ha definita &#8220;una finestra di opportunit\u00e0 irripetibile&#8221;, in una dichiarazione video in ebraico pubblicata online, ha riferito il Times of Israel, aggiungendo di aver ripetuto l&#8217;argomento in dichiarazioni in inglese su piattaforme di media stranieri.<\/p>\n<p style=\"text-align: justify;\">&#8220;Per la prima volta, abbiamo la capacit\u00e0 di agire contro l&#8217;Iran senza temere una reazione terribile e intollerabile&#8221;, avrebbe affermato nel video.<\/p>\n<p style=\"text-align: justify;\">Ha anche pubblicato su X: &#8220;Se non ora, quando? ORA \u00e8 il momento di colpire le strutture nucleari e il regime iraniano&#8221;.<\/p>\n<p style=\"text-align: justify;\">Bennet ha affermato che &#8220;l&#8217;Iran ha accumulato uranio altamente arricchito in quantit\u00e0 sufficiente a produrre dieci testate nucleari&#8221;.<\/p>\n<p style=\"text-align: justify;\">&#8220;Non solo \u00e8 l&#8217;undicesima ora per impedire all&#8217;Iran di diventare nucleare, ma \u00e8 anche un&#8217;opportunit\u00e0 unica in una generazione per farlo, dal momento che le difese dell&#8217;Iran &#8211; Hezbollah e Hamas &#8211; sono temporaneamente gravemente indebolite&#8221;, ha affermato.<\/p>\n<p style=\"text-align: justify;\"><strong>&#8220;Approfittatene&#8221;<\/strong><br \/>\nL&#8217;ex ministro della Giustizia israeliano Ayelet Shaked ha affermato che Israele &#8220;dovrebbe approfittare&#8221; della situazione attuale per attaccare le strutture nucleari dell&#8217;Iran.<\/p>\n<p style=\"text-align: justify;\">&#8220;Israele dovrebbe approfittare dell&#8217;opportunit\u00e0 quando c&#8217;\u00e8 legittimit\u00e0 internazionale e distruggere le strutture nucleari dell&#8217;Iran&#8221;, ha affermato Shaked.<\/p>\n<p style=\"text-align: justify;\">Le osservazioni arrivano quasi una settimana dopo che l&#8217;Iran ha lanciato un attacco missilistico balistico contro Israele, colpendo decine di obiettivi, tra cui strutture militari.<\/p>\n<p style=\"text-align: justify;\">\n","protected":false},"excerpt":{"rendered":"<p>https:\/\/www.palestinechronicle.com\/ 14 ottobre 2024 &#8220;Le immagini dei bambini di Gaza coperti di sangue tenuti in braccio dai genitori mi ricordano il Giappone di 80 anni fa&#8221;. Il co-presidente di un movimento giapponese anti-armi nucleari, a cui \u00e8 stato assegnato il &hellip; <a href=\"https:\/\/reteitalianaism.it\/reteism\/index.php\/2024\/10\/14\/coloro-che-combattono-per-la-pace-a-gaza-avrebbero-dovuto-vincere-premio-nobel-per-la-pace\/\">Continue reading <span class=\"meta-nav\">&rarr;<\/span><\/a><\/p>\n","protected":false},"author":2,"featured_media":0,"comment_status":"open","ping_status":"open","sticky":false,"template":"","format":"standard","meta":{"footnotes":""},"categories":[2,3],"tags":[156,867,150],"class_list":["post-21283","post","type-post","status-publish","format-standard","hentry","category-gaza-2","category-info","tag-assedio-di-gaza","tag-nobel-per-la-pace","tag-violenza-dellesercito"],"_links":{"self":[{"href":"https:\/\/reteitalianaism.it\/reteism\/index.php\/wp-json\/wp\/v2\/posts\/21283","targetHints":{"allow":["GET"]}}],"collection":[{"href":"https:\/\/reteitalianaism.it\/reteism\/index.php\/wp-json\/wp\/v2\/posts"}],"about":[{"href":"https:\/\/reteitalianaism.it\/reteism\/index.php\/wp-json\/wp\/v2\/types\/post"}],"author":[{"embeddable":true,"href":"https:\/\/reteitalianaism.it\/reteism\/index.php\/wp-json\/wp\/v2\/users\/2"}],"replies":[{"embeddable":true,"href":"https:\/\/reteitalianaism.it\/reteism\/index.php\/wp-json\/wp\/v2\/comments?post=21283"}],"version-history":[{"count":1,"href":"https:\/\/reteitalianaism.it\/reteism\/index.php\/wp-json\/wp\/v2\/posts\/21283\/revisions"}],"predecessor-version":[{"id":21285,"href":"https:\/\/reteitalianaism.it\/reteism\/index.php\/wp-json\/wp\/v2\/posts\/21283\/revisions\/21285"}],"wp:attachment":[{"href":"https:\/\/reteitalianaism.it\/reteism\/index.php\/wp-json\/wp\/v2\/media?parent=21283"}],"wp:term":[{"taxonomy":"category","embeddable":true,"href":"https:\/\/reteitalianaism.it\/reteism\/index.php\/wp-json\/wp\/v2\/categories?post=21283"},{"taxonomy":"post_tag","embeddable":true,"href":"https:\/\/reteitalianaism.it\/reteism\/index.php\/wp-json\/wp\/v2\/tags?post=21283"}],"curies":[{"name":"wp","href":"https:\/\/api.w.org\/{rel}","templated":true}]}}