{"id":21339,"date":"2024-10-28T22:14:04","date_gmt":"2024-10-28T21:14:04","guid":{"rendered":"http:\/\/reteitalianaism.it\/reteism\/?p=21339"},"modified":"2024-10-28T22:14:04","modified_gmt":"2024-10-28T21:14:04","slug":"lotta-fino-allultimo-respiro","status":"publish","type":"post","link":"https:\/\/reteitalianaism.it\/reteism\/index.php\/2024\/10\/28\/lotta-fino-allultimo-respiro\/","title":{"rendered":"Lotta fino all&#8217;ultimo respiro"},"content":{"rendered":"<p>27 ottobre 2024<\/p>\n<p><a href=\"https:\/\/palsolidarity.org\/2024\/10\/fighting-until-the-last-breath\/\">https:\/\/palsolidarity.org\/2024\/10\/fighting-until-the-last-breath\/<\/a><\/p>\n<p>Che cosa significa portare un intero battaglione dell&#8217;esercito con enormi veicoli militari in un quartiere, per assediare un intero edificio di appartamenti, alla ricerca di un solo palestinese? Questo \u00e8 un articolo di resilienza e sfida di fronte all&#8217;occupazione israeliana.<\/p>\n<p><img loading=\"lazy\" decoding=\"async\" class=\"wp-image-61392 entered lazyloaded\" src=\"https:\/\/palsolidarity.org\/wp-content\/uploads\/2024\/10\/oct24-600x400.jpeg\" sizes=\"auto, (max-width: 600px) 100vw, 600px\" srcset=\"https:\/\/palsolidarity.org\/wp-content\/uploads\/2024\/10\/oct24-600x400.jpeg 600w, https:\/\/palsolidarity.org\/wp-content\/uploads\/2024\/10\/oct24-400x267.jpeg 400w, https:\/\/palsolidarity.org\/wp-content\/uploads\/2024\/10\/oct24-768x512.jpeg 768w, https:\/\/palsolidarity.org\/wp-content\/uploads\/2024\/10\/oct24.jpeg 1024w\" alt=\"\" width=\"461\" height=\"307\" data-lazy-srcset=\"https:\/\/palsolidarity.org\/wp-content\/uploads\/2024\/10\/oct24-600x400.jpeg 600w, https:\/\/palsolidarity.org\/wp-content\/uploads\/2024\/10\/oct24-400x267.jpeg 400w, https:\/\/palsolidarity.org\/wp-content\/uploads\/2024\/10\/oct24-768x512.jpeg 768w, https:\/\/palsolidarity.org\/wp-content\/uploads\/2024\/10\/oct24.jpeg 1024w\" data-lazy-sizes=\"(max-width: 600px) 100vw, 600px\" data-lazy-src=\"https:\/\/palsolidarity.org\/wp-content\/uploads\/2024\/10\/oct24-600x400.jpeg\" data-ll-status=\"loaded\" \/><\/p>\n<p>Il 26 ottobre alle 3:20 del mattino. le forze di occupazione israeliane hanno preso d&#8217;assalto la citt\u00e0 di Tulkarem. Questa volta, le forze erano di stanza in Al-Salam Lane, un quartiere situato tra i campi profughi di Tulkarem e Nur Shams.<\/p>\n<p><img loading=\"lazy\" decoding=\"async\" class=\"wp-image-61404 entered lazyloaded\" src=\"https:\/\/palsolidarity.org\/wp-content\/uploads\/2024\/10\/oct24_3-600x398.jpeg\" sizes=\"auto, (max-width: 600px) 100vw, 600px\" srcset=\"https:\/\/palsolidarity.org\/wp-content\/uploads\/2024\/10\/oct24_3-600x398.jpeg 600w, https:\/\/palsolidarity.org\/wp-content\/uploads\/2024\/10\/oct24_3-400x265.jpeg 400w, https:\/\/palsolidarity.org\/wp-content\/uploads\/2024\/10\/oct24_3-768x509.jpeg 768w, https:\/\/palsolidarity.org\/wp-content\/uploads\/2024\/10\/oct24_3.jpeg 958w\" alt=\"\" width=\"480\" height=\"318\" data-lazy-srcset=\"https:\/\/palsolidarity.org\/wp-content\/uploads\/2024\/10\/oct24_3-600x398.jpeg 600w, https:\/\/palsolidarity.org\/wp-content\/uploads\/2024\/10\/oct24_3-400x265.jpeg 400w, https:\/\/palsolidarity.org\/wp-content\/uploads\/2024\/10\/oct24_3-768x509.jpeg 768w, https:\/\/palsolidarity.org\/wp-content\/uploads\/2024\/10\/oct24_3.jpeg 958w\" data-lazy-sizes=\"(max-width: 600px) 100vw, 600px\" data-lazy-src=\"https:\/\/palsolidarity.org\/wp-content\/uploads\/2024\/10\/oct24_3-600x398.jpeg\" data-ll-status=\"loaded\" \/><\/p>\n<p><!--more--><\/p>\n<p>Forze speciali israeliane note come Al-Yamamah erano accompagnate da bulldozer a tre ruote e veicoli militari pesanti israeliani di tipo D9, D10. Queste forze, accompagnate da soldati, hanno assediato un edificio residenziale nel quartiere di Al-Salam per 10 ore ininterrottamente, dopo aver ricevuto informazioni sulla presenza di un palestinese all&#8217;interno di uno degli appartamenti residenziali dell&#8217;edificio. Tre famiglie palestinesi, per lo pi\u00f9 donne e bambini, vivevano all&#8217;interno dell&#8217;edificio.<\/p>\n<p>I palestinesi che vivevano all&#8217;interno dell&#8217;edificio sentivano uno stato di paura e panico, soprattutto le donne e i bambini. Uno dei residenti del palazzo ha detto: &#8220;I miei figli sono ancora sotto l&#8217;influenza della paura e dello shock anche dopo il ritiro dell&#8217;esercito e la fine dell&#8217;operazione militare israeliana.&#8221;<\/p>\n<p><img loading=\"lazy\" decoding=\"async\" class=\"wp-image-61395 entered lazyloaded\" src=\"https:\/\/palsolidarity.org\/wp-content\/uploads\/2024\/10\/oct24_2-600x399.jpeg\" sizes=\"auto, (max-width: 600px) 100vw, 600px\" srcset=\"https:\/\/palsolidarity.org\/wp-content\/uploads\/2024\/10\/oct24_2-600x399.jpeg 600w, https:\/\/palsolidarity.org\/wp-content\/uploads\/2024\/10\/oct24_2-400x266.jpeg 400w, https:\/\/palsolidarity.org\/wp-content\/uploads\/2024\/10\/oct24_2-768x511.jpeg 768w, https:\/\/palsolidarity.org\/wp-content\/uploads\/2024\/10\/oct24_2.jpeg 956w\" alt=\"\" width=\"475\" height=\"316\" data-lazy-srcset=\"https:\/\/palsolidarity.org\/wp-content\/uploads\/2024\/10\/oct24_2-600x399.jpeg 600w, https:\/\/palsolidarity.org\/wp-content\/uploads\/2024\/10\/oct24_2-400x266.jpeg 400w, https:\/\/palsolidarity.org\/wp-content\/uploads\/2024\/10\/oct24_2-768x511.jpeg 768w, https:\/\/palsolidarity.org\/wp-content\/uploads\/2024\/10\/oct24_2.jpeg 956w\" data-lazy-sizes=\"(max-width: 600px) 100vw, 600px\" data-lazy-src=\"https:\/\/palsolidarity.org\/wp-content\/uploads\/2024\/10\/oct24_2-600x399.jpeg\" data-ll-status=\"loaded\" \/><\/p>\n<p>L&#8217;operazione di occupazione israeliana si \u00e8 concentrata sull&#8217;assedio dell&#8217;edificio e sull&#8217;evacuazione delle famiglie palestinesi che vivevano all&#8217;interno, in modo da poter circondare l&#8217;edificio da tutti i lati, con l&#8217;aggiunta di aerei dall&#8217;alto.<\/p>\n<p><img loading=\"lazy\" decoding=\"async\" class=\"wp-image-61406 entered lazyloaded\" src=\"https:\/\/palsolidarity.org\/wp-content\/uploads\/2024\/10\/oct245-600x400.jpeg\" sizes=\"auto, (max-width: 600px) 100vw, 600px\" srcset=\"https:\/\/palsolidarity.org\/wp-content\/uploads\/2024\/10\/oct245-600x400.jpeg 600w, https:\/\/palsolidarity.org\/wp-content\/uploads\/2024\/10\/oct245-400x267.jpeg 400w, https:\/\/palsolidarity.org\/wp-content\/uploads\/2024\/10\/oct245-768x512.jpeg 768w, https:\/\/palsolidarity.org\/wp-content\/uploads\/2024\/10\/oct245.jpeg 1024w\" alt=\"\" width=\"477\" height=\"318\" data-lazy-srcset=\"https:\/\/palsolidarity.org\/wp-content\/uploads\/2024\/10\/oct245-600x400.jpeg 600w, https:\/\/palsolidarity.org\/wp-content\/uploads\/2024\/10\/oct245-400x267.jpeg 400w, https:\/\/palsolidarity.org\/wp-content\/uploads\/2024\/10\/oct245-768x512.jpeg 768w, https:\/\/palsolidarity.org\/wp-content\/uploads\/2024\/10\/oct245.jpeg 1024w\" data-lazy-sizes=\"(max-width: 600px) 100vw, 600px\" data-lazy-src=\"https:\/\/palsolidarity.org\/wp-content\/uploads\/2024\/10\/oct245-600x400.jpeg\" data-ll-status=\"loaded\" \/><\/p>\n<p>L&#8217;edificio di cinque piani \u00e8 stato sottoposto a parziale e totale distruzione, e tutto questo per uccidere il 29enne palestinese Islam Odeh, del campo di Tulkarem. Le forze di occupazione israeliane hanno marciato contro di lui e lanciato missili tipo Energa per ucciderlo, ma ha continuato a combattere fino all&#8217;ultimo momento e non si \u00e8 mai arreso; alla fine \u00e8 caduto sotto un proiettile israeliano. Quel proiettile finale ha colpito Islam Odeh direttamente alla testa, e lui \u00e8 caduto come un martire.<\/p>\n<p><img loading=\"lazy\" decoding=\"async\" class=\"wp-image-61405 entered lazyloaded\" src=\"https:\/\/palsolidarity.org\/wp-content\/uploads\/2024\/10\/oct24_4-600x400.jpeg\" sizes=\"auto, (max-width: 600px) 100vw, 600px\" srcset=\"https:\/\/palsolidarity.org\/wp-content\/uploads\/2024\/10\/oct24_4-600x400.jpeg 600w, https:\/\/palsolidarity.org\/wp-content\/uploads\/2024\/10\/oct24_4-400x267.jpeg 400w, https:\/\/palsolidarity.org\/wp-content\/uploads\/2024\/10\/oct24_4-768x512.jpeg 768w, https:\/\/palsolidarity.org\/wp-content\/uploads\/2024\/10\/oct24_4.jpeg 955w\" alt=\"\" width=\"497\" height=\"332\" data-lazy-srcset=\"https:\/\/palsolidarity.org\/wp-content\/uploads\/2024\/10\/oct24_4-600x400.jpeg 600w, https:\/\/palsolidarity.org\/wp-content\/uploads\/2024\/10\/oct24_4-400x267.jpeg 400w, https:\/\/palsolidarity.org\/wp-content\/uploads\/2024\/10\/oct24_4-768x512.jpeg 768w, https:\/\/palsolidarity.org\/wp-content\/uploads\/2024\/10\/oct24_4.jpeg 955w\" data-lazy-sizes=\"(max-width: 600px) 100vw, 600px\" data-lazy-src=\"https:\/\/palsolidarity.org\/wp-content\/uploads\/2024\/10\/oct24_4-600x400.jpeg\" data-ll-status=\"loaded\" \/><\/p>\n<p>Secondo l&#8217;amministrazione civile palestinese, le forze di occupazione israeliane hanno ucciso il giovane islamista palestinese e hanno conservato il suo corpo.<\/p>\n<p>Gli equipaggi della Difesa Civile e dei medici palestinesi si sono precipitati sul sito dell&#8217;edificio subito dopo la fine dell&#8217;operazione militare e il ritiro delle forze israeliane, al fine di mettere in sicurezza l&#8217;edificio e smaltire eventuali residui di esplosivi e attrezzature militari israeliane.<img loading=\"lazy\" decoding=\"async\" class=\"wp-image-61407 entered lazyloaded\" src=\"https:\/\/palsolidarity.org\/wp-content\/uploads\/2024\/10\/Oct24_5-600x400.jpeg\" sizes=\"auto, (max-width: 600px) 100vw, 600px\" srcset=\"https:\/\/palsolidarity.org\/wp-content\/uploads\/2024\/10\/Oct24_5-600x400.jpeg 600w, https:\/\/palsolidarity.org\/wp-content\/uploads\/2024\/10\/Oct24_5-400x267.jpeg 400w, https:\/\/palsolidarity.org\/wp-content\/uploads\/2024\/10\/Oct24_5-768x512.jpeg 768w, https:\/\/palsolidarity.org\/wp-content\/uploads\/2024\/10\/Oct24_5.jpeg 1024w\" alt=\"\" width=\"512\" height=\"341\" data-lazy-srcset=\"https:\/\/palsolidarity.org\/wp-content\/uploads\/2024\/10\/Oct24_5-600x400.jpeg 600w, https:\/\/palsolidarity.org\/wp-content\/uploads\/2024\/10\/Oct24_5-400x267.jpeg 400w, https:\/\/palsolidarity.org\/wp-content\/uploads\/2024\/10\/Oct24_5-768x512.jpeg 768w, https:\/\/palsolidarity.org\/wp-content\/uploads\/2024\/10\/Oct24_5.jpeg 1024w\" data-lazy-sizes=\"(max-width: 600px) 100vw, 600px\" data-lazy-src=\"https:\/\/palsolidarity.org\/wp-content\/uploads\/2024\/10\/Oct24_5-600x400.jpeg\" data-ll-status=\"loaded\" \/><\/p>\n<p>Questa operazione ha imposto pesanti perdite materiali per il proprietario dell&#8217;edificio, e pesanti perdite anche per i proprietari di automobili distrutte dall&#8217;occupazione mentre i soldati entravano nell&#8217;edificio.<\/p>\n<p>La notizia della morte del martire palestinese Islam Odeh \u00e8 stata ricevuta con enorme dolore dalla famiglia. <img loading=\"lazy\" decoding=\"async\" class=\"wp-image-61393 entered lazyloaded\" src=\"https:\/\/palsolidarity.org\/wp-content\/uploads\/2024\/10\/oct24_1-600x400.jpeg\" sizes=\"auto, (max-width: 600px) 100vw, 600px\" srcset=\"https:\/\/palsolidarity.org\/wp-content\/uploads\/2024\/10\/oct24_1-600x400.jpeg 600w, https:\/\/palsolidarity.org\/wp-content\/uploads\/2024\/10\/oct24_1-400x267.jpeg 400w, https:\/\/palsolidarity.org\/wp-content\/uploads\/2024\/10\/oct24_1-768x512.jpeg 768w, https:\/\/palsolidarity.org\/wp-content\/uploads\/2024\/10\/oct24_1.jpeg 957w\" alt=\"\" width=\"509\" height=\"339\" data-lazy-srcset=\"https:\/\/palsolidarity.org\/wp-content\/uploads\/2024\/10\/oct24_1-600x400.jpeg 600w, https:\/\/palsolidarity.org\/wp-content\/uploads\/2024\/10\/oct24_1-400x267.jpeg 400w, https:\/\/palsolidarity.org\/wp-content\/uploads\/2024\/10\/oct24_1-768x512.jpeg 768w, https:\/\/palsolidarity.org\/wp-content\/uploads\/2024\/10\/oct24_1.jpeg 957w\" data-lazy-sizes=\"(max-width: 600px) 100vw, 600px\" data-lazy-src=\"https:\/\/palsolidarity.org\/wp-content\/uploads\/2024\/10\/oct24_1-600x400.jpeg\" data-ll-status=\"loaded\" \/><\/p>\n<p>Secondo l&#8217;osservatorio di Shirin Abu Aqla , il numero dei martiri dall&#8217;inizio del 2024 ha raggiunto finora i 173 solo a Tulkarm.<\/p>\n<p>&nbsp;<\/p>\n","protected":false},"excerpt":{"rendered":"<p>27 ottobre 2024 https:\/\/palsolidarity.org\/2024\/10\/fighting-until-the-last-breath\/ Che cosa significa portare un intero battaglione dell&#8217;esercito con enormi veicoli militari in un quartiere, per assediare un intero edificio di appartamenti, alla ricerca di un solo palestinese? Questo \u00e8 un articolo di resilienza e sfida &hellip; <a href=\"https:\/\/reteitalianaism.it\/reteism\/index.php\/2024\/10\/28\/lotta-fino-allultimo-respiro\/\">Continue reading <span class=\"meta-nav\">&rarr;<\/span><\/a><\/p>\n","protected":false},"author":8,"featured_media":0,"comment_status":"open","ping_status":"open","sticky":false,"template":"","format":"standard","meta":{"footnotes":""},"categories":[2,3],"tags":[878,179,877,777,876],"class_list":["post-21339","post","type-post","status-publish","format-standard","hentry","category-gaza-2","category-info","tag-al-salam-lane","tag-genocidio","tag-islam-odeh","tag-nur-shams","tag-tulkarm"],"_links":{"self":[{"href":"https:\/\/reteitalianaism.it\/reteism\/index.php\/wp-json\/wp\/v2\/posts\/21339","targetHints":{"allow":["GET"]}}],"collection":[{"href":"https:\/\/reteitalianaism.it\/reteism\/index.php\/wp-json\/wp\/v2\/posts"}],"about":[{"href":"https:\/\/reteitalianaism.it\/reteism\/index.php\/wp-json\/wp\/v2\/types\/post"}],"author":[{"embeddable":true,"href":"https:\/\/reteitalianaism.it\/reteism\/index.php\/wp-json\/wp\/v2\/users\/8"}],"replies":[{"embeddable":true,"href":"https:\/\/reteitalianaism.it\/reteism\/index.php\/wp-json\/wp\/v2\/comments?post=21339"}],"version-history":[{"count":1,"href":"https:\/\/reteitalianaism.it\/reteism\/index.php\/wp-json\/wp\/v2\/posts\/21339\/revisions"}],"predecessor-version":[{"id":21340,"href":"https:\/\/reteitalianaism.it\/reteism\/index.php\/wp-json\/wp\/v2\/posts\/21339\/revisions\/21340"}],"wp:attachment":[{"href":"https:\/\/reteitalianaism.it\/reteism\/index.php\/wp-json\/wp\/v2\/media?parent=21339"}],"wp:term":[{"taxonomy":"category","embeddable":true,"href":"https:\/\/reteitalianaism.it\/reteism\/index.php\/wp-json\/wp\/v2\/categories?post=21339"},{"taxonomy":"post_tag","embeddable":true,"href":"https:\/\/reteitalianaism.it\/reteism\/index.php\/wp-json\/wp\/v2\/tags?post=21339"}],"curies":[{"name":"wp","href":"https:\/\/api.w.org\/{rel}","templated":true}]}}