{"id":21342,"date":"2024-10-29T08:52:47","date_gmt":"2024-10-29T07:52:47","guid":{"rendered":"http:\/\/reteitalianaism.it\/reteism\/?p=21342"},"modified":"2024-10-29T08:54:50","modified_gmt":"2024-10-29T07:54:50","slug":"in-ricordo-di-aysenur","status":"publish","type":"post","link":"https:\/\/reteitalianaism.it\/reteism\/index.php\/2024\/10\/29\/in-ricordo-di-aysenur\/","title":{"rendered":"In ricordo di Ay\u015fenur"},"content":{"rendered":"<p>25 ottobre 2024 &#8211; Beita<\/p>\n<p><a href=\"https:\/\/palsolidarity.org\/2024\/10\/remembering-aysenur\/\">Remembering Ay\u015fenur &#8211; International Solidarity Movement<\/a><\/p>\n<p><a href=\"http:\/\/reteitalianaism.it\/reteism\/wp-content\/uploads\/2024\/10\/signal-2024-10-27-194346_005-825x510-2.jpg\"><img loading=\"lazy\" decoding=\"async\" class=\" wp-image-21344 aligncenter\" src=\"http:\/\/reteitalianaism.it\/reteism\/wp-content\/uploads\/2024\/10\/signal-2024-10-27-194346_005-825x510-2-300x185.jpg\" alt=\"\" width=\"436\" height=\"269\" srcset=\"https:\/\/reteitalianaism.it\/reteism\/wp-content\/uploads\/2024\/10\/signal-2024-10-27-194346_005-825x510-2-300x185.jpg 300w, https:\/\/reteitalianaism.it\/reteism\/wp-content\/uploads\/2024\/10\/signal-2024-10-27-194346_005-825x510-2-768x475.jpg 768w, https:\/\/reteitalianaism.it\/reteism\/wp-content\/uploads\/2024\/10\/signal-2024-10-27-194346_005-825x510-2.jpg 825w\" sizes=\"auto, (max-width: 436px) 100vw, 436px\" \/><\/a><span class=\"HwtZe\" lang=\"it\"><span class=\"jCAhz ChMk0b\"><span class=\"ryNqvb\">I volontari internazionali hanno continuato a tornare a Beita dopo l&#8217;omicidio di Ay\u015fenur, membro dell&#8217;International Solidarity Movement, nonostante l&#8217;esercito israeliano abbia represso violentemente le dimostrazioni pacifiche.<\/span><\/span><\/span><\/p>\n<p><span class=\"HwtZe\" lang=\"it\"><span class=\"jCAhz ChMk0b\"><span class=\"ryNqvb\"> Venerd\u00ec 25, la giornata \u00e8 iniziata con tesi scontri da parte delle forze israeliane, che hanno costretto palestinesi e volontari a eludere i soldati e i gas lacrimogeni.<\/span><\/span> <\/span><\/p>\n<p><span class=\"HwtZe\" lang=\"it\"><span class=\"jCAhz ChMk0b\"><span class=\"ryNqvb\">Dopo la ritirata dell&#8217;esercito, tuttavia, un gruppo di volontari internazionali \u00e8 finalmente riuscito a riunirsi al memoriale di Ay\u015fenur.<\/span><\/span> <span class=\"jCAhz ChMk0b\"><span class=\"ryNqvb\">Questo momento \u00e8 stato profondamente emozionante, in onore di una giovane vita rubata all&#8217;improvviso nel mezzo di una pi\u00f9 ampia lotta per la libert\u00e0 a Beita e in tutta la Palestina.<\/span><\/span><\/span><br \/>\n<!--more--><\/p>\n<div class=\"OvtS8d\"><a href=\"http:\/\/reteitalianaism.it\/reteism\/wp-content\/uploads\/2024\/10\/signal-2024-10-27-194346_008-600x450-1.jpg\"><img loading=\"lazy\" decoding=\"async\" class=\" wp-image-21345 aligncenter\" src=\"http:\/\/reteitalianaism.it\/reteism\/wp-content\/uploads\/2024\/10\/signal-2024-10-27-194346_008-600x450-1-300x225.jpg\" alt=\"\" width=\"451\" height=\"338\" srcset=\"https:\/\/reteitalianaism.it\/reteism\/wp-content\/uploads\/2024\/10\/signal-2024-10-27-194346_008-600x450-1-300x225.jpg 300w, https:\/\/reteitalianaism.it\/reteism\/wp-content\/uploads\/2024\/10\/signal-2024-10-27-194346_008-600x450-1.jpg 600w\" sizes=\"auto, (max-width: 451px) 100vw, 451px\" \/><\/a><\/div>\n<p><a href=\"http:\/\/reteitalianaism.it\/reteism\/wp-content\/uploads\/2024\/10\/signal-2024-10-27-194346_003-450x600-1.jpg\"><img loading=\"lazy\" decoding=\"async\" class=\" wp-image-21346 aligncenter\" src=\"http:\/\/reteitalianaism.it\/reteism\/wp-content\/uploads\/2024\/10\/signal-2024-10-27-194346_003-450x600-1-225x300.jpg\" alt=\"\" width=\"316\" height=\"421\" srcset=\"https:\/\/reteitalianaism.it\/reteism\/wp-content\/uploads\/2024\/10\/signal-2024-10-27-194346_003-450x600-1-225x300.jpg 225w, https:\/\/reteitalianaism.it\/reteism\/wp-content\/uploads\/2024\/10\/signal-2024-10-27-194346_003-450x600-1.jpg 450w\" sizes=\"auto, (max-width: 316px) 100vw, 316px\" \/><\/a><a href=\"http:\/\/reteitalianaism.it\/reteism\/wp-content\/uploads\/2024\/10\/signal-2024-10-27-194346_004-450x600-1.jpg\"><img loading=\"lazy\" decoding=\"async\" class=\" wp-image-21347 aligncenter\" src=\"http:\/\/reteitalianaism.it\/reteism\/wp-content\/uploads\/2024\/10\/signal-2024-10-27-194346_004-450x600-1-225x300.jpg\" alt=\"\" width=\"308\" height=\"411\" srcset=\"https:\/\/reteitalianaism.it\/reteism\/wp-content\/uploads\/2024\/10\/signal-2024-10-27-194346_004-450x600-1-225x300.jpg 225w, https:\/\/reteitalianaism.it\/reteism\/wp-content\/uploads\/2024\/10\/signal-2024-10-27-194346_004-450x600-1.jpg 450w\" sizes=\"auto, (max-width: 308px) 100vw, 308px\" \/><\/a><span class=\"jCAhz ChMk0b\"><span class=\"ryNqvb\">Dal 2021 questo villaggio in Cisgiordania ha dovuto affrontare continue aggressioni, che hanno portato le forze israeliane a uccidere 17 palestinesi.<\/span><\/span><\/p>\n<p><span class=\"jCAhz\"><span class=\"ryNqvb\">Noto per la sua lunga storia di resistenza contro le espansioni illegali degli insediamenti israeliani, Beita \u00e8 diventato un punto focale di repressione.<\/span><\/span> <span class=\"jCAhz ChMk0b\"><span class=\"ryNqvb\">I residenti di Beita continuano a protestare contro il sequestro di terreni sulla vicina Jabal Sabih, una collina dove i coloni hanno stabilito un avamposto illegale (che di recente \u00e8 diventato un insediamento), che domina strategicamente il villaggio.<\/span><\/span><\/p>\n<p><span class=\"jCAhz ChMk0b\"><span class=\"ryNqvb\">La vita su questa terra \u00e8 parte integrante della comunit\u00e0 di Beita e ora i residenti protestano sulla collina ogni settimana.<\/span><\/span><span class=\"jCAhz ChMk0b\"><span class=\"ryNqvb\"> Per molti a Beita, le perdite degli ultimi anni sono un doloroso promemoria dei costi duraturi dell&#8217;occupazione.<\/span><\/span> <span class=\"jCAhz\"><span class=\"ryNqvb\">Il governo israeliano ha ampiamente liquidato queste proteste come una questione di &#8220;sicurezza&#8221;, ma la gente del posto le vede come una necessaria resistenza contro lo sfollamento forzato.<\/span><\/span><\/p>\n<p><span class=\"jCAhz ChMk0b\"><span class=\"ryNqvb\">Per i palestinesi, la creazione di nuovi insediamenti non solo usurpa la loro terra, ma accresce anche il senso di ingiustizia e alienazione avvertito sotto l&#8217;occupazione militare.<\/span><\/span><span class=\"jCAhz ChMk0b\"><span class=\"ryNqvb\"> In questo spazio solenne, circondato dai ricordi di Ay\u015fenur e di altri perduti nella lotta, i volontari e gli altri hanno cercato conforto nella convinzione che lei, come coloro che l&#8217;hanno preceduta, \u00e8 in pace e, come ha detto una volontaria, &#8220;in cammino verso Jannah&#8221;.<\/span><\/span><\/p>\n<p><a href=\"http:\/\/reteitalianaism.it\/reteism\/wp-content\/uploads\/2024\/10\/signal-2024-10-27-194346_007-450x600-1.jpg\"><img loading=\"lazy\" decoding=\"async\" class=\" wp-image-21348 aligncenter\" src=\"http:\/\/reteitalianaism.it\/reteism\/wp-content\/uploads\/2024\/10\/signal-2024-10-27-194346_007-450x600-1-225x300.jpg\" alt=\"\" width=\"340\" height=\"453\" srcset=\"https:\/\/reteitalianaism.it\/reteism\/wp-content\/uploads\/2024\/10\/signal-2024-10-27-194346_007-450x600-1-225x300.jpg 225w, https:\/\/reteitalianaism.it\/reteism\/wp-content\/uploads\/2024\/10\/signal-2024-10-27-194346_007-450x600-1.jpg 450w\" sizes=\"auto, (max-width: 340px) 100vw, 340px\" \/><\/a>Tutte le foto dal sito: <a href=\"https:\/\/palsolidarity.org\/\">International Solidarity Movement &#8211; Nonviolence. Justice. Freedom.<\/a><\/p>\n","protected":false},"excerpt":{"rendered":"<p>25 ottobre 2024 &#8211; Beita Remembering Ay\u015fenur &#8211; International Solidarity Movement I volontari internazionali hanno continuato a tornare a Beita dopo l&#8217;omicidio di Ay\u015fenur, membro dell&#8217;International Solidarity Movement, nonostante l&#8217;esercito israeliano abbia represso violentemente le dimostrazioni pacifiche. Venerd\u00ec 25, la &hellip; <a href=\"https:\/\/reteitalianaism.it\/reteism\/index.php\/2024\/10\/29\/in-ricordo-di-aysenur\/\">Continue reading <span class=\"meta-nav\">&rarr;<\/span><\/a><\/p>\n","protected":false},"author":6,"featured_media":0,"comment_status":"open","ping_status":"open","sticky":false,"template":"","format":"standard","meta":{"footnotes":""},"categories":[3],"tags":[488,126,879,392,513,128],"class_list":["post-21342","post","type-post","status-publish","format-standard","hentry","category-info","tag-attivisti","tag-attivisti-internazionali","tag-aysenur","tag-beita","tag-international-solidarity-movement","tag-volontari"],"_links":{"self":[{"href":"https:\/\/reteitalianaism.it\/reteism\/index.php\/wp-json\/wp\/v2\/posts\/21342","targetHints":{"allow":["GET"]}}],"collection":[{"href":"https:\/\/reteitalianaism.it\/reteism\/index.php\/wp-json\/wp\/v2\/posts"}],"about":[{"href":"https:\/\/reteitalianaism.it\/reteism\/index.php\/wp-json\/wp\/v2\/types\/post"}],"author":[{"embeddable":true,"href":"https:\/\/reteitalianaism.it\/reteism\/index.php\/wp-json\/wp\/v2\/users\/6"}],"replies":[{"embeddable":true,"href":"https:\/\/reteitalianaism.it\/reteism\/index.php\/wp-json\/wp\/v2\/comments?post=21342"}],"version-history":[{"count":2,"href":"https:\/\/reteitalianaism.it\/reteism\/index.php\/wp-json\/wp\/v2\/posts\/21342\/revisions"}],"predecessor-version":[{"id":21350,"href":"https:\/\/reteitalianaism.it\/reteism\/index.php\/wp-json\/wp\/v2\/posts\/21342\/revisions\/21350"}],"wp:attachment":[{"href":"https:\/\/reteitalianaism.it\/reteism\/index.php\/wp-json\/wp\/v2\/media?parent=21342"}],"wp:term":[{"taxonomy":"category","embeddable":true,"href":"https:\/\/reteitalianaism.it\/reteism\/index.php\/wp-json\/wp\/v2\/categories?post=21342"},{"taxonomy":"post_tag","embeddable":true,"href":"https:\/\/reteitalianaism.it\/reteism\/index.php\/wp-json\/wp\/v2\/tags?post=21342"}],"curies":[{"name":"wp","href":"https:\/\/api.w.org\/{rel}","templated":true}]}}