{"id":21391,"date":"2024-11-06T18:22:48","date_gmt":"2024-11-06T17:22:48","guid":{"rendered":"http:\/\/reteitalianaism.it\/reteism\/?p=21391"},"modified":"2024-11-06T18:22:48","modified_gmt":"2024-11-06T17:22:48","slug":"non-ce-piu-vita-nei-campi-di-tulkarm","status":"publish","type":"post","link":"https:\/\/reteitalianaism.it\/reteism\/index.php\/2024\/11\/06\/non-ce-piu-vita-nei-campi-di-tulkarm\/","title":{"rendered":"Non c&#8217;\u00e8 pi\u00f9 vita nei campi di Tulkarm"},"content":{"rendered":"<p><a href=\"https:\/\/palsolidarity.org\/2024\/11\/there-is-no-more-life-in-tulkarm-camps\/\">https:\/\/palsolidarity.org\/<\/a><\/p>\n<p><strong>6 novembre 2024<\/strong>\u00a0 \u00a0 \u00a0 \u00a0 \u00a0 <em>Diana Khwaelid\u00a0 \u00a0 \u00a0 \u00a0 Cisgiordania \u2013 Tulkarm<\/em><\/p>\n<p style=\"text-align: justify;\">Quando entri nei campi di Tulkarm, ti rendi conto che migliaia di palestinesi sono stati uccisi.<\/p>\n<p style=\"text-align: justify;\"><a href=\"http:\/\/reteitalianaism.it\/reteism\/wp-content\/uploads\/2024\/11\/signal-2024-11-06-141110_011-825x510-1.jpeg\"><img loading=\"lazy\" decoding=\"async\" class=\" wp-image-21393 aligncenter\" src=\"http:\/\/reteitalianaism.it\/reteism\/wp-content\/uploads\/2024\/11\/signal-2024-11-06-141110_011-825x510-1-300x185.jpeg\" alt=\"\" width=\"499\" height=\"308\" srcset=\"https:\/\/reteitalianaism.it\/reteism\/wp-content\/uploads\/2024\/11\/signal-2024-11-06-141110_011-825x510-1-300x185.jpeg 300w, https:\/\/reteitalianaism.it\/reteism\/wp-content\/uploads\/2024\/11\/signal-2024-11-06-141110_011-825x510-1-768x475.jpeg 768w, https:\/\/reteitalianaism.it\/reteism\/wp-content\/uploads\/2024\/11\/signal-2024-11-06-141110_011-825x510-1.jpeg 825w\" sizes=\"auto, (max-width: 499px) 100vw, 499px\" \/><\/a>Aree dei campi profughi di Tulkarm sono state decimate ancora una volta, con diversi martiri nell&#8217;ultimo attacco del 5 novembre. Decine di incursioni militari israeliane hanno completamente sfigurato i campi.<br \/>\nNelle ultime settimane gli attacchi contro i campi profughi di Tulkarm sono aumentati. Il 5 novembre, decine di veicoli blindati militari israeliani hanno preso d&#8217;assalto la citt\u00e0 di Tulkarm e le incursioni si sono concentrate in entrambi i campi profughi.<!--more--><\/p>\n<div id=\"attachment_21392\" style=\"width: 508px\" class=\"wp-caption aligncenter\"><a href=\"http:\/\/reteitalianaism.it\/reteism\/wp-content\/uploads\/2024\/11\/signal-2024-11-06-141110_004-600x400-1.jpeg\"><img loading=\"lazy\" decoding=\"async\" aria-describedby=\"caption-attachment-21392\" class=\" wp-image-21392\" src=\"http:\/\/reteitalianaism.it\/reteism\/wp-content\/uploads\/2024\/11\/signal-2024-11-06-141110_004-600x400-1-300x200.jpeg\" alt=\"\" width=\"498\" height=\"332\" srcset=\"https:\/\/reteitalianaism.it\/reteism\/wp-content\/uploads\/2024\/11\/signal-2024-11-06-141110_004-600x400-1-300x200.jpeg 300w, https:\/\/reteitalianaism.it\/reteism\/wp-content\/uploads\/2024\/11\/signal-2024-11-06-141110_004-600x400-1.jpeg 600w\" sizes=\"auto, (max-width: 498px) 100vw, 498px\" \/><\/a><p id=\"caption-attachment-21392\" class=\"wp-caption-text\">Veicoli blindati durante l&#8217;incursione<\/p><\/div>\n<p style=\"text-align: justify;\">L&#8217;obiettivo di Israele \u00e8 la completa eliminazione dei campi profughi della Cisgiordania, soprattutto nel nord, insieme al martirio di coloro che difendono la gente nei campi. Questo finch\u00e9 la questione dei rifugiati sar\u00e0 parte della lotta palestinese per la liberazione. L&#8217;infrastruttura dei campi di Tulkarem e Nur Shams, gi\u00e0 distrutti dalle precedenti incursioni, \u00e8 stata ulteriormente distrutta con decine di case e negozi completamente bruciati.<br \/>\nI principali trasformatori di potenza dei campi sono stati distrutti e le condotte fognarie sono state danneggiate, rendendo l&#8217;ambiente nel campo pi\u00f9 pericoloso, soprattutto per i malati, gli anziani e i bambini.<br \/>\nDecine di famiglie palestinesi in entrambi i campi sono state espulse a causa della perdita delle loro case o per l&#8217;estrema paura per la vita delle loro famiglie e dei loro bambini.<br \/>\nMahmoud Radwan, un 79enne del campo di Tulkarem che ha assistito alla distruzione della sua casa, ha detto: &#8220;Non lascer\u00f2 il campo. Sono cresciuto qui e rester\u00f2 qui a prescindere da tutto. Come potrei rinunciare alla mia casa?&#8221;<\/p>\n<p style=\"text-align: justify;\">Mazen Huaiti, un ventiduenne del campo di Tulkarem che vive nel quartiere di Abu al-full, distrutto dai bulldozer israeliani, ha detto: &#8220;Non importa quanto a lungo l&#8217;occupazione continui con la sua politica di distruzione di case e strade, noi la ricostruiremo.<\/p>\n<p style=\"text-align: justify;\">&#8220;Siamo fermi e fedeli nel campo. L&#8217;obiettivo principale dell&#8217;occupazione con la distruzione dei campi \u00e8 eliminare i combattenti palestinesi che difendono i campi e che affrontano l&#8217;occupazione durante le incursioni&#8230; L&#8217;occupazione ci ha tolto la forza&#8230; ma noi crediamo in Dio e prenderemo la nostra forza da Dio&#8221;.<\/p>\n<p style=\"text-align: justify;\">L&#8217;ultima incursione israeliana \u00e8 durata 13 ore consecutive, costringendo i residenti dei campi ad aspettare in uno stato di terrore.<\/p>\n<div id=\"attachment_21401\" style=\"width: 509px\" class=\"wp-caption aligncenter\"><a href=\"http:\/\/reteitalianaism.it\/reteism\/wp-content\/uploads\/2024\/11\/signal-2024-11-06-141110_009-600x337-1.jpeg\"><img loading=\"lazy\" decoding=\"async\" aria-describedby=\"caption-attachment-21401\" class=\" wp-image-21401\" src=\"http:\/\/reteitalianaism.it\/reteism\/wp-content\/uploads\/2024\/11\/signal-2024-11-06-141110_009-600x337-1-300x169.jpeg\" alt=\"\" width=\"499\" height=\"281\" srcset=\"https:\/\/reteitalianaism.it\/reteism\/wp-content\/uploads\/2024\/11\/signal-2024-11-06-141110_009-600x337-1-300x169.jpeg 300w, https:\/\/reteitalianaism.it\/reteism\/wp-content\/uploads\/2024\/11\/signal-2024-11-06-141110_009-600x337-1.jpeg 600w\" sizes=\"auto, (max-width: 499px) 100vw, 499px\" \/><\/a><p id=\"caption-attachment-21401\" class=\"wp-caption-text\">Mahmoud Radwan (79)<\/p><\/div>\n<div id=\"attachment_21400\" style=\"width: 508px\" class=\"wp-caption aligncenter\"><a href=\"http:\/\/reteitalianaism.it\/reteism\/wp-content\/uploads\/2024\/11\/signal-2024-11-06-141110_002-600x400-1.jpeg\"><img loading=\"lazy\" decoding=\"async\" aria-describedby=\"caption-attachment-21400\" class=\" wp-image-21400\" src=\"http:\/\/reteitalianaism.it\/reteism\/wp-content\/uploads\/2024\/11\/signal-2024-11-06-141110_002-600x400-1-300x200.jpeg\" alt=\"\" width=\"498\" height=\"332\" srcset=\"https:\/\/reteitalianaism.it\/reteism\/wp-content\/uploads\/2024\/11\/signal-2024-11-06-141110_002-600x400-1-300x200.jpeg 300w, https:\/\/reteitalianaism.it\/reteism\/wp-content\/uploads\/2024\/11\/signal-2024-11-06-141110_002-600x400-1.jpeg 600w\" sizes=\"auto, (max-width: 498px) 100vw, 498px\" \/><\/a><p id=\"caption-attachment-21400\" class=\"wp-caption-text\">Un negozio \u00e8 stato bruciato da un veicolo blindato israeliano nel campo di Tulkarem<\/p><\/div>\n<div id=\"attachment_21399\" style=\"width: 502px\" class=\"wp-caption aligncenter\"><a href=\"http:\/\/reteitalianaism.it\/reteism\/wp-content\/uploads\/2024\/11\/signal-2024-11-06-141110_005-600x400-1.jpeg\"><img loading=\"lazy\" decoding=\"async\" aria-describedby=\"caption-attachment-21399\" class=\" wp-image-21399\" src=\"http:\/\/reteitalianaism.it\/reteism\/wp-content\/uploads\/2024\/11\/signal-2024-11-06-141110_005-600x400-1-300x200.jpeg\" alt=\"\" width=\"492\" height=\"328\" srcset=\"https:\/\/reteitalianaism.it\/reteism\/wp-content\/uploads\/2024\/11\/signal-2024-11-06-141110_005-600x400-1-300x200.jpeg 300w, https:\/\/reteitalianaism.it\/reteism\/wp-content\/uploads\/2024\/11\/signal-2024-11-06-141110_005-600x400-1.jpeg 600w\" sizes=\"auto, (max-width: 492px) 100vw, 492px\" \/><\/a><p id=\"caption-attachment-21399\" class=\"wp-caption-text\">Veicoli blindati israeliani durante l&#8217;incursione israeliana<\/p><\/div>\n<div id=\"attachment_21398\" style=\"width: 502px\" class=\"wp-caption aligncenter\"><a href=\"http:\/\/reteitalianaism.it\/reteism\/wp-content\/uploads\/2024\/11\/signal-2024-11-06-141110_008-600x337-1.jpeg\"><img loading=\"lazy\" decoding=\"async\" aria-describedby=\"caption-attachment-21398\" class=\" wp-image-21398\" src=\"http:\/\/reteitalianaism.it\/reteism\/wp-content\/uploads\/2024\/11\/signal-2024-11-06-141110_008-600x337-1-300x169.jpeg\" alt=\"\" width=\"492\" height=\"277\" srcset=\"https:\/\/reteitalianaism.it\/reteism\/wp-content\/uploads\/2024\/11\/signal-2024-11-06-141110_008-600x337-1-300x169.jpeg 300w, https:\/\/reteitalianaism.it\/reteism\/wp-content\/uploads\/2024\/11\/signal-2024-11-06-141110_008-600x337-1.jpeg 600w\" sizes=\"auto, (max-width: 492px) 100vw, 492px\" \/><\/a><p id=\"caption-attachment-21398\" class=\"wp-caption-text\">Una donna palestinese pulisce i resti della distruzione nel campo di Tulkarem<\/p><\/div>\n<div id=\"attachment_21397\" style=\"width: 507px\" class=\"wp-caption aligncenter\"><a href=\"http:\/\/reteitalianaism.it\/reteism\/wp-content\/uploads\/2024\/11\/signal-2024-11-06-141110_007-600x337-1.jpeg\"><img loading=\"lazy\" decoding=\"async\" aria-describedby=\"caption-attachment-21397\" class=\" wp-image-21397\" src=\"http:\/\/reteitalianaism.it\/reteism\/wp-content\/uploads\/2024\/11\/signal-2024-11-06-141110_007-600x337-1-300x169.jpeg\" alt=\"\" width=\"497\" height=\"280\" srcset=\"https:\/\/reteitalianaism.it\/reteism\/wp-content\/uploads\/2024\/11\/signal-2024-11-06-141110_007-600x337-1-300x169.jpeg 300w, https:\/\/reteitalianaism.it\/reteism\/wp-content\/uploads\/2024\/11\/signal-2024-11-06-141110_007-600x337-1.jpeg 600w\" sizes=\"auto, (max-width: 497px) 100vw, 497px\" \/><\/a><p id=\"caption-attachment-21397\" class=\"wp-caption-text\">Una famiglia palestinese assiste alla distruzione causata dall&#8217;occupazione<\/p><\/div>\n<div id=\"attachment_21396\" style=\"width: 505px\" class=\"wp-caption aligncenter\"><a href=\"http:\/\/reteitalianaism.it\/reteism\/wp-content\/uploads\/2024\/11\/signal-2024-11-06-141110_003-600x400-1.jpeg\"><img loading=\"lazy\" decoding=\"async\" aria-describedby=\"caption-attachment-21396\" class=\" wp-image-21396\" src=\"http:\/\/reteitalianaism.it\/reteism\/wp-content\/uploads\/2024\/11\/signal-2024-11-06-141110_003-600x400-1-300x200.jpeg\" alt=\"\" width=\"495\" height=\"330\" srcset=\"https:\/\/reteitalianaism.it\/reteism\/wp-content\/uploads\/2024\/11\/signal-2024-11-06-141110_003-600x400-1-300x200.jpeg 300w, https:\/\/reteitalianaism.it\/reteism\/wp-content\/uploads\/2024\/11\/signal-2024-11-06-141110_003-600x400-1.jpeg 600w\" sizes=\"auto, (max-width: 495px) 100vw, 495px\" \/><\/a><p id=\"caption-attachment-21396\" class=\"wp-caption-text\">Una delle case che sono state distrutte nel quartiere di AL-Manshiyya &#8211; Nur Shams<\/p><\/div>\n<div id=\"attachment_21395\" style=\"width: 509px\" class=\"wp-caption aligncenter\"><a href=\"http:\/\/reteitalianaism.it\/reteism\/wp-content\/uploads\/2024\/11\/signal-2024-11-06-141110_010-600x337-1.jpeg\"><img loading=\"lazy\" decoding=\"async\" aria-describedby=\"caption-attachment-21395\" class=\" wp-image-21395\" src=\"http:\/\/reteitalianaism.it\/reteism\/wp-content\/uploads\/2024\/11\/signal-2024-11-06-141110_010-600x337-1-300x169.jpeg\" alt=\"\" width=\"499\" height=\"281\" srcset=\"https:\/\/reteitalianaism.it\/reteism\/wp-content\/uploads\/2024\/11\/signal-2024-11-06-141110_010-600x337-1-300x169.jpeg 300w, https:\/\/reteitalianaism.it\/reteism\/wp-content\/uploads\/2024\/11\/signal-2024-11-06-141110_010-600x337-1.jpeg 600w\" sizes=\"auto, (max-width: 499px) 100vw, 499px\" \/><\/a><p id=\"caption-attachment-21395\" class=\"wp-caption-text\">Un bambino gioca con la terra della strada distrutta nel campo di Tulkarem<\/p><\/div>\n","protected":false},"excerpt":{"rendered":"<p>https:\/\/palsolidarity.org\/ 6 novembre 2024\u00a0 \u00a0 \u00a0 \u00a0 \u00a0 Diana Khwaelid\u00a0 \u00a0 \u00a0 \u00a0 Cisgiordania \u2013 Tulkarm Quando entri nei campi di Tulkarm, ti rendi conto che migliaia di palestinesi sono stati uccisi. Aree dei campi profughi di Tulkarm sono state &hellip; <a href=\"https:\/\/reteitalianaism.it\/reteism\/index.php\/2024\/11\/06\/non-ce-piu-vita-nei-campi-di-tulkarm\/\">Continue reading <span class=\"meta-nav\">&rarr;<\/span><\/a><\/p>\n","protected":false},"author":2,"featured_media":0,"comment_status":"open","ping_status":"open","sticky":false,"template":"","format":"standard","meta":{"footnotes":""},"categories":[3],"tags":[520,41,66,150],"class_list":["post-21391","post","type-post","status-publish","format-standard","hentry","category-info","tag-nour-shams","tag-pulizia-etnica","tag-tulkarem","tag-violenza-dellesercito"],"_links":{"self":[{"href":"https:\/\/reteitalianaism.it\/reteism\/index.php\/wp-json\/wp\/v2\/posts\/21391","targetHints":{"allow":["GET"]}}],"collection":[{"href":"https:\/\/reteitalianaism.it\/reteism\/index.php\/wp-json\/wp\/v2\/posts"}],"about":[{"href":"https:\/\/reteitalianaism.it\/reteism\/index.php\/wp-json\/wp\/v2\/types\/post"}],"author":[{"embeddable":true,"href":"https:\/\/reteitalianaism.it\/reteism\/index.php\/wp-json\/wp\/v2\/users\/2"}],"replies":[{"embeddable":true,"href":"https:\/\/reteitalianaism.it\/reteism\/index.php\/wp-json\/wp\/v2\/comments?post=21391"}],"version-history":[{"count":1,"href":"https:\/\/reteitalianaism.it\/reteism\/index.php\/wp-json\/wp\/v2\/posts\/21391\/revisions"}],"predecessor-version":[{"id":21402,"href":"https:\/\/reteitalianaism.it\/reteism\/index.php\/wp-json\/wp\/v2\/posts\/21391\/revisions\/21402"}],"wp:attachment":[{"href":"https:\/\/reteitalianaism.it\/reteism\/index.php\/wp-json\/wp\/v2\/media?parent=21391"}],"wp:term":[{"taxonomy":"category","embeddable":true,"href":"https:\/\/reteitalianaism.it\/reteism\/index.php\/wp-json\/wp\/v2\/categories?post=21391"},{"taxonomy":"post_tag","embeddable":true,"href":"https:\/\/reteitalianaism.it\/reteism\/index.php\/wp-json\/wp\/v2\/tags?post=21391"}],"curies":[{"name":"wp","href":"https:\/\/api.w.org\/{rel}","templated":true}]}}