{"id":21445,"date":"2024-11-17T19:02:37","date_gmt":"2024-11-17T18:02:37","guid":{"rendered":"http:\/\/reteitalianaism.it\/reteism\/?p=21445"},"modified":"2024-11-19T18:16:17","modified_gmt":"2024-11-19T17:16:17","slug":"tenuta-in-una-tomba-khalida-jarrar-rivela-le-mortali-condizioni-di-detenzione","status":"publish","type":"post","link":"https:\/\/reteitalianaism.it\/reteism\/index.php\/2024\/11\/17\/tenuta-in-una-tomba-khalida-jarrar-rivela-le-mortali-condizioni-di-detenzione\/","title":{"rendered":"&#8220;Tenuta in una tomba&#8221;: Khalida Jarrar rivela le mortali condizioni di detenzione"},"content":{"rendered":"<p style=\"text-align: justify;\"><a href=\"https:\/\/www.palestinechronicle.com\/held-in-a-grave-khalida-jarrar-reveals-deadly-detention-conditions\/\">https:\/\/www.palestinechronicle.com\/<\/a><br \/>\n<strong>17 novembre 2024<\/strong>\u00a0 \u00a0 \u00a0 \u00a0<em>Fayha Shalash \u2013 Ramallah<\/em><\/p>\n<p style=\"text-align: justify;\">\u00a0Un&#8217;intervista esclusiva con la famiglia mentre l&#8217;avvocato di Khalida Jarrar rivela le mortali condizioni affrontate dall&#8217;iconica leader palestinese in una prigione israeliana.<br \/>\nLa leader palestinese Khalida Jarrar \u00e8 stata tenuta in detenzione amministrativa nelle prigioni di occupazione israeliane senza accusa n\u00e9 processo dal suo arresto nella sua casa a Ramallah il 26 dicembre 2023.<\/p>\n<div id=\"attachment_21446\" style=\"width: 509px\" class=\"wp-caption aligncenter\"><a href=\"http:\/\/reteitalianaism.it\/reteism\/wp-content\/uploads\/2024\/11\/Jarrar_Prisoner_PC.png\"><img loading=\"lazy\" decoding=\"async\" aria-describedby=\"caption-attachment-21446\" class=\" wp-image-21446\" src=\"http:\/\/reteitalianaism.it\/reteism\/wp-content\/uploads\/2024\/11\/Jarrar_Prisoner_PC-300x201.png\" alt=\"\" width=\"499\" height=\"334\" srcset=\"https:\/\/reteitalianaism.it\/reteism\/wp-content\/uploads\/2024\/11\/Jarrar_Prisoner_PC-300x201.png 300w, https:\/\/reteitalianaism.it\/reteism\/wp-content\/uploads\/2024\/11\/Jarrar_Prisoner_PC.png 678w\" sizes=\"auto, (max-width: 499px) 100vw, 499px\" \/><\/a><p id=\"caption-attachment-21446\" class=\"wp-caption-text\">L&#8217;iconica leader palestinese Khalida Jarrar. (Design: Palestine Chronicle, tramite Samidoun)<\/p><\/div>\n<p style=\"text-align: justify;\">L&#8217;Handala Center for the Rights of Prisoners and Ex-Prisoners ha recentemente riferito che Jarrar, detenuta nella prigione di Ramla, sta affrontando una sistematica campagna israeliana di repressione e abusi che mette a repentaglio la sua vita.<\/p>\n<p style=\"text-align: justify;\">Da agosto, Jarrar \u00e8 stata anche sottoposta a isolamento dalle autorit\u00e0 di occupazione israeliane.<\/p>\n<p style=\"text-align: justify;\">Leader di spicco del Fronte Popolare per la Liberazione della Palestina (FPLP) e figura chiave a livello nazionale nella Cisgiordania occupata, Jarrar \u00e8 stata arrestata da Israele pi\u00f9 volte.<!--more--><\/p>\n<p style=\"text-align: justify;\">Durante la sua prigionia nel 2019, ha subito una perdita devastante quando sua figlia Suha \u00e8 morta all&#8217;et\u00e0 di 31 anni il 13 luglio 2021. Nonostante gli appelli internazionali, le autorit\u00e0 di occupazione israeliane hanno negato a Jarrar la possibilit\u00e0 di dire addio alla figlia.<\/p>\n<p style=\"text-align: justify;\">La leader 62enne, che soffre di problemi di salute, ha visto le sue condizioni peggiorare a causa delle dure condizioni di detenzione e della deliberata negligenza medica da parte dell&#8217;amministrazione carceraria israeliana.<\/p>\n<p><a href=\"https:\/\/www.palestinechronicle.com\/slow-death-iconic-palestinian-leader-khalida-jarrar-faces-abuse-in-israeli-prison\/\">https:\/\/www.palestinechronicle.com\/slow-death-iconic-palestinian-leader-khalida-jarrar-faces-abuse-in-israeli-prison\/<\/a><\/p>\n<p style=\"text-align: justify;\"><strong>&#8220;Tenuta in una tomba&#8221;<\/strong><br \/>\nJarrar ha trascorso finora cinque anni e mezzo nelle prigioni israeliane, alternando detenzione amministrativa e presunte accuse formali.<\/p>\n<p style=\"text-align: justify;\">Il 13 agosto, l&#8217;amministrazione carceraria l&#8217;ha trasferita bruscamente in isolamento nella prigione di Neve Tirza a Ramla senza giustificazione, ha detto sua sorella Salam Ratrout al Palestine Chronicle.<\/p>\n<p style=\"text-align: justify;\">&#8220;Soffre di pressione alta, diabete e arterie ristrette nella testa. Le \u00e8 stato improvvisamente detto di prepararsi e poi \u00e8 stata trasferita dalla prigione femminile di Damon in condizioni che sono, per usare un eufemismo, terribili&#8221;, ha detto Salam.<\/p>\n<p style=\"text-align: justify;\">Durante la terza settimana di isolamento, l&#8217;avvocato di Jarrar ha potuto farle visita. Jarrar ha descritto le sue condizioni come &#8220;essere tenuta in una tomba&#8221;. Ha spiegato che la sua stretta cella include un bagno interno senza acqua, non ha finestre o fori di ventilazione e non ha cibo e cure mediche sufficienti.<\/p>\n<p style=\"text-align: justify;\">Il letto nella sua cella \u00e8 una lastra di cemento con un materasso sottile, che la costringe a dormire sul pavimento. Le sue condizioni di diabete sono ulteriormente aggravate dal fatto che le viene servito cibo crudo, ha aggiunto Salam.<\/p>\n<p style=\"text-align: justify;\">Ex membro del Consiglio legislativo palestinese e attivista femminista, Jarrar ha dovuto affrontare un&#8217;immensa perdita personale durante i suoi anni di prigionia. Oltre a perdere la figlia, non \u00e8 stata in grado di dire addio al padre nel 2022. Meno di un mese dopo il suo rilascio, nel settembre 2022, \u00e8 morta la madre.<\/p>\n<p><a href=\"https:\/\/www.palestinechronicle.com\/fashioning-hope-out-of-despair-who-is-khalida-jarrar-iconic-palestinian-leader-detained-by-israel\/\">https:\/\/www.palestinechronicle.com\/fashioning-hope-out-of-despair-who-is-khalida-jarrar-iconic-palestinian-leader-detained-by-israel\/<\/a><\/p>\n<p style=\"text-align: justify;\">&#8220;I prigionieri trascorrono la loro intera vita in detenzione senza sapere qual \u00e8 la loro accusa. N\u00e9 le istituzioni internazionali n\u00e9 le leggi sono riuscite a costringere Israele a porre fine a questa ingiustizia&#8221;, \u200b\u200bha affermato Salam.<\/p>\n<p style=\"text-align: justify;\">L&#8217;Handala Center ha confermato che Jarrar ha sopportato condizioni estremamente dure durante i 93 giorni di isolamento. &#8220;La combattente per la libert\u00e0 non trova altro che sdraiarsi accanto alla porta, un posto dove pu\u00f2 respirare con la minima quantit\u00e0 di ossigeno, in una scena tragica che riflette la crudelt\u00e0 a cui sono esposti i prigionieri&#8221;, ha affermato il centro.<\/p>\n<p style=\"text-align: justify;\">Il centro ha chiesto un intervento urgente da parte di organizzazioni internazionali e per i diritti umani per salvare Jarrar e altri prigionieri palestinesi nelle prigioni israeliane.<\/p>\n<p style=\"text-align: justify;\"><strong>&#8220;Sto morendo ogni giorno&#8221;<\/strong><br \/>\nLa Fondazione Addameer per i diritti umani ha rivelato che le autorit\u00e0 di occupazione israeliane hanno recentemente esteso l&#8217;isolamento di Jarrar per un altro mese, portando il suo isolamento al terzo mese.<\/p>\n<p style=\"text-align: justify;\">Il suo avvocato l&#8217;ha citata mentre diceva: &#8220;Sto morendo ogni giorno. La cella \u00e8 come una piccola scatola chiusa che non lascia entrare l&#8217;aria. C&#8217;\u00e8 solo un bagno nella cella e una piccola finestra sopra, che \u00e8 stata chiusa un giorno dopo il mio trasferimento&#8221;.<\/p>\n<p style=\"text-align: justify;\">&#8220;Non mi hanno lasciato alcuno spazio per respirare e c&#8217;\u00e8 solo una piccola apertura accanto alla quale mi siedo la maggior parte del tempo per respirare. Sto soffocando nella mia cella e aspetto che passino ore in modo da poter trovare molecole di ossigeno per respirare e restare in vita&#8221;.<\/p>\n<p style=\"text-align: justify;\">Jarrar ha descritto ulteriormente il suo calvario: &#8220;Ci\u00f2 che ha aumentato la tragedia del mio isolamento sono state le alte temperature. In breve, sono dentro un forno alla temperatura pi\u00f9 alta. Non riesco a dormire a causa del calore elevato. E non erano soddisfatti di isolarmi in queste condizioni. \u201c<\/p>\n<p style=\"text-align: justify;\">\u201cHanno deliberatamente tagliato fuori l&#8217;acqua dalla cella, e anche quando chiedo di riempire di nuovo la mia bottiglia d&#8217;acqua, me la portano dopo almeno quattro ore.\u201d<\/p>\n<p><a href=\"https:\/\/www.palestinechronicle.com\/khalida-jarrar-released-after-serving-two-years-in-prison\/\">https:\/\/www.palestinechronicle.com\/khalida-jarrar-released-after-serving-two-years-in-prison\/<\/a><\/p>\n<p style=\"text-align: justify;\"><strong>Un crimine di guerra<\/strong><br \/>\nArresti come quello di Jarrar sono spesso\u00a0utilizzati per rimuovere i leader palestinesi dalla scena politica per lunghi periodi. La detenzione amministrativa, che consente la reclusione senza accusa o processo, pu\u00f2 essere rinnovata indefinitamente a discrezione delle autorit\u00e0 israeliane.<\/p>\n<p style=\"text-align: justify;\">Le leggi internazionali si oppongono alla detenzione amministrativa, una pratica che Israele ha ereditato dal Mandato britannico. Nonostante ci\u00f2, Israele continua a impiegarla, violando palesemente il diritto internazionale.<\/p>\n<p style=\"text-align: justify;\">L&#8217;esperto legale Issam Abdeen, che ha lavorato con l&#8217;organizzazione per i diritti umani Al-Haq, ha spiegato al Palestine Chronicle che la detenzione amministrativa costituisce due crimini: un crimine di guerra e un crimine contro l&#8217;umanit\u00e0. Ha sottolineato che i tribunali di occupazione israeliani giustificano questa forma di detenzione con il pretesto della guerra, che \u00e8 una grave violazione del diritto internazionale.<\/p>\n<p style=\"text-align: justify;\">&#8220;Ci sono pi\u00f9 di 30 leggi razziste che prendono di mira i palestinesi attualmente in discussione nella Knesset israeliana&#8221;, ha affermato Abdeen. Una di queste leggi cerca di ampliare la portata della detenzione amministrativa e modificare gli ordini del servizio carcerario, guidata dal ministro estremista di estrema destra della sicurezza nazionale, Itamar Ben Gvir.<\/p>\n<p style=\"text-align: justify;\">&#8220;Purtroppo, le richieste di arresto per i leader israeliani da parte della Corte penale internazionale non includevano ci\u00f2 che sta accadendo nelle prigioni e nei centri di detenzione israeliani, il che \u00e8 scioccante e un chiaro indicatore di doppi standard&#8221;, ha concluso Abdeen.<\/p>\n","protected":false},"excerpt":{"rendered":"<p>https:\/\/www.palestinechronicle.com\/ 17 novembre 2024\u00a0 \u00a0 \u00a0 \u00a0Fayha Shalash \u2013 Ramallah \u00a0Un&#8217;intervista esclusiva con la famiglia mentre l&#8217;avvocato di Khalida Jarrar rivela le mortali condizioni affrontate dall&#8217;iconica leader palestinese in una prigione israeliana. La leader palestinese Khalida Jarrar \u00e8 stata tenuta &hellip; <a href=\"https:\/\/reteitalianaism.it\/reteism\/index.php\/2024\/11\/17\/tenuta-in-una-tomba-khalida-jarrar-rivela-le-mortali-condizioni-di-detenzione\/\">Continue reading <span class=\"meta-nav\">&rarr;<\/span><\/a><\/p>\n","protected":false},"author":2,"featured_media":0,"comment_status":"open","ping_status":"open","sticky":false,"template":"","format":"standard","meta":{"footnotes":""},"categories":[3,67],"tags":[646,92,23],"class_list":["post-21445","post","type-post","status-publish","format-standard","hentry","category-info","category-prigionieri","tag-convenzione-sul-genocidio","tag-diritti-dei-prigionieri","tag-diritti-umani"],"_links":{"self":[{"href":"https:\/\/reteitalianaism.it\/reteism\/index.php\/wp-json\/wp\/v2\/posts\/21445","targetHints":{"allow":["GET"]}}],"collection":[{"href":"https:\/\/reteitalianaism.it\/reteism\/index.php\/wp-json\/wp\/v2\/posts"}],"about":[{"href":"https:\/\/reteitalianaism.it\/reteism\/index.php\/wp-json\/wp\/v2\/types\/post"}],"author":[{"embeddable":true,"href":"https:\/\/reteitalianaism.it\/reteism\/index.php\/wp-json\/wp\/v2\/users\/2"}],"replies":[{"embeddable":true,"href":"https:\/\/reteitalianaism.it\/reteism\/index.php\/wp-json\/wp\/v2\/comments?post=21445"}],"version-history":[{"count":1,"href":"https:\/\/reteitalianaism.it\/reteism\/index.php\/wp-json\/wp\/v2\/posts\/21445\/revisions"}],"predecessor-version":[{"id":21447,"href":"https:\/\/reteitalianaism.it\/reteism\/index.php\/wp-json\/wp\/v2\/posts\/21445\/revisions\/21447"}],"wp:attachment":[{"href":"https:\/\/reteitalianaism.it\/reteism\/index.php\/wp-json\/wp\/v2\/media?parent=21445"}],"wp:term":[{"taxonomy":"category","embeddable":true,"href":"https:\/\/reteitalianaism.it\/reteism\/index.php\/wp-json\/wp\/v2\/categories?post=21445"},{"taxonomy":"post_tag","embeddable":true,"href":"https:\/\/reteitalianaism.it\/reteism\/index.php\/wp-json\/wp\/v2\/tags?post=21445"}],"curies":[{"name":"wp","href":"https:\/\/api.w.org\/{rel}","templated":true}]}}