{"id":21524,"date":"2024-12-02T17:34:14","date_gmt":"2024-12-02T16:34:14","guid":{"rendered":"http:\/\/reteitalianaism.it\/reteism\/?p=21524"},"modified":"2024-12-02T17:34:14","modified_gmt":"2024-12-02T16:34:14","slug":"la-voce-dei-familiari-dei-detenuti-nelle-carceri-israeliane","status":"publish","type":"post","link":"https:\/\/reteitalianaism.it\/reteism\/index.php\/2024\/12\/02\/la-voce-dei-familiari-dei-detenuti-nelle-carceri-israeliane\/","title":{"rendered":"La voce dei familiari dei detenuti nelle carceri israeliane"},"content":{"rendered":"<p><a href=\"https:\/\/palsolidarity.org\/2024\/12\/the-voice-of-family-members-of-detainees-in-israeli-jails\/\">https:\/\/palsolidarity.org\/<\/a><\/p>\n<p style=\"text-align: justify;\"><strong>1 dicembre 2024<\/strong><br \/>\nLuned\u00ec 25 novembre, circa ottanta donne, madri, sorelle e mogli, si sono radunate a Nablus, in Cisgiordania, per manifestare in solidariet\u00e0 con le quasi 100 donne detenute nelle carceri israeliane, insieme a circa 12.000 uomini, per chiedere il loro rilascio e la fine del genocidio in corso a Gaza. I loro familiari sono nelle carceri israeliane da mesi o anni, ma non si hanno pi\u00f9 notizie di loro dal 7 ottobre dell&#8217;anno scorso.<\/p>\n<div id=\"attachment_21525\" style=\"width: 508px\" class=\"wp-caption aligncenter\"><a href=\"http:\/\/reteitalianaism.it\/reteism\/wp-content\/uploads\/2024\/12\/nab-825x510-1.jpg\"><img loading=\"lazy\" decoding=\"async\" aria-describedby=\"caption-attachment-21525\" class=\"wp-image-21525\" src=\"http:\/\/reteitalianaism.it\/reteism\/wp-content\/uploads\/2024\/12\/nab-825x510-1-300x185.jpg\" alt=\"\" width=\"498\" height=\"307\" srcset=\"https:\/\/reteitalianaism.it\/reteism\/wp-content\/uploads\/2024\/12\/nab-825x510-1-300x185.jpg 300w, https:\/\/reteitalianaism.it\/reteism\/wp-content\/uploads\/2024\/12\/nab-825x510-1-768x475.jpg 768w, https:\/\/reteitalianaism.it\/reteism\/wp-content\/uploads\/2024\/12\/nab-825x510-1.jpg 825w\" sizes=\"auto, (max-width: 498px) 100vw, 498px\" \/><\/a><p id=\"caption-attachment-21525\" class=\"wp-caption-text\">Le donne si riuniscono a Nablus per sostenere i prigionieri e contro il genocidio a Gaza.<\/p><\/div>\n<p style=\"text-align: justify;\">&#8220;Vogliamo vivere in un paese libero! Fuori le forze di occupazione! Bruciano Gaza con bombe al fosforo e domani tocca a noi&#8221;, hanno scandito in una delle piazze principali della citt\u00e0 mentre stringevano le foto dei loro cari imprigionati.<\/p>\n<div id=\"attachment_21526\" style=\"width: 508px\" class=\"wp-caption aligncenter\"><a href=\"http:\/\/reteitalianaism.it\/reteism\/wp-content\/uploads\/2024\/12\/DSCF4028-450x600-1.jpg\"><img loading=\"lazy\" decoding=\"async\" aria-describedby=\"caption-attachment-21526\" class=\" wp-image-21526\" src=\"http:\/\/reteitalianaism.it\/reteism\/wp-content\/uploads\/2024\/12\/DSCF4028-450x600-1-225x300.jpg\" alt=\"\" width=\"498\" height=\"664\" srcset=\"https:\/\/reteitalianaism.it\/reteism\/wp-content\/uploads\/2024\/12\/DSCF4028-450x600-1-225x300.jpg 225w, https:\/\/reteitalianaism.it\/reteism\/wp-content\/uploads\/2024\/12\/DSCF4028-450x600-1.jpg 450w\" sizes=\"auto, (max-width: 498px) 100vw, 498px\" \/><\/a><p id=\"caption-attachment-21526\" class=\"wp-caption-text\">Donna che tiene in mano le foto di una persona cara.<\/p><\/div>\n<p style=\"text-align: justify;\">\nE ancora: &#8220;Non ci stancheremo; sono gli occupanti e i criminali. Uccidono i bambini della Palestina, uomini e donne si ribellano a questo&#8221;.<!--more--><\/p>\n<p style=\"text-align: justify;\">&#8220;Mio figlio \u00e8 in prigione da due anni e mezzo&#8221;, dice Hanan, tenendo in mano una foto di un giovane sorridente sulla trentina. Non ha sue notizie da pi\u00f9 di un anno. &#8220;La situazione in prigione \u00e8 molto brutta ora&#8221;, dice. &#8220;Non sappiamo pi\u00f9 nulla perch\u00e9 non abbiamo modo di comunicare con loro in alcun modo. Nessuna istituzione, croce rossa o associazione per i diritti umani, nessun avvocato pu\u00f2 contattarli per dirci come stanno. Siamo molto preoccupati per i nostri figli&#8221;. Aggiunge: &#8220;Spero che la mia voce raggiunga il mondo intero e che qualcuno ci aiuti&#8221;.<\/p>\n<div id=\"attachment_21527\" style=\"width: 509px\" class=\"wp-caption aligncenter\"><a href=\"http:\/\/reteitalianaism.it\/reteism\/wp-content\/uploads\/2024\/12\/Nablus2-600x450-1.jpg\"><img loading=\"lazy\" decoding=\"async\" aria-describedby=\"caption-attachment-21527\" class=\" wp-image-21527\" src=\"http:\/\/reteitalianaism.it\/reteism\/wp-content\/uploads\/2024\/12\/Nablus2-600x450-1-300x225.jpg\" alt=\"\" width=\"499\" height=\"374\" srcset=\"https:\/\/reteitalianaism.it\/reteism\/wp-content\/uploads\/2024\/12\/Nablus2-600x450-1-300x225.jpg 300w, https:\/\/reteitalianaism.it\/reteism\/wp-content\/uploads\/2024\/12\/Nablus2-600x450-1.jpg 600w\" sizes=\"auto, (max-width: 499px) 100vw, 499px\" \/><\/a><p id=\"caption-attachment-21527\" class=\"wp-caption-text\">Le donne si riuniscono a Nablus per sostenere i prigionieri e contro il genocidio a Gaza.<\/p><\/div>\n<p style=\"text-align: justify;\">Ci sono tante, troppe storie. Le loro famiglie sfidano i rischi dell&#8217;arresto e della detenzione per scendere in piazza, a volte settimanalmente, per chiedere il rilascio dei loro cari e chiedere notizie.<\/p>\n<p style=\"text-align: justify;\">&#8220;Mio figlio Samir \u00e8 in prigione da otto mesi in detenzione amministrativa&#8221;, dice un&#8217;altra donna, con una foto del giovane tra le braccia. \u201cOgni volta che finisce il suo periodo di detenzione, glielo rinnovano. L&#8217;amministrazione israeliana nega il permesso all&#8217;avvocato e a chiunque altro di fargli visita. Abbiamo sue notizie solo quando qualcuno viene rilasciato dalla stessa prigione.<\/p>\n<p style=\"text-align: justify;\">\u201cMio figlio \u00e8 malato e non ha cure. Non gli danno medicine. Non mandano nessuno a farsi curare.\u201d<a href=\"http:\/\/reteitalianaism.it\/reteism\/wp-content\/uploads\/2024\/12\/DSCF4073-485x600-1.jpg\"><img loading=\"lazy\" decoding=\"async\" class=\" wp-image-21528 aligncenter\" src=\"http:\/\/reteitalianaism.it\/reteism\/wp-content\/uploads\/2024\/12\/DSCF4073-485x600-1-243x300.jpg\" alt=\"\" width=\"459\" height=\"567\" srcset=\"https:\/\/reteitalianaism.it\/reteism\/wp-content\/uploads\/2024\/12\/DSCF4073-485x600-1-243x300.jpg 243w, https:\/\/reteitalianaism.it\/reteism\/wp-content\/uploads\/2024\/12\/DSCF4073-485x600-1.jpg 485w\" sizes=\"auto, (max-width: 459px) 100vw, 459px\" \/><\/a><\/p>\n<p style=\"text-align: justify;\">Anche a Tulkarem, dove ogni marted\u00ec decine di persone si riuniscono fuori dalla sede della Croce Rossa Internazionale nella speranza che le loro voci vengano ascoltate fuori dal paese. Una banda di ragazzi con tamburi e strumenti musicali scandisce il ritmo dei canti, mentre familiari e rappresentanti delle associazioni locali per i diritti umani passano il microfono. \u201cCon anima e sangue, difenderemo i nostri prigionieri! Alzate la voce per coloro che hanno sacrificato la loro libert\u00e0,\u201d gridano insieme.<\/p>\n<p style=\"text-align: justify;\">\u201cLe condizioni nelle prigioni dal 7 ottobre sono completamente diverse. Il numero dei prigionieri \u00e8 pi\u00f9 che raddoppiato,\u201d afferma Ibrahim Nemer, uno dei rappresentanti del Palestinian Prisoners Club di Tulkarem. &#8220;Ci sono pi\u00f9 di 12.000 prigionieri politici in prigione ora&#8221;.<\/p>\n<div id=\"attachment_21529\" style=\"width: 506px\" class=\"wp-caption aligncenter\"><a href=\"http:\/\/reteitalianaism.it\/reteism\/wp-content\/uploads\/2024\/12\/tulkarem-600x450-1.jpg\"><img loading=\"lazy\" decoding=\"async\" aria-describedby=\"caption-attachment-21529\" class=\" wp-image-21529\" src=\"http:\/\/reteitalianaism.it\/reteism\/wp-content\/uploads\/2024\/12\/tulkarem-600x450-1-300x225.jpg\" alt=\"\" width=\"496\" height=\"372\" srcset=\"https:\/\/reteitalianaism.it\/reteism\/wp-content\/uploads\/2024\/12\/tulkarem-600x450-1-300x225.jpg 300w, https:\/\/reteitalianaism.it\/reteism\/wp-content\/uploads\/2024\/12\/tulkarem-600x450-1.jpg 600w\" sizes=\"auto, (max-width: 496px) 100vw, 496px\" \/><\/a><p id=\"caption-attachment-21529\" class=\"wp-caption-text\">Persone che si riuniscono a Tulkarem per sostenere i prigionieri detenuti nelle carceri israeliane.<\/p><\/div>\n<p style=\"text-align: justify;\">\nSecondo Addameer, la principale organizzazione palestinese per i diritti umani sui diritti dei prigionieri, prima del 7 ottobre c&#8217;erano 5.000 prigionieri politici. Anche il numero di detenzioni amministrative \u00e8 aumentato enormemente. Ci sono quasi 3.400 persone in detenzione amministrativa, mentre prima erano 1.200.<\/p>\n<p style=\"text-align: justify;\">La detenzione amministrativa significa che un sospettato viene arrestato e trattenuto in prigione potenzialmente a tempo indeterminato, senza che gli vengano spiegate le ragioni dell&#8217;arresto e senza che le autorit\u00e0 israeliane siano tenute a presentare prove contro di lui. Quindi, senza possibilit\u00e0 di difesa.<\/p>\n<p style=\"text-align: justify;\">&#8220;Non ci sono pi\u00f9 condizioni di vita umane nelle prigioni. Tutto ci\u00f2 che il movimento dei prigionieri aveva conquistato \u00e8 stato portato via&#8221;, continua Ibrahim. &#8220;TV, libri e non ci sono pi\u00f9 visite per i parenti. Non danno abbastanza cibo o acqua&#8230; La maggior parte dei prigionieri ha perso decine di chili&#8221;.<\/p>\n<p style=\"text-align: justify;\">I prigionieri sono costretti a tenere gli stessi vestiti per settimane e, nonostante il freddo, non ricevono le coperte necessarie. Non vengono forniti nemmeno shampoo e sapone.<\/p>\n<p style=\"text-align: justify;\">&#8220;\u00c8 una tortura. Non c&#8217;\u00e8 altro modo per descriverla&#8221;.<\/p>\n<p style=\"text-align: justify;\">Ibrahim descrive le condizioni orribili nelle carceri israeliane nell&#8217;ultimo anno. &#8220;La maggior parte dei prigionieri ha la scabbia. Prima uscivano due ore al giorno, ora non sono consentite ore esterne nella maggior parte delle prigioni. Ovviamente, questo \u00e8 contrario ai diritti umani&#8221;.<a href=\"http:\/\/reteitalianaism.it\/reteism\/wp-content\/uploads\/2024\/12\/tulkarem4-600x450-1.jpg\"><img loading=\"lazy\" decoding=\"async\" class=\" wp-image-21530 aligncenter\" src=\"http:\/\/reteitalianaism.it\/reteism\/wp-content\/uploads\/2024\/12\/tulkarem4-600x450-1-300x225.jpg\" alt=\"\" width=\"484\" height=\"363\" srcset=\"https:\/\/reteitalianaism.it\/reteism\/wp-content\/uploads\/2024\/12\/tulkarem4-600x450-1-300x225.jpg 300w, https:\/\/reteitalianaism.it\/reteism\/wp-content\/uploads\/2024\/12\/tulkarem4-600x450-1.jpg 600w\" sizes=\"auto, (max-width: 484px) 100vw, 484px\" \/><\/a><\/p>\n<p style=\"text-align: justify;\">Un ulteriore problema \u00e8 il loro status legale. La Cisgiordania \u00e8 occupata dall&#8217;esercito israeliano dal 1967. Ci\u00f2 renderebbe i suoi detenuti prigionieri di guerra o prigionieri politici. &#8220;Invece, Israele non riconosce questo status, ma li considera prigionieri comuni, delinquenti. Se li considerasse prigionieri politici o prigionieri di guerra, dovrebbe trattarli in modo diverso in conformit\u00e0 con il diritto internazionale&#8221;, spiega Ibrahim.<\/p>\n<div id=\"attachment_21531\" style=\"width: 506px\" class=\"wp-caption aligncenter\"><a href=\"http:\/\/reteitalianaism.it\/reteism\/wp-content\/uploads\/2024\/12\/tulkarem2-600x450-1.jpg\"><img loading=\"lazy\" decoding=\"async\" aria-describedby=\"caption-attachment-21531\" class=\" wp-image-21531\" src=\"http:\/\/reteitalianaism.it\/reteism\/wp-content\/uploads\/2024\/12\/tulkarem2-600x450-1-300x225.jpg\" alt=\"\" width=\"496\" height=\"372\" srcset=\"https:\/\/reteitalianaism.it\/reteism\/wp-content\/uploads\/2024\/12\/tulkarem2-600x450-1-300x225.jpg 300w, https:\/\/reteitalianaism.it\/reteism\/wp-content\/uploads\/2024\/12\/tulkarem2-600x450-1.jpg 600w\" sizes=\"auto, (max-width: 496px) 100vw, 496px\" \/><\/a><p id=\"caption-attachment-21531\" class=\"wp-caption-text\">Tulkarem.<\/p><\/div>\n<p style=\"text-align: justify;\">\n&#8220;I militari invadono sempre con i cani le celle in cui sono detenuti, picchiandoli. Molti prigionieri sono stati uccisi in prigione, il numero \u00e8 aumentato molto dal 7 ottobre, molti sono morti a causa della tortura e dell&#8217;assenza di cure mediche. Le condizioni non sono favorevoli alla vita&#8230; cos\u00ec i prigionieri pensano solo a come sopravvivere&#8230;&#8221;<\/p>\n<p style=\"text-align: justify;\">Secondo la Palestinian Prisoner&#8217;s Society, almeno quaranta prigionieri sono morti sotto la custodia israeliana dal 7 ottobre. Ma potrebbero essere molti di pi\u00f9. Almeno 25 corpi non sono ancora stati restituiti alle loro famiglie.<\/p>\n<p style=\"text-align: justify;\">&#8220;Siamo tornati al sistema carcerario di centinaia di anni fa. Sappiamo che molte persone a livello internazionale sono con noi, ma non \u00e8 abbastanza. Perch\u00e9 tutti i governi stanno sostenendo Israele con armi, denaro e persino soldati. Dobbiamo fare pi\u00f9 pressione sui governi affinch\u00e9 fermino gli aiuti e il sostegno a Israele e liberino tutti i prigionieri politici che sono detenuti&#8221;, continua Ibrahim.<\/p>\n<p style=\"text-align: justify;\">Ha due figli in prigione e un fratello. Un figlio con una condanna a un anno; uno con una condanna a tre anni. E il fratello con una condanna a 21 anni di carcere.<\/p>\n<p style=\"text-align: justify;\">&#8220;Siamo come tutti, yani, come tutte le famiglie palestinesi&#8230; ma le difficili condizioni in cui versano i prigionieri fanno s\u00ec che le famiglie si preoccupino per la vita stessa dei loro cari in prigione. Il problema non \u00e8 solo che sono detenuti e il tempo che devono aspettare per essere rilasciati, ma oggi ogni giorno temiamo per le loro vite&#8221;.<\/p>\n<div id=\"attachment_21532\" style=\"width: 468px\" class=\"wp-caption aligncenter\"><a href=\"http:\/\/reteitalianaism.it\/reteism\/wp-content\/uploads\/2024\/12\/corpi-non-restituiti-in-carcere-450x600-1.jpg\"><img loading=\"lazy\" decoding=\"async\" aria-describedby=\"caption-attachment-21532\" class=\" wp-image-21532\" src=\"http:\/\/reteitalianaism.it\/reteism\/wp-content\/uploads\/2024\/12\/corpi-non-restituiti-in-carcere-450x600-1-225x300.jpg\" alt=\"\" width=\"458\" height=\"611\" srcset=\"https:\/\/reteitalianaism.it\/reteism\/wp-content\/uploads\/2024\/12\/corpi-non-restituiti-in-carcere-450x600-1-225x300.jpg 225w, https:\/\/reteitalianaism.it\/reteism\/wp-content\/uploads\/2024\/12\/corpi-non-restituiti-in-carcere-450x600-1.jpg 450w\" sizes=\"auto, (max-width: 458px) 100vw, 458px\" \/><\/a><p id=\"caption-attachment-21532\" class=\"wp-caption-text\">Corpi dei martiri morti mentre erano nelle prigioni israeliane ancora detenuti dall&#8217;occupazione.<\/p><\/div>\n","protected":false},"excerpt":{"rendered":"<p>https:\/\/palsolidarity.org\/ 1 dicembre 2024 Luned\u00ec 25 novembre, circa ottanta donne, madri, sorelle e mogli, si sono radunate a Nablus, in Cisgiordania, per manifestare in solidariet\u00e0 con le quasi 100 donne detenute nelle carceri israeliane, insieme a circa 12.000 uomini, per &hellip; <a href=\"https:\/\/reteitalianaism.it\/reteism\/index.php\/2024\/12\/02\/la-voce-dei-familiari-dei-detenuti-nelle-carceri-israeliane\/\">Continue reading <span class=\"meta-nav\">&rarr;<\/span><\/a><\/p>\n","protected":false},"author":2,"featured_media":0,"comment_status":"open","ping_status":"open","sticky":false,"template":"","format":"standard","meta":{"footnotes":""},"categories":[3,67],"tags":[70,22,104,66],"class_list":["post-21524","post","type-post","status-publish","format-standard","hentry","category-info","category-prigionieri","tag-detenzione-amministrativa","tag-diritti-prigionieri","tag-ramallah","tag-tulkarem"],"_links":{"self":[{"href":"https:\/\/reteitalianaism.it\/reteism\/index.php\/wp-json\/wp\/v2\/posts\/21524","targetHints":{"allow":["GET"]}}],"collection":[{"href":"https:\/\/reteitalianaism.it\/reteism\/index.php\/wp-json\/wp\/v2\/posts"}],"about":[{"href":"https:\/\/reteitalianaism.it\/reteism\/index.php\/wp-json\/wp\/v2\/types\/post"}],"author":[{"embeddable":true,"href":"https:\/\/reteitalianaism.it\/reteism\/index.php\/wp-json\/wp\/v2\/users\/2"}],"replies":[{"embeddable":true,"href":"https:\/\/reteitalianaism.it\/reteism\/index.php\/wp-json\/wp\/v2\/comments?post=21524"}],"version-history":[{"count":1,"href":"https:\/\/reteitalianaism.it\/reteism\/index.php\/wp-json\/wp\/v2\/posts\/21524\/revisions"}],"predecessor-version":[{"id":21533,"href":"https:\/\/reteitalianaism.it\/reteism\/index.php\/wp-json\/wp\/v2\/posts\/21524\/revisions\/21533"}],"wp:attachment":[{"href":"https:\/\/reteitalianaism.it\/reteism\/index.php\/wp-json\/wp\/v2\/media?parent=21524"}],"wp:term":[{"taxonomy":"category","embeddable":true,"href":"https:\/\/reteitalianaism.it\/reteism\/index.php\/wp-json\/wp\/v2\/categories?post=21524"},{"taxonomy":"post_tag","embeddable":true,"href":"https:\/\/reteitalianaism.it\/reteism\/index.php\/wp-json\/wp\/v2\/tags?post=21524"}],"curies":[{"name":"wp","href":"https:\/\/api.w.org\/{rel}","templated":true}]}}