{"id":21774,"date":"2025-01-21T20:23:20","date_gmt":"2025-01-21T19:23:20","guid":{"rendered":"http:\/\/reteitalianaism.it\/reteism\/?p=21774"},"modified":"2025-01-21T20:25:27","modified_gmt":"2025-01-21T19:25:27","slug":"il-premier-del-qatar-spera-che-lautorita-palestinese-tornera-a-gaza-quando-la-guerra-finira","status":"publish","type":"post","link":"https:\/\/reteitalianaism.it\/reteism\/index.php\/2025\/01\/21\/il-premier-del-qatar-spera-che-lautorita-palestinese-tornera-a-gaza-quando-la-guerra-finira\/","title":{"rendered":"Il premier del Qatar spera che l&#8217;Autorit\u00e0 palestinese torner\u00e0 a Gaza quando la guerra finir\u00e0"},"content":{"rendered":"<p>21 gennaio 2025<\/p>\n<p><a href=\"https:\/\/www.middleeastmonitor.com\/20250121-qatar-pm-hopes-palestinian-authority-will-return-to-gaza-when-war-ends\/\">https:\/\/www.middleeastmonitor.com\/20250121-qatar-pm-hopes-palestinian-authority-will-return-to-gaza-when-war-ends<\/a><\/p>\n<p><a href=\"https:\/\/www.middleeastmonitor.com\/20250121-qatar-pm-hopes-palestinian-authority-will-return-to-gaza-when-war-ends\/\"><img loading=\"lazy\" decoding=\"async\" class=\"\" src=\"https:\/\/i0.wp.com\/www.middleeastmonitor.com\/wp-content\/uploads\/2024\/01\/GettyImages-1929081126-scaled-e1705413712105.jpg?fit=1200%2C800&amp;ssl=1\" sizes=\"auto, \" srcset=\"\" alt=\"Mohammed bin Abdulrahman bin Jassim Al-Thani, Qatar's prime minister, during a conversation panel on the opening day of the World Economic Forum (WEF) in Davos, Switzerland, on Tuesday, January 16, 2024 [Stefan Wermuth\/Bloomberg via Getty Images]\" width=\"495\" height=\"330\" data-src=\"https:\/\/i0.wp.com\/www.middleeastmonitor.com\/wp-content\/uploads\/2024\/01\/GettyImages-1929081126-scaled-e1705413712105.jpg?fit=1200%2C800&amp;ssl=1\" data-srcset=\"\" data-sizes=\"\" data-style=\"\" data-l=\"\" \/><\/a><\/p>\n<p>Il primo ministro del Qatar ha detto a Davos, marted\u00ec, che spera che l&#8217;Autorit\u00e0 palestinese torner\u00e0 a svolgere un ruolo di governo a Gaza una volta che la guerra con Israele giunger\u00e0 alla fine, riporta Reuters.<br \/>\nParlando alla riunione annuale del World Economic Forum in Svizzera, due giorni dopo il cessate il fuoco che il Qatar ha aiutato a mediare \u00e8 entrato in vigore a Gaza, Lo sceicco Mohammed bin Abdulrahman Al Thani ha avvertito che i cittadini di Gaza &#8211; e non qualsiasi altro paese &#8211; dovrebbero dettare il modo in cui l&#8217;enclave sar\u00e0 governata.<br \/>\n&#8220;Speriamo di vedere l&#8217;AP tornare a Gaza. Speriamo di vedere un governo che si occupi veramente dei problemi della gente laggi\u00f9. E c&#8217;\u00e8 una lunga strada da percorrere con Gaza e la distruzione&#8221;, ha detto.<\/p>\n<p><!--more--><br \/>\nCome sar\u00e0 governata Gaza dopo la guerra non \u00e8 stato direttamente affrontato nell&#8217;accordo tra Israele e il gruppo di Hamas che ha portato a un cessate il fuoco immediato e rilasci degli ostaggi dopo quasi 15 mesi di colloqui mediati da Qatar, Egitto e Stati Uniti.<br \/>\nIsraele ha rifiutato qualsiasi ruolo governativo per Hamas, che gestiva Gaza prima della guerra, ma si \u00e8 opposto quasi in egual misura al governo da parte dell&#8217;Autorit\u00e0 palestinese, l&#8217;organismo istituito tre decenni fa dagli accordi di pace intermedi di Oslo che ha limitato il potere governativo in Cisgiordania.<br \/>\nL&#8217;Ap, dominata dalla fazione di Fatah creata dall&#8217;ex leader palestinese Yasser Arafat, si trova ad affrontare l&#8217;opposizione della fazione rivale, Hamas, che ha cacciato l&#8217;Ap da Gaza nel 2007 dopo una breve guerra civile.<\/p>\n","protected":false},"excerpt":{"rendered":"<p>21 gennaio 2025 https:\/\/www.middleeastmonitor.com\/20250121-qatar-pm-hopes-palestinian-authority-will-return-to-gaza-when-war-ends Il primo ministro del Qatar ha detto a Davos, marted\u00ec, che spera che l&#8217;Autorit\u00e0 palestinese torner\u00e0 a svolgere un ruolo di governo a Gaza una volta che la guerra con Israele giunger\u00e0 alla fine, riporta Reuters. &hellip; <a href=\"https:\/\/reteitalianaism.it\/reteism\/index.php\/2025\/01\/21\/il-premier-del-qatar-spera-che-lautorita-palestinese-tornera-a-gaza-quando-la-guerra-finira\/\">Continue reading <span class=\"meta-nav\">&rarr;<\/span><\/a><\/p>\n","protected":false},"author":8,"featured_media":0,"comment_status":"open","ping_status":"open","sticky":false,"template":"","format":"standard","meta":{"footnotes":""},"categories":[2,3],"tags":[553,963,25,476,964,814],"class_list":["post-21774","post","type-post","status-publish","format-standard","hentry","category-gaza-2","category-info","tag-cessate-il-fuoco","tag-fatah","tag-gaza","tag-hamas","tag-mohammed-bin-abdulrahman-al-thani","tag-qatar"],"_links":{"self":[{"href":"https:\/\/reteitalianaism.it\/reteism\/index.php\/wp-json\/wp\/v2\/posts\/21774","targetHints":{"allow":["GET"]}}],"collection":[{"href":"https:\/\/reteitalianaism.it\/reteism\/index.php\/wp-json\/wp\/v2\/posts"}],"about":[{"href":"https:\/\/reteitalianaism.it\/reteism\/index.php\/wp-json\/wp\/v2\/types\/post"}],"author":[{"embeddable":true,"href":"https:\/\/reteitalianaism.it\/reteism\/index.php\/wp-json\/wp\/v2\/users\/8"}],"replies":[{"embeddable":true,"href":"https:\/\/reteitalianaism.it\/reteism\/index.php\/wp-json\/wp\/v2\/comments?post=21774"}],"version-history":[{"count":2,"href":"https:\/\/reteitalianaism.it\/reteism\/index.php\/wp-json\/wp\/v2\/posts\/21774\/revisions"}],"predecessor-version":[{"id":21776,"href":"https:\/\/reteitalianaism.it\/reteism\/index.php\/wp-json\/wp\/v2\/posts\/21774\/revisions\/21776"}],"wp:attachment":[{"href":"https:\/\/reteitalianaism.it\/reteism\/index.php\/wp-json\/wp\/v2\/media?parent=21774"}],"wp:term":[{"taxonomy":"category","embeddable":true,"href":"https:\/\/reteitalianaism.it\/reteism\/index.php\/wp-json\/wp\/v2\/categories?post=21774"},{"taxonomy":"post_tag","embeddable":true,"href":"https:\/\/reteitalianaism.it\/reteism\/index.php\/wp-json\/wp\/v2\/tags?post=21774"}],"curies":[{"name":"wp","href":"https:\/\/api.w.org\/{rel}","templated":true}]}}